{"id":144,"date":"2020-07-14T18:12:00","date_gmt":"2020-07-14T18:12:00","guid":{"rendered":"https:\/\/www.jesusvico.com\/blog\/?p=144"},"modified":"2022-10-05T13:17:26","modified_gmt":"2022-10-05T13:17:26","slug":"la-basilica-ulpia-y-el-foro-de-trajano","status":"publish","type":"post","link":"https:\/\/www.jesusvico.com\/blog\/la-basilica-ulpia-y-el-foro-de-trajano\/","title":{"rendered":"La bas\u00edlica Ulpia y el foro de Trajano"},"content":{"rendered":"\n[et_pb_section fb_built=\u00bb1&#8243; _builder_version=\u00bb4.14.8&#8243; custom_margin=\u00bb||||false|false\u00bb custom_padding=\u00bb1px||||false|false\u00bb global_colors_info=\u00bb{}\u00bb][et_pb_row _builder_version=\u00bb3.25&#8243; background_size=\u00bbinitial\u00bb background_position=\u00bbtop_left\u00bb background_repeat=\u00bbrepeat\u00bb global_colors_info=\u00bb{}\u00bb][et_pb_column type=\u00bb4_4&#8243; _builder_version=\u00bb3.25&#8243; custom_padding=\u00bb|||\u00bb global_colors_info=\u00bb{}\u00bb custom_padding__hover=\u00bb|||\u00bb][et_pb_image src=\u00bbhttps:\/\/www.jesusvico.com\/blog\/wp-content\/uploads\/2022\/03\/95a-min.jpeg\u00bb alt=\u00bbcomprar monedas en madrid\u00bb title_text=\u00bbvender monedas antiguas oro\u00bb align=\u00bbcenter\u00bb _builder_version=\u00bb4.14.8&#8243; _module_preset=\u00bbdefault\u00bb height=\u00bb300px\u00bb global_colors_info=\u00bb{}\u00bb][\/et_pb_image][et_pb_text _builder_version=\u00bb4.14.8&#8243; header_3_font=\u00bbOpen Sans||||||||\u00bb header_3_font_size=\u00bb17px\u00bb header_3_line_height=\u00bb1.7em\u00bb background_size=\u00bbinitial\u00bb background_position=\u00bbtop_left\u00bb background_repeat=\u00bbrepeat\u00bb hover_enabled=\u00bb0&#8243; global_colors_info=\u00bb{}\u00bb sticky_enabled=\u00bb0&#8243;]<p><!-- divi:heading {\"level\":3} --><\/p>\n<h3 style=\"text-align: justify;\">Tras su triunfo contra los dacios en el 107 d.C., el emperador Trajano emprendi\u00f3 la construcci\u00f3n del m\u00e1s grandioso de los foros imperiales, un ambicioso proyecto que sirviera para conmemorar la<span>\u00a0<\/span><i>Pax Romana<\/i>. En poco m\u00e1s de un lustro, bajo la direcci\u00f3n del arquitecto Apolodoro de Damasco, se cortaron y nivelaron parte de las estribaciones del Quirinal y del Capitolio y se erigieron los diferentes edificios que lo componen, inaugur\u00e1ndose entre el 112 y el 113 d.C.<\/h3>\n<h3 style=\"text-align: justify;\">La estructura del complejo segu\u00eda un patr\u00f3n cl\u00e1sico inspirado en los llamados<span>\u00a0<\/span><i>principia<\/i>, las plazas centrales de los campamentos militares -sin duda un gui\u00f1o al prestigio militar del emperador-, con un arco que daba acceso a una gran plaza central porticada, en cuyo fondo se elevaba la bas\u00edlica. Aunque el elemento m\u00e1s conocido, y el \u00fanico que permanece en pie, es la famosa Columna Trajana, que conmemora la victoria sobre los tracios.<\/h3>\n<h3 style=\"text-align: justify;\">La bas\u00edlica Ulpia, as\u00ed llamada por la familia del emperador, fue la m\u00e1s grande construida en Roma, con 170 metros de largo y 60 de ancho. Su interior estaba estructurado en cinco naves, divididas por columnas, que son de los pocos restos que pueden admirarse in situ hoy en d\u00eda. Sin embargo, podemos conocer algunos detalles m\u00e1s de su exterior gracias a las monedas. El \u00e1ureo que sale ahora a subasta (I-9, lote n\u00ba 95, RIC-247) nos muestra la fachada principal, que se estructuraba en tres partes. El piso m\u00e1s alto estaba cubierto por un friso en altorrelieve, que posiblemente se extender\u00eda por los otros tres lados del edificio y que se reaprovech\u00f3 posteriormente, dividido en cuatro partes, como decoraci\u00f3n del \u00e1tico del arco de Constantino (312-316). Su centro estaba decorado con una cuadriga triunfal, con toda seguridad en referencia al triunfo del propio Trajano, flanqueada por jinetes y trofeos militares. Adem\u00e1s, figuraban con sus nombres las insignias de las legiones que hab\u00edan participado en las guerras dacias. Delante de las tres puertas se erig\u00edan tres estatuas del emperador, un detalle que no ha quedado plasmado en la moneda.<\/h3>\n<p style=\"text-align: justify;\"><!-- \/divi:group --><\/p>[\/et_pb_text][\/et_pb_column][\/et_pb_row][et_pb_row column_structure=\u00bb3_5,2_5&#8243; _builder_version=\u00bb4.14.8&#8243; _module_preset=\u00bbdefault\u00bb global_colors_info=\u00bb{}\u00bb][et_pb_column type=\u00bb3_5&#8243; _builder_version=\u00bb4.14.8&#8243; _module_preset=\u00bbdefault\u00bb global_colors_info=\u00bb{}\u00bb][et_pb_text _builder_version=\u00bb4.14.8&#8243; header_3_font=\u00bbOpen Sans||||||||\u00bb header_3_font_size=\u00bb17px\u00bb header_3_line_height=\u00bb1.7em\u00bb background_size=\u00bbinitial\u00bb background_position=\u00bbtop_left\u00bb background_repeat=\u00bbrepeat\u00bb custom_margin=\u00bb0px||||false|false\u00bb custom_padding=\u00bb0px||||false|false\u00bb hover_enabled=\u00bb0&#8243; global_colors_info=\u00bb{}\u00bb sticky_enabled=\u00bb0&#8243;]<p><!-- divi:heading {\"level\":3} --><\/p>\n<h3 style=\"text-align: justify;\">No es este el \u00fanico monumento del foro de Trajano del que ha quedado constancia en las monedas. En otro \u00e1ureo de la misma \u00e9poca (112-114 d.C.: RIC 256; imagen: Jes\u00fas Vico subasta 155, lote n\u00ba 315), ha quedado plasmada para la posteridad la grandiosa entrada al complejo, con un arco dividido en cinco secciones enmarcadas por columnas. En la representaci\u00f3n monetaria se distinguen el vano central, flanqueado por nichos decorados con estatuas posiblemente de prisioneros dacios y sobre ellos escudos (<i>imagines clipeatae<\/i>) en los que probablemente figurar\u00edan retratos de los generales imperiales.<strong><\/strong><\/h3>\n<p style=\"text-align: justify;\"><!-- \/divi:group --><\/p>[\/et_pb_text][\/et_pb_column][et_pb_column type=\u00bb2_5&#8243; _builder_version=\u00bb4.14.8&#8243; _module_preset=\u00bbdefault\u00bb global_colors_info=\u00bb{}\u00bb][et_pb_image src=\u00bbhttps:\/\/www.jesusvico.com\/blog\/wp-content\/uploads\/2022\/03\/descarga-6-min.jpeg\u00bb alt=\u00bbcomprar yy vender monedas antiguas y de oro\u00bb title_text=\u00bbcompra venta monedas antiguas de plata y de oro\u00bb align=\u00bbcenter\u00bb _builder_version=\u00bb4.14.8&#8243; _module_preset=\u00bbdefault\u00bb height=\u00bb200px\u00bb global_colors_info=\u00bb{}\u00bb][\/et_pb_image][\/et_pb_column][\/et_pb_row][et_pb_row column_structure=\u00bb2_5,3_5&#8243; _builder_version=\u00bb4.14.8&#8243; _module_preset=\u00bbdefault\u00bb global_colors_info=\u00bb{}\u00bb][et_pb_column type=\u00bb2_5&#8243; _builder_version=\u00bb4.14.8&#8243; _module_preset=\u00bbdefault\u00bb global_colors_info=\u00bb{}\u00bb][et_pb_image src=\u00bbhttps:\/\/www.jesusvico.com\/blog\/wp-content\/uploads\/2022\/03\/descarga-7-min.jpeg\u00bb alt=\u00bbmonedas oro acu\u00f1adas\u00bb title_text=\u00bbmonedas especiales antiguas\u00bb _builder_version=\u00bb4.14.8&#8243; _module_preset=\u00bbdefault\u00bb height=\u00bb200px\u00bb global_colors_info=\u00bb{}\u00bb][\/et_pb_image][\/et_pb_column][et_pb_column type=\u00bb3_5&#8243; _builder_version=\u00bb4.14.8&#8243; _module_preset=\u00bbdefault\u00bb global_colors_info=\u00bb{}\u00bb][et_pb_text _builder_version=\u00bb4.14.8&#8243; header_3_font=\u00bbOpen Sans||||||||\u00bb header_3_font_size=\u00bb17px\u00bb header_3_line_height=\u00bb1.7em\u00bb background_size=\u00bbinitial\u00bb background_position=\u00bbtop_left\u00bb background_repeat=\u00bbrepeat\u00bb custom_margin=\u00bb0px||||false|false\u00bb custom_padding=\u00bb0px||||false|false\u00bb hover_enabled=\u00bb0&#8243; global_colors_info=\u00bb{}\u00bb sticky_enabled=\u00bb0&#8243;]<p><!-- divi:heading {\"level\":3} --><\/p>\n<h3 style=\"text-align: justify;\">Como remate, la parte superior estaba adornada por una escultura del emperador conduciendo un carro de seis caballos, flanqueado por trofeos y victorias.<\/h3>\n<h3 style=\"text-align: justify;\">Y, por supuesto, la famosa columna de Trajano (imagen Jes\u00fas Vico, subasta 153, lote n\u00ba 3148; RIC-292), de la que ha quedado constancia en varias acu\u00f1aciones de \u00e1ureos, denarios y sestercios. En este caso, sin embargo, son representaciones en las que no figura el nombre del monumento y no permiten percibir los detalles que s\u00ed se aprecian en las monedas dedicadas al foro y a la bas\u00edlica, lo que las ha convertido en la principal fuente para conocer la apariencia que tuvieron ambas construcciones en el momento de su construcci\u00f3n.<\/h3>\n<h3 style=\"text-align: justify;\"><strong>Autor: Isabel Rodr\u00edguez Casanova<\/strong><\/h3>\n<p style=\"text-align: justify;\"><!-- \/divi:group --><\/p>[\/et_pb_text][\/et_pb_column][\/et_pb_row][et_pb_row _builder_version=\u00bb4.14.8&#8243; _module_preset=\u00bbdefault\u00bb custom_margin=\u00bb35px||||false|false\u00bb global_module=\u00bb199&#8243; global_colors_info=\u00bb{}\u00bb][et_pb_column type=\u00bb4_4&#8243; _builder_version=\u00bb4.14.8&#8243; _module_preset=\u00bbdefault\u00bb global_colors_info=\u00bb{}\u00bb][et_pb_blog fullwidth=\u00bboff\u00bb posts_number=\u00bb300&#8243; _builder_version=\u00bb4.14.8&#8243; _module_preset=\u00bbdefault\u00bb global_colors_info=\u00bb{}\u00bb][\/et_pb_blog][\/et_pb_column][\/et_pb_row][\/et_pb_section]\n","protected":false},"excerpt":{"rendered":"<p>Tras su triunfo contra los dacios en el 107 d.C., el emperador Trajano emprendi\u00f3 la construcci\u00f3n del m\u00e1s grandioso de los foros imperiales, un ambicioso proyecto que sirviera para conmemorar la\u00a0Pax Romana. En poco m\u00e1s de un lustro, bajo la direcci\u00f3n del arquitecto Apolodoro de Damasco, se cortaron y nivelaron parte de las estribaciones del [&hellip;]<\/p>\n","protected":false},"author":3,"featured_media":145,"comment_status":"closed","ping_status":"closed","sticky":false,"template":"","format":"standard","meta":{"_et_pb_use_builder":"on","_et_pb_old_content":"<!-- wp:heading {\"level\":3} -->\n<h3>Dear Customer,<\/h3>\n<!-- \/wp:heading -->\n\n<!-- wp:heading {\"level\":3} -->\n<h3>&nbsp;&nbsp;&nbsp;&nbsp;Above all, we wish that both you and those around you are in good health in the face of this health crisis that, fortunately, it seems we are overcoming.<\/h3>\n<!-- \/wp:heading -->\n\n<!-- wp:heading {\"level\":3} -->\n<h3>&nbsp;&nbsp;&nbsp;&nbsp;We wanted to dedicate this first entry of our new blog to introduce you to the news that we have been working on for a long time and that during these last and complicated months of confinement, we have decided to carry out in the company.<\/h3>\n<!-- \/wp:heading -->\n\n<!-- wp:heading {\"level\":3} -->\n<h3>\u00a0\u00a0\u00a0\u00a0In the first place, we have to make public the incorporation of Segarra Numism\u00e1tica to the Jes\u00fas Vico group.\u00a0This well-known firm has more than 50 years of experience in the sector.\u00a0Fernando Segarra is a member of IAPN (\u00a0<em>International Association of Professional Numismatists\u00a0<\/em>) and founding member of AENP (\u00a0<em>Spanish Association of Professional Numismatists\u00a0<\/em>).\u00a0With his entry, we wanted to carry out an expansion strategy, expanding the solidity and coverage of the company.\u00a0\u00a0<\/h3>\n<!-- \/wp:heading -->\n\n<!-- wp:image {\"align\":\"center\",\"id\":68,\"width\":768,\"height\":510,\"sizeSlug\":\"large\",\"linkDestination\":\"none\"} -->\n<div class=\"wp-block-image\"><figure class=\"aligncenter size-large is-resized\"><img src=\"https:\/\/www.jesusvico.com\/blog\/wp-content\/uploads\/2022\/02\/iapn-congress-min-1024x680.jpeg\" alt=\"\" class=\"wp-image-68\" width=\"768\" height=\"510\"\/><figcaption><em>\u00a0\u00a0\u00a0\u00a0\u00a0\u00a0\u00a0\u00a0\u00a0\u00a0\u00a0\u00a0\u00a0\u00a0\u00a0\u00a0\u00a0\u00a0\u00a0\u00a0\u00a0\u00a0\u00a0\u00a0\u00a0\u00a0\u00a0\u00a0\u00a0\u00a0\u00a0\u00a0\u00a0\u00a0\u00a0\u00a0\u00a0\u00a0\u00a0\u00a0\u00a0\u00a0\u00a0\u00a0\u00a0\u00a0\u00a0\u00a0\u00a0\u00a0\u00a0\u00a0\u00a0\u00a0\u00a0\u00a0IAPN Congress (Jerez de la Frontera 2012)<\/em><br><\/figcaption><\/figure><\/div>\n<!-- \/wp:image -->\n\n<!-- wp:heading {\"level\":3} -->\n<h3>On the other hand, we have had the necessary time to finish formalizing and structuring two new services that, although we had been carrying out them in recent years, we had not offered them openly.<\/h3>\n<!-- \/wp:heading -->\n\n<!-- wp:heading {\"level\":3} -->\n<h3>\u00a0\u00a0\u00a0\u00a0The first of these is the laboratory.\u00a0This house has always tried to rely on existing scientific studies in order to clarify the authenticity of a specific piece or accurately determine its state of conservation when required.\u00a0We were pioneers in signing a collaboration agreement with the Autonomous University of Madrid more than a decade ago and we wanted to consolidate this commitment by opening a new line of collaboration with the international laboratory SGS Tecnos, which has a department specialized in Historical Heritage.<\/h3>\n<!-- \/wp:heading -->\n\n<!-- wp:image {\"align\":\"center\",\"id\":71,\"width\":768,\"height\":432,\"sizeSlug\":\"large\",\"linkDestination\":\"none\"} -->\n<div class=\"wp-block-image\"><figure class=\"aligncenter size-large is-resized\"><img src=\"https:\/\/www.jesusvico.com\/blog\/wp-content\/uploads\/2022\/02\/numismatica-madrid-min-1024x576.jpg\" alt=\"\" class=\"wp-image-71\" width=\"768\" height=\"432\"\/><\/figure><\/div>\n<!-- \/wp:image -->\n\n<!-- wp:heading {\"level\":3} -->\n<h3>Along these same lines, we collaborate closely with European laboratories specializing in thermoluminescence and C14 studies, as well as with NGC for coin encapsulation.<\/h3>\n<!-- \/wp:heading -->\n\n<!-- wp:heading {\"level\":3} -->\n<h3>\u00a0\u00a0\u00a0\u00a0The other line of work carried out has been the opening of a new legal advice department.\u00a0Faced with an increasingly complex scenario in terms of Historical Heritage, we have developed, together with the prestigious office Olivares Abogados, an innovative support for collectors.\u00a0The conservation of Historical Heritage corresponds to the public and private spheres and, as market agents, from this house we feel the obligation to ensure compliance with the law.<\/h3>\n<!-- \/wp:heading -->\n\n<!-- wp:image {\"align\":\"center\",\"id\":72,\"width\":768,\"height\":433,\"sizeSlug\":\"large\",\"linkDestination\":\"none\"} -->\n<div class=\"wp-block-image\"><figure class=\"aligncenter size-large is-resized\"><img src=\"https:\/\/www.jesusvico.com\/blog\/wp-content\/uploads\/2022\/02\/descarga-1-min-1024x577.jpeg\" alt=\"\" class=\"wp-image-72\" width=\"768\" height=\"433\"\/><\/figure><\/div>\n<!-- \/wp:image -->\n\n<!-- wp:heading {\"level\":3} -->\n<h3>Finally, after several months of work, we have launched our new website, which responds to the demands of the current market and in which we will gradually introduce improvements and updates.&nbsp;<\/h3>\n<!-- \/wp:heading -->\n\n<!-- wp:heading {\"level\":3} -->\n<h3>&nbsp;&nbsp;&nbsp;&nbsp;Likewise, we have introduced a new 360\u00ba photography system, which has already been launched in the archeology section of the Online 8 auction, and which we will soon incorporate into the numismatic part.<\/h3>\n<!-- \/wp:heading -->\n\n<!-- wp:heading {\"level\":3} -->\n<h3>Receive an affectionate greeting, <\/h3>\n<!-- \/wp:heading -->\n\n<!-- wp:heading {\"level\":3,\"fontSize\":\"medium\"} -->\n<h3 class=\"has-medium-font-size\">Jes\u00fas Vico<\/h3>\n<!-- \/wp:heading -->\n\n<!-- wp:query {\"query\":{\"perPage\":4,\"pages\":1,\"offset\":0,\"postType\":\"post\",\"categoryIds\":[],\"tagIds\":[],\"order\":\"desc\",\"orderBy\":\"date\",\"author\":\"\",\"search\":\"\",\"sticky\":\"exclude\",\"inherit\":false}} -->\n<div class=\"wp-block-query\"><\/div>\n<!-- \/wp:query -->\n\n<!-- wp:group -->\n<div class=\"wp-block-group\"><!-- wp:post-navigation-link \/-->\n\n<!-- wp:post-navigation-link {\"type\":\"previous\"} \/--><\/div>\n<!-- \/wp:group -->","_et_gb_content_width":"1920","footnotes":""},"categories":[5],"tags":[],"class_list":["post-144","post","type-post","status-publish","format-standard","has-post-thumbnail","hentry","category-numismatica"],"yoast_head":"<!-- This site is optimized with the Yoast SEO Premium plugin v19.3 (Yoast SEO v24.2) - https:\/\/yoast.com\/wordpress\/plugins\/seo\/ -->\n<title>La bas\u00edlica Ulpia y el foro de Trajano | Jes\u00fas Vico<\/title>\n<meta name=\"robots\" content=\"index, follow, max-snippet:-1, max-image-preview:large, max-video-preview:-1\" \/>\n<link rel=\"canonical\" href=\"https:\/\/www.jesusvico.com\/blog\/la-basilica-ulpia-y-el-foro-de-trajano\/\" \/>\n<meta property=\"og:locale\" content=\"es_ES\" \/>\n<meta property=\"og:type\" content=\"article\" \/>\n<meta property=\"og:title\" content=\"La bas\u00edlica Ulpia y el foro de Trajano\" \/>\n<meta property=\"og:description\" content=\"Tras su triunfo contra los dacios en el 107 d.C., el emperador Trajano emprendi\u00f3 la construcci\u00f3n del m\u00e1s grandioso de los foros imperiales, un ambicioso proyecto que sirviera para conmemorar la\u00a0Pax Romana. En poco m\u00e1s de un lustro, bajo la direcci\u00f3n del arquitecto Apolodoro de Damasco, se cortaron y nivelaron parte de las estribaciones del [&hellip;]\" \/>\n<meta property=\"og:url\" content=\"https:\/\/www.jesusvico.com\/blog\/la-basilica-ulpia-y-el-foro-de-trajano\/\" \/>\n<meta property=\"og:site_name\" content=\"Jes\u00fas Vico\" \/>\n<meta property=\"article:publisher\" content=\"https:\/\/www.facebook.com\/JesusVicoNumismatica\" \/>\n<meta property=\"article:published_time\" content=\"2020-07-14T18:12:00+00:00\" \/>\n<meta property=\"article:modified_time\" content=\"2022-10-05T13:17:26+00:00\" \/>\n<meta property=\"og:image\" content=\"https:\/\/www.jesusvico.com\/blog\/wp-content\/uploads\/2022\/03\/95a-min.jpeg\" \/>\n\t<meta property=\"og:image:width\" content=\"1527\" \/>\n\t<meta property=\"og:image:height\" content=\"769\" \/>\n\t<meta property=\"og:image:type\" content=\"image\/jpeg\" \/>\n<meta name=\"author\" content=\"Isabel Rodr\u00edguez Casanova\" \/>\n<meta name=\"twitter:card\" content=\"summary_large_image\" \/>\n<meta name=\"twitter:label1\" content=\"Escrito por\" \/>\n\t<meta name=\"twitter:data1\" content=\"Isabel Rodr\u00edguez Casanova\" \/>\n<script type=\"application\/ld+json\" class=\"yoast-schema-graph\">{\"@context\":\"https:\/\/schema.org\",\"@graph\":[{\"@type\":\"Article\",\"@id\":\"https:\/\/www.jesusvico.com\/blog\/la-basilica-ulpia-y-el-foro-de-trajano\/#article\",\"isPartOf\":{\"@id\":\"https:\/\/www.jesusvico.com\/blog\/la-basilica-ulpia-y-el-foro-de-trajano\/\"},\"author\":{\"name\":\"Isabel Rodr\u00edguez Casanova\",\"@id\":\"https:\/\/www.jesusvico.com\/blog\/#\/schema\/person\/d66d57e3ec7a61a778b64265fb48f35e\"},\"headline\":\"La bas\u00edlica Ulpia y el foro de Trajano\",\"datePublished\":\"2020-07-14T18:12:00+00:00\",\"dateModified\":\"2022-10-05T13:17:26+00:00\",\"mainEntityOfPage\":{\"@id\":\"https:\/\/www.jesusvico.com\/blog\/la-basilica-ulpia-y-el-foro-de-trajano\/\"},\"wordCount\":1040,\"publisher\":{\"@id\":\"https:\/\/www.jesusvico.com\/blog\/#organization\"},\"image\":{\"@id\":\"https:\/\/www.jesusvico.com\/blog\/la-basilica-ulpia-y-el-foro-de-trajano\/#primaryimage\"},\"thumbnailUrl\":\"https:\/\/www.jesusvico.com\/blog\/wp-content\/uploads\/2022\/03\/95a-min.jpeg\",\"articleSection\":[\"Numism\u00e1tica\"],\"inLanguage\":\"es\"},{\"@type\":\"WebPage\",\"@id\":\"https:\/\/www.jesusvico.com\/blog\/la-basilica-ulpia-y-el-foro-de-trajano\/\",\"url\":\"https:\/\/www.jesusvico.com\/blog\/la-basilica-ulpia-y-el-foro-de-trajano\/\",\"name\":\"La bas\u00edlica Ulpia y el foro de Trajano | Jes\u00fas Vico\",\"isPartOf\":{\"@id\":\"https:\/\/www.jesusvico.com\/blog\/#website\"},\"primaryImageOfPage\":{\"@id\":\"https:\/\/www.jesusvico.com\/blog\/la-basilica-ulpia-y-el-foro-de-trajano\/#primaryimage\"},\"image\":{\"@id\":\"https:\/\/www.jesusvico.com\/blog\/la-basilica-ulpia-y-el-foro-de-trajano\/#primaryimage\"},\"thumbnailUrl\":\"https:\/\/www.jesusvico.com\/blog\/wp-content\/uploads\/2022\/03\/95a-min.jpeg\",\"datePublished\":\"2020-07-14T18:12:00+00:00\",\"dateModified\":\"2022-10-05T13:17:26+00:00\",\"breadcrumb\":{\"@id\":\"https:\/\/www.jesusvico.com\/blog\/la-basilica-ulpia-y-el-foro-de-trajano\/#breadcrumb\"},\"inLanguage\":\"es\",\"potentialAction\":[{\"@type\":\"ReadAction\",\"target\":[\"https:\/\/www.jesusvico.com\/blog\/la-basilica-ulpia-y-el-foro-de-trajano\/\"]}]},{\"@type\":\"ImageObject\",\"inLanguage\":\"es\",\"@id\":\"https:\/\/www.jesusvico.com\/blog\/la-basilica-ulpia-y-el-foro-de-trajano\/#primaryimage\",\"url\":\"https:\/\/www.jesusvico.com\/blog\/wp-content\/uploads\/2022\/03\/95a-min.jpeg\",\"contentUrl\":\"https:\/\/www.jesusvico.com\/blog\/wp-content\/uploads\/2022\/03\/95a-min.jpeg\",\"width\":1527,\"height\":769,\"caption\":\"comprar monedas en madrid\"},{\"@type\":\"BreadcrumbList\",\"@id\":\"https:\/\/www.jesusvico.com\/blog\/la-basilica-ulpia-y-el-foro-de-trajano\/#breadcrumb\",\"itemListElement\":[{\"@type\":\"ListItem\",\"position\":1,\"name\":\"Portada\",\"item\":\"https:\/\/www.jesusvico.com\/blog\/\"},{\"@type\":\"ListItem\",\"position\":2,\"name\":\"La bas\u00edlica Ulpia y el foro de Trajano\"}]},{\"@type\":\"WebSite\",\"@id\":\"https:\/\/www.jesusvico.com\/blog\/#website\",\"url\":\"https:\/\/www.jesusvico.com\/blog\/\",\"name\":\"Jes\u00fas Vico\",\"description\":\"Blog - Jes\u00fas Vico\",\"publisher\":{\"@id\":\"https:\/\/www.jesusvico.com\/blog\/#organization\"},\"potentialAction\":[{\"@type\":\"SearchAction\",\"target\":{\"@type\":\"EntryPoint\",\"urlTemplate\":\"https:\/\/www.jesusvico.com\/blog\/?s={search_term_string}\"},\"query-input\":{\"@type\":\"PropertyValueSpecification\",\"valueRequired\":true,\"valueName\":\"search_term_string\"}}],\"inLanguage\":\"es\"},{\"@type\":\"Organization\",\"@id\":\"https:\/\/www.jesusvico.com\/blog\/#organization\",\"name\":\"Jes\u00fas Vico\",\"url\":\"https:\/\/www.jesusvico.com\/blog\/\",\"logo\":{\"@type\":\"ImageObject\",\"inLanguage\":\"es\",\"@id\":\"https:\/\/www.jesusvico.com\/blog\/#\/schema\/logo\/image\/\",\"url\":\"https:\/\/www.jesusvico.com\/blog\/wp-content\/uploads\/2022\/09\/Sin-ti\u0301tulo-1-1.png\",\"contentUrl\":\"https:\/\/www.jesusvico.com\/blog\/wp-content\/uploads\/2022\/09\/Sin-ti\u0301tulo-1-1.png\",\"width\":800,\"height\":200,\"caption\":\"Jes\u00fas Vico\"},\"image\":{\"@id\":\"https:\/\/www.jesusvico.com\/blog\/#\/schema\/logo\/image\/\"},\"sameAs\":[\"https:\/\/www.facebook.com\/JesusVicoNumismatica\",\"https:\/\/www.instagram.com\/jesusvico_numismatica\"]},{\"@type\":\"Person\",\"@id\":\"https:\/\/www.jesusvico.com\/blog\/#\/schema\/person\/d66d57e3ec7a61a778b64265fb48f35e\",\"name\":\"Isabel Rodr\u00edguez Casanova\",\"image\":{\"@type\":\"ImageObject\",\"inLanguage\":\"es\",\"@id\":\"https:\/\/www.jesusvico.com\/blog\/#\/schema\/person\/image\/\",\"url\":\"https:\/\/secure.gravatar.com\/avatar\/c95318f572cac6ca2fd17f1cbbb2337f4f604e0ecc00e422d382daf888dc39b2?s=96&d=mm&r=g\",\"contentUrl\":\"https:\/\/secure.gravatar.com\/avatar\/c95318f572cac6ca2fd17f1cbbb2337f4f604e0ecc00e422d382daf888dc39b2?s=96&d=mm&r=g\",\"caption\":\"Isabel Rodr\u00edguez Casanova\"},\"url\":\"https:\/\/www.jesusvico.com\/blog\/author\/isabel\/\"}]}<\/script>\n<!-- \/ Yoast SEO Premium plugin. -->","yoast_head_json":{"title":"La bas\u00edlica Ulpia y el foro de Trajano | Jes\u00fas Vico","robots":{"index":"index","follow":"follow","max-snippet":"max-snippet:-1","max-image-preview":"max-image-preview:large","max-video-preview":"max-video-preview:-1"},"canonical":"https:\/\/www.jesusvico.com\/blog\/la-basilica-ulpia-y-el-foro-de-trajano\/","og_locale":"es_ES","og_type":"article","og_title":"La bas\u00edlica Ulpia y el foro de Trajano","og_description":"Tras su triunfo contra los dacios en el 107 d.C., el emperador Trajano emprendi\u00f3 la construcci\u00f3n del m\u00e1s grandioso de los foros imperiales, un ambicioso proyecto que sirviera para conmemorar la\u00a0Pax Romana. En poco m\u00e1s de un lustro, bajo la direcci\u00f3n del arquitecto Apolodoro de Damasco, se cortaron y nivelaron parte de las estribaciones del [&hellip;]","og_url":"https:\/\/www.jesusvico.com\/blog\/la-basilica-ulpia-y-el-foro-de-trajano\/","og_site_name":"Jes\u00fas Vico","article_publisher":"https:\/\/www.facebook.com\/JesusVicoNumismatica","article_published_time":"2020-07-14T18:12:00+00:00","article_modified_time":"2022-10-05T13:17:26+00:00","og_image":[{"width":1527,"height":769,"url":"https:\/\/www.jesusvico.com\/blog\/wp-content\/uploads\/2022\/03\/95a-min.jpeg","type":"image\/jpeg"}],"author":"Isabel Rodr\u00edguez Casanova","twitter_card":"summary_large_image","twitter_misc":{"Escrito por":"Isabel Rodr\u00edguez Casanova"},"schema":{"@context":"https:\/\/schema.org","@graph":[{"@type":"Article","@id":"https:\/\/www.jesusvico.com\/blog\/la-basilica-ulpia-y-el-foro-de-trajano\/#article","isPartOf":{"@id":"https:\/\/www.jesusvico.com\/blog\/la-basilica-ulpia-y-el-foro-de-trajano\/"},"author":{"name":"Isabel Rodr\u00edguez Casanova","@id":"https:\/\/www.jesusvico.com\/blog\/#\/schema\/person\/d66d57e3ec7a61a778b64265fb48f35e"},"headline":"La bas\u00edlica Ulpia y el foro de Trajano","datePublished":"2020-07-14T18:12:00+00:00","dateModified":"2022-10-05T13:17:26+00:00","mainEntityOfPage":{"@id":"https:\/\/www.jesusvico.com\/blog\/la-basilica-ulpia-y-el-foro-de-trajano\/"},"wordCount":1040,"publisher":{"@id":"https:\/\/www.jesusvico.com\/blog\/#organization"},"image":{"@id":"https:\/\/www.jesusvico.com\/blog\/la-basilica-ulpia-y-el-foro-de-trajano\/#primaryimage"},"thumbnailUrl":"https:\/\/www.jesusvico.com\/blog\/wp-content\/uploads\/2022\/03\/95a-min.jpeg","articleSection":["Numism\u00e1tica"],"inLanguage":"es"},{"@type":"WebPage","@id":"https:\/\/www.jesusvico.com\/blog\/la-basilica-ulpia-y-el-foro-de-trajano\/","url":"https:\/\/www.jesusvico.com\/blog\/la-basilica-ulpia-y-el-foro-de-trajano\/","name":"La bas\u00edlica Ulpia y el foro de Trajano | Jes\u00fas Vico","isPartOf":{"@id":"https:\/\/www.jesusvico.com\/blog\/#website"},"primaryImageOfPage":{"@id":"https:\/\/www.jesusvico.com\/blog\/la-basilica-ulpia-y-el-foro-de-trajano\/#primaryimage"},"image":{"@id":"https:\/\/www.jesusvico.com\/blog\/la-basilica-ulpia-y-el-foro-de-trajano\/#primaryimage"},"thumbnailUrl":"https:\/\/www.jesusvico.com\/blog\/wp-content\/uploads\/2022\/03\/95a-min.jpeg","datePublished":"2020-07-14T18:12:00+00:00","dateModified":"2022-10-05T13:17:26+00:00","breadcrumb":{"@id":"https:\/\/www.jesusvico.com\/blog\/la-basilica-ulpia-y-el-foro-de-trajano\/#breadcrumb"},"inLanguage":"es","potentialAction":[{"@type":"ReadAction","target":["https:\/\/www.jesusvico.com\/blog\/la-basilica-ulpia-y-el-foro-de-trajano\/"]}]},{"@type":"ImageObject","inLanguage":"es","@id":"https:\/\/www.jesusvico.com\/blog\/la-basilica-ulpia-y-el-foro-de-trajano\/#primaryimage","url":"https:\/\/www.jesusvico.com\/blog\/wp-content\/uploads\/2022\/03\/95a-min.jpeg","contentUrl":"https:\/\/www.jesusvico.com\/blog\/wp-content\/uploads\/2022\/03\/95a-min.jpeg","width":1527,"height":769,"caption":"comprar monedas en madrid"},{"@type":"BreadcrumbList","@id":"https:\/\/www.jesusvico.com\/blog\/la-basilica-ulpia-y-el-foro-de-trajano\/#breadcrumb","itemListElement":[{"@type":"ListItem","position":1,"name":"Portada","item":"https:\/\/www.jesusvico.com\/blog\/"},{"@type":"ListItem","position":2,"name":"La bas\u00edlica Ulpia y el foro de Trajano"}]},{"@type":"WebSite","@id":"https:\/\/www.jesusvico.com\/blog\/#website","url":"https:\/\/www.jesusvico.com\/blog\/","name":"Jes\u00fas Vico","description":"Blog - Jes\u00fas Vico","publisher":{"@id":"https:\/\/www.jesusvico.com\/blog\/#organization"},"potentialAction":[{"@type":"SearchAction","target":{"@type":"EntryPoint","urlTemplate":"https:\/\/www.jesusvico.com\/blog\/?s={search_term_string}"},"query-input":{"@type":"PropertyValueSpecification","valueRequired":true,"valueName":"search_term_string"}}],"inLanguage":"es"},{"@type":"Organization","@id":"https:\/\/www.jesusvico.com\/blog\/#organization","name":"Jes\u00fas Vico","url":"https:\/\/www.jesusvico.com\/blog\/","logo":{"@type":"ImageObject","inLanguage":"es","@id":"https:\/\/www.jesusvico.com\/blog\/#\/schema\/logo\/image\/","url":"https:\/\/www.jesusvico.com\/blog\/wp-content\/uploads\/2022\/09\/Sin-ti\u0301tulo-1-1.png","contentUrl":"https:\/\/www.jesusvico.com\/blog\/wp-content\/uploads\/2022\/09\/Sin-ti\u0301tulo-1-1.png","width":800,"height":200,"caption":"Jes\u00fas Vico"},"image":{"@id":"https:\/\/www.jesusvico.com\/blog\/#\/schema\/logo\/image\/"},"sameAs":["https:\/\/www.facebook.com\/JesusVicoNumismatica","https:\/\/www.instagram.com\/jesusvico_numismatica"]},{"@type":"Person","@id":"https:\/\/www.jesusvico.com\/blog\/#\/schema\/person\/d66d57e3ec7a61a778b64265fb48f35e","name":"Isabel Rodr\u00edguez Casanova","image":{"@type":"ImageObject","inLanguage":"es","@id":"https:\/\/www.jesusvico.com\/blog\/#\/schema\/person\/image\/","url":"https:\/\/secure.gravatar.com\/avatar\/c95318f572cac6ca2fd17f1cbbb2337f4f604e0ecc00e422d382daf888dc39b2?s=96&d=mm&r=g","contentUrl":"https:\/\/secure.gravatar.com\/avatar\/c95318f572cac6ca2fd17f1cbbb2337f4f604e0ecc00e422d382daf888dc39b2?s=96&d=mm&r=g","caption":"Isabel Rodr\u00edguez Casanova"},"url":"https:\/\/www.jesusvico.com\/blog\/author\/isabel\/"}]}},"_links":{"self":[{"href":"https:\/\/www.jesusvico.com\/blog\/wp-json\/wp\/v2\/posts\/144","targetHints":{"allow":["GET"]}}],"collection":[{"href":"https:\/\/www.jesusvico.com\/blog\/wp-json\/wp\/v2\/posts"}],"about":[{"href":"https:\/\/www.jesusvico.com\/blog\/wp-json\/wp\/v2\/types\/post"}],"author":[{"embeddable":true,"href":"https:\/\/www.jesusvico.com\/blog\/wp-json\/wp\/v2\/users\/3"}],"replies":[{"embeddable":true,"href":"https:\/\/www.jesusvico.com\/blog\/wp-json\/wp\/v2\/comments?post=144"}],"version-history":[{"count":6,"href":"https:\/\/www.jesusvico.com\/blog\/wp-json\/wp\/v2\/posts\/144\/revisions"}],"predecessor-version":[{"id":383,"href":"https:\/\/www.jesusvico.com\/blog\/wp-json\/wp\/v2\/posts\/144\/revisions\/383"}],"wp:featuredmedia":[{"embeddable":true,"href":"https:\/\/www.jesusvico.com\/blog\/wp-json\/wp\/v2\/media\/145"}],"wp:attachment":[{"href":"https:\/\/www.jesusvico.com\/blog\/wp-json\/wp\/v2\/media?parent=144"}],"wp:term":[{"taxonomy":"category","embeddable":true,"href":"https:\/\/www.jesusvico.com\/blog\/wp-json\/wp\/v2\/categories?post=144"},{"taxonomy":"post_tag","embeddable":true,"href":"https:\/\/www.jesusvico.com\/blog\/wp-json\/wp\/v2\/tags?post=144"}],"curies":[{"name":"wp","href":"https:\/\/api.w.org\/{rel}","templated":true}]}}