{"id":310,"date":"2022-09-16T10:54:05","date_gmt":"2022-09-16T10:54:05","guid":{"rendered":"https:\/\/www.jesusvico.com\/blog\/?p=310"},"modified":"2024-03-20T09:20:09","modified_gmt":"2024-03-20T09:20:09","slug":"el-matrimonio-de-maria-leszczynska-luis-xv","status":"publish","type":"post","link":"https:\/\/www.jesusvico.com\/blog\/el-matrimonio-de-maria-leszczynska-luis-xv\/","title":{"rendered":"El matrimonio de Mar\u00eda Leszczynska &amp; Luis XV"},"content":{"rendered":"\n<p>Mar\u00eda Leszczy\u0144ska fue reina consorte del rey Luis XV de Francia desde 1725 hasta su muerte en 1768. Fue la reina con m\u00e1s tiempo en el servicio en la historia de Francia y gobern\u00f3 durante casi 43 a\u00f1os. Hija del depuesto rey polaco Estanislao I, Mar\u00eda era una devota cat\u00f3lica romana y gozaba de gran popularidad entre los franceses. Ella es responsable de la introducci\u00f3n de muchas costumbres polacas en la corte real de Versalles y sus conexiones din\u00e1sticas llevaron a Francia a anexar finalmente a Lorena.<\/p>\n\n\n\n<p><strong><br>Vida temprana y matrimonio<\/strong><br>Marie naci\u00f3 en 1703 en Silesia, ahora Polonia. Un a\u00f1o despu\u00e9s de su nacimiento, su padre, Estanislao, fue coronado rey de Polonia. Sin embargo, fue depuesto cuatro a\u00f1os despu\u00e9s y la familia real se mud\u00f3 a Wissembourg en Francia. All\u00ed obtuvieron la protecci\u00f3n de Felipe II, el duque de Orleans, que se desempe\u00f1aba como regente de Francia durante la minor\u00eda de edad de Luis XV.<br>Como el pr\u00edncipe franc\u00e9s sufr\u00eda de mala salud, se convirti\u00f3 en una cuesti\u00f3n de urgencia concertar un matrimonio para que pudiera tener un heredero al trono. Aunque inicialmente estuvo comprometido con la infanta Mariana Victoria de Espa\u00f1a, el compromiso pronto se cancel\u00f3 debido a la corta edad de la infanta para tener hijos. Mar\u00eda, que era siete a\u00f1os mayor que el pr\u00edncipe, se convirti\u00f3 entonces en una de las muchas candidatas potenciales para ser su esposa. A pesar de que su falta de riqueza disminuy\u00f3 sus posibilidades de convertirse en la elegida, pronto todas las partes involucradas en la discusi\u00f3n de su matrimonio acordaron que ella era la mejor opci\u00f3n. Mar\u00eda y Luis se casaron por poder el 15 de agosto de 1725 en la Catedral de Estrasburgo pero la ceremonia oficial tuvo lugar en la capilla de Fontainebleau el 5 de septiembre. Juntos tuvieron diez hijos.<\/p>\n\n\n\n<figure class=\"wp-block-image aligncenter size-full is-resized\"><img loading=\"lazy\" decoding=\"async\" src=\"https:\/\/www.jesusvico.com\/blog\/wp-content\/uploads\/2022\/09\/2976401.jpg\" alt=\"\" class=\"wp-image-311\" width=\"345\" height=\"172\" \/><\/figure>\n\n\n\n<p><strong>Relaci\u00f3n privada con Luis XV<\/strong><br>Mar\u00eda y Luis no se conocieron hasta la v\u00edspera de su boda cuando la pareja se enamor\u00f3 a primera vista. Luis estaba encantado con su esposa y se neg\u00f3 a escuchar cr\u00edticas sobre ella. Su felicidad aument\u00f3 a\u00fan m\u00e1s cuando ella dio a luz a dos gemelas, ya que su nacimiento puso fin a los rumores de su infertilidad. Sin embargo, la relaci\u00f3n de Mar\u00eda y Luis se vino abajo despu\u00e9s de que ella casi muere al dar a luz a su \u00faltimo hijo y comenz\u00f3 a rechazar cualquier tipo de contacto rom\u00e1ntico con su esposo. Luis se convirti\u00f3 entonces en un notorio mujeriego y dio a sus amantes puestos en la corte real, algo que angusti\u00f3 terriblemente a la Reina. Entre estas mujeres, la m\u00e1s conocida es Madame de Pompadour, quien termin\u00f3 desarrollando una relaci\u00f3n amistosa con Mar\u00eda.<\/p>\n\n\n\n<p><br><strong>El papel de Marie como reina<\/strong><br>La reina Mar\u00eda evit\u00f3 participar en pol\u00edtica, principalmente porque no era respetada por la corte real, que la consideraba de baja cuna. Sin embargo, ella ten\u00eda puntos de vista pol\u00edticos y logr\u00f3 tener un poco de influencia pol\u00edtica. Durante la Guerra de Sucesi\u00f3n de Polonia (1733-1736), apoy\u00f3 la candidatura de su padre al trono polaco. Una vez finalizada la guerra, a su padre se le concedi\u00f3 el Ducado de Lorena, que pas\u00f3 a formar parte de Francia tras su muerte.<br>La reina tambi\u00e9n particip\u00f3 en un complot para desterrar al cardenal de Fleury, primer ministro de Luis, de la corte real, lo que acab\u00f3 provocando un desacuerdo con el rey. Poco despu\u00e9s, Mar\u00eda decidi\u00f3 no participar m\u00e1s en pol\u00edtica.<br>Aun as\u00ed, mantuvo un estricto protocolo de etiqueta francesa y asumi\u00f3 todas sus responsabilidades reales, con la intenci\u00f3n de ganarse el respeto de la nobleza y el pueblo franc\u00e9s. Sin embargo, una vez que hubo cumplido con sus deberes, prefiri\u00f3 retirarse a sus apartamentos con sus amigos. Mar\u00eda disfrutaba apostando en su tiempo libre lo que provoc\u00f3 un constante endeudamiento.<br>La reina Mar\u00eda muri\u00f3 el 24 de junio de 1768 en el Palacio de Versalles y fue enterrada en la Bas\u00edlica de St. Denis en Par\u00eds. Despu\u00e9s de haber gobernado durante casi 43 a\u00f1os, fue la reina con m\u00e1s a\u00f1os de servicio en la historia de Francia.<\/p>\n","protected":false},"excerpt":{"rendered":"<p>Mar\u00eda Leszczy\u0144ska fue reina consorte del rey Luis XV de Francia desde 1725 hasta su muerte en 1768. Fue la reina con m\u00e1s tiempo en el servicio en la historia de Francia y gobern\u00f3 durante casi 43 a\u00f1os. Hija del depuesto rey polaco Estanislao I, Mar\u00eda era una devota cat\u00f3lica romana y gozaba de gran [&hellip;]<\/p>\n","protected":false},"author":5,"featured_media":313,"comment_status":"closed","ping_status":"open","sticky":false,"template":"","format":"standard","meta":{"_et_pb_use_builder":"off","_et_pb_old_content":"","_et_gb_content_width":"1920","footnotes":""},"categories":[1],"tags":[],"class_list":["post-310","post","type-post","status-publish","format-standard","has-post-thumbnail","hentry","category-sin-categoria"],"yoast_head":"<!-- This site is optimized with the Yoast SEO Premium plugin v19.3 (Yoast SEO v24.2) - https:\/\/yoast.com\/wordpress\/plugins\/seo\/ -->\n<title>El matrimonio de Mar\u00eda Leszczynska &amp; Luis XV | Jes\u00fas Vico<\/title>\n<meta name=\"robots\" content=\"index, follow, max-snippet:-1, max-image-preview:large, max-video-preview:-1\" \/>\n<link rel=\"canonical\" href=\"https:\/\/www.jesusvico.com\/blog\/el-matrimonio-de-maria-leszczynska-luis-xv\/\" \/>\n<meta property=\"og:locale\" content=\"es_ES\" \/>\n<meta property=\"og:type\" content=\"article\" \/>\n<meta property=\"og:title\" content=\"El matrimonio de Mar\u00eda Leszczynska &amp; Luis XV\" \/>\n<meta property=\"og:description\" content=\"Mar\u00eda Leszczy\u0144ska fue reina consorte del rey Luis XV de Francia desde 1725 hasta su muerte en 1768. Fue la reina con m\u00e1s tiempo en el servicio en la historia de Francia y gobern\u00f3 durante casi 43 a\u00f1os. Hija del depuesto rey polaco Estanislao I, Mar\u00eda era una devota cat\u00f3lica romana y gozaba de gran [&hellip;]\" \/>\n<meta property=\"og:url\" content=\"https:\/\/www.jesusvico.com\/blog\/el-matrimonio-de-maria-leszczynska-luis-xv\/\" \/>\n<meta property=\"og:site_name\" content=\"Jes\u00fas Vico\" \/>\n<meta property=\"article:publisher\" content=\"https:\/\/www.facebook.com\/JesusVicoNumismatica\" \/>\n<meta property=\"article:published_time\" content=\"2022-09-16T10:54:05+00:00\" \/>\n<meta property=\"article:modified_time\" content=\"2024-03-20T09:20:09+00:00\" \/>\n<meta property=\"og:image\" content=\"https:\/\/www.jesusvico.com\/blog\/wp-content\/uploads\/2022\/09\/banner2.jpg\" \/>\n\t<meta property=\"og:image:width\" content=\"1110\" \/>\n\t<meta property=\"og:image:height\" content=\"738\" \/>\n\t<meta property=\"og:image:type\" content=\"image\/jpeg\" \/>\n<meta name=\"author\" content=\"Beatriz Camino Rodr\u00edguez\" \/>\n<meta name=\"twitter:card\" content=\"summary_large_image\" \/>\n<meta name=\"twitter:label1\" content=\"Escrito por\" \/>\n\t<meta name=\"twitter:data1\" content=\"Beatriz Camino Rodr\u00edguez\" \/>\n\t<meta name=\"twitter:label2\" content=\"Tiempo de lectura\" \/>\n\t<meta name=\"twitter:data2\" content=\"4 minutos\" \/>\n<script type=\"application\/ld+json\" class=\"yoast-schema-graph\">{\"@context\":\"https:\/\/schema.org\",\"@graph\":[{\"@type\":\"Article\",\"@id\":\"https:\/\/www.jesusvico.com\/blog\/el-matrimonio-de-maria-leszczynska-luis-xv\/#article\",\"isPartOf\":{\"@id\":\"https:\/\/www.jesusvico.com\/blog\/el-matrimonio-de-maria-leszczynska-luis-xv\/\"},\"author\":{\"name\":\"Beatriz Camino Rodr\u00edguez\",\"@id\":\"https:\/\/www.jesusvico.com\/blog\/#\/schema\/person\/387cca63b8a523b97f8417ba2ea4898d\"},\"headline\":\"El matrimonio de Mar\u00eda Leszczynska &amp; Luis XV\",\"datePublished\":\"2022-09-16T10:54:05+00:00\",\"dateModified\":\"2024-03-20T09:20:09+00:00\",\"mainEntityOfPage\":{\"@id\":\"https:\/\/www.jesusvico.com\/blog\/el-matrimonio-de-maria-leszczynska-luis-xv\/\"},\"wordCount\":738,\"publisher\":{\"@id\":\"https:\/\/www.jesusvico.com\/blog\/#organization\"},\"image\":{\"@id\":\"https:\/\/www.jesusvico.com\/blog\/el-matrimonio-de-maria-leszczynska-luis-xv\/#primaryimage\"},\"thumbnailUrl\":\"https:\/\/www.jesusvico.com\/blog\/wp-content\/uploads\/2022\/09\/banner2.jpg\",\"articleSection\":[\".\"],\"inLanguage\":\"es\"},{\"@type\":\"WebPage\",\"@id\":\"https:\/\/www.jesusvico.com\/blog\/el-matrimonio-de-maria-leszczynska-luis-xv\/\",\"url\":\"https:\/\/www.jesusvico.com\/blog\/el-matrimonio-de-maria-leszczynska-luis-xv\/\",\"name\":\"El matrimonio de Mar\u00eda Leszczynska &amp; Luis XV | Jes\u00fas Vico\",\"isPartOf\":{\"@id\":\"https:\/\/www.jesusvico.com\/blog\/#website\"},\"primaryImageOfPage\":{\"@id\":\"https:\/\/www.jesusvico.com\/blog\/el-matrimonio-de-maria-leszczynska-luis-xv\/#primaryimage\"},\"image\":{\"@id\":\"https:\/\/www.jesusvico.com\/blog\/el-matrimonio-de-maria-leszczynska-luis-xv\/#primaryimage\"},\"thumbnailUrl\":\"https:\/\/www.jesusvico.com\/blog\/wp-content\/uploads\/2022\/09\/banner2.jpg\",\"datePublished\":\"2022-09-16T10:54:05+00:00\",\"dateModified\":\"2024-03-20T09:20:09+00:00\",\"breadcrumb\":{\"@id\":\"https:\/\/www.jesusvico.com\/blog\/el-matrimonio-de-maria-leszczynska-luis-xv\/#breadcrumb\"},\"inLanguage\":\"es\",\"potentialAction\":[{\"@type\":\"ReadAction\",\"target\":[\"https:\/\/www.jesusvico.com\/blog\/el-matrimonio-de-maria-leszczynska-luis-xv\/\"]}]},{\"@type\":\"ImageObject\",\"inLanguage\":\"es\",\"@id\":\"https:\/\/www.jesusvico.com\/blog\/el-matrimonio-de-maria-leszczynska-luis-xv\/#primaryimage\",\"url\":\"https:\/\/www.jesusvico.com\/blog\/wp-content\/uploads\/2022\/09\/banner2.jpg\",\"contentUrl\":\"https:\/\/www.jesusvico.com\/blog\/wp-content\/uploads\/2022\/09\/banner2.jpg\",\"width\":1110,\"height\":738},{\"@type\":\"BreadcrumbList\",\"@id\":\"https:\/\/www.jesusvico.com\/blog\/el-matrimonio-de-maria-leszczynska-luis-xv\/#breadcrumb\",\"itemListElement\":[{\"@type\":\"ListItem\",\"position\":1,\"name\":\"Portada\",\"item\":\"https:\/\/www.jesusvico.com\/blog\/\"},{\"@type\":\"ListItem\",\"position\":2,\"name\":\"El matrimonio de Mar\u00eda Leszczynska &amp; Luis XV\"}]},{\"@type\":\"WebSite\",\"@id\":\"https:\/\/www.jesusvico.com\/blog\/#website\",\"url\":\"https:\/\/www.jesusvico.com\/blog\/\",\"name\":\"Jes\u00fas Vico\",\"description\":\"Blog - Jes\u00fas Vico\",\"publisher\":{\"@id\":\"https:\/\/www.jesusvico.com\/blog\/#organization\"},\"potentialAction\":[{\"@type\":\"SearchAction\",\"target\":{\"@type\":\"EntryPoint\",\"urlTemplate\":\"https:\/\/www.jesusvico.com\/blog\/?s={search_term_string}\"},\"query-input\":{\"@type\":\"PropertyValueSpecification\",\"valueRequired\":true,\"valueName\":\"search_term_string\"}}],\"inLanguage\":\"es\"},{\"@type\":\"Organization\",\"@id\":\"https:\/\/www.jesusvico.com\/blog\/#organization\",\"name\":\"Jes\u00fas Vico\",\"url\":\"https:\/\/www.jesusvico.com\/blog\/\",\"logo\":{\"@type\":\"ImageObject\",\"inLanguage\":\"es\",\"@id\":\"https:\/\/www.jesusvico.com\/blog\/#\/schema\/logo\/image\/\",\"url\":\"https:\/\/www.jesusvico.com\/blog\/wp-content\/uploads\/2022\/09\/Sin-ti\u0301tulo-1-1.png\",\"contentUrl\":\"https:\/\/www.jesusvico.com\/blog\/wp-content\/uploads\/2022\/09\/Sin-ti\u0301tulo-1-1.png\",\"width\":800,\"height\":200,\"caption\":\"Jes\u00fas Vico\"},\"image\":{\"@id\":\"https:\/\/www.jesusvico.com\/blog\/#\/schema\/logo\/image\/\"},\"sameAs\":[\"https:\/\/www.facebook.com\/JesusVicoNumismatica\",\"https:\/\/www.instagram.com\/jesusvico_numismatica\"]},{\"@type\":\"Person\",\"@id\":\"https:\/\/www.jesusvico.com\/blog\/#\/schema\/person\/387cca63b8a523b97f8417ba2ea4898d\",\"name\":\"Beatriz Camino Rodr\u00edguez\",\"image\":{\"@type\":\"ImageObject\",\"inLanguage\":\"es\",\"@id\":\"https:\/\/www.jesusvico.com\/blog\/#\/schema\/person\/image\/\",\"url\":\"https:\/\/secure.gravatar.com\/avatar\/209f7097263408e99625109131235b0ad575b41781a227cf958390d2adc61dbb?s=96&d=mm&r=g\",\"contentUrl\":\"https:\/\/secure.gravatar.com\/avatar\/209f7097263408e99625109131235b0ad575b41781a227cf958390d2adc61dbb?s=96&d=mm&r=g\",\"caption\":\"Beatriz Camino Rodr\u00edguez\"},\"url\":\"https:\/\/www.jesusvico.com\/blog\/author\/beatriz\/\"}]}<\/script>\n<!-- \/ Yoast SEO Premium plugin. -->","yoast_head_json":{"title":"El matrimonio de Mar\u00eda Leszczynska &amp; Luis XV | Jes\u00fas Vico","robots":{"index":"index","follow":"follow","max-snippet":"max-snippet:-1","max-image-preview":"max-image-preview:large","max-video-preview":"max-video-preview:-1"},"canonical":"https:\/\/www.jesusvico.com\/blog\/el-matrimonio-de-maria-leszczynska-luis-xv\/","og_locale":"es_ES","og_type":"article","og_title":"El matrimonio de Mar\u00eda Leszczynska &amp; Luis XV","og_description":"Mar\u00eda Leszczy\u0144ska fue reina consorte del rey Luis XV de Francia desde 1725 hasta su muerte en 1768. Fue la reina con m\u00e1s tiempo en el servicio en la historia de Francia y gobern\u00f3 durante casi 43 a\u00f1os. Hija del depuesto rey polaco Estanislao I, Mar\u00eda era una devota cat\u00f3lica romana y gozaba de gran [&hellip;]","og_url":"https:\/\/www.jesusvico.com\/blog\/el-matrimonio-de-maria-leszczynska-luis-xv\/","og_site_name":"Jes\u00fas Vico","article_publisher":"https:\/\/www.facebook.com\/JesusVicoNumismatica","article_published_time":"2022-09-16T10:54:05+00:00","article_modified_time":"2024-03-20T09:20:09+00:00","og_image":[{"width":1110,"height":738,"url":"https:\/\/www.jesusvico.com\/blog\/wp-content\/uploads\/2022\/09\/banner2.jpg","type":"image\/jpeg"}],"author":"Beatriz Camino Rodr\u00edguez","twitter_card":"summary_large_image","twitter_misc":{"Escrito por":"Beatriz Camino Rodr\u00edguez","Tiempo de lectura":"4 minutos"},"schema":{"@context":"https:\/\/schema.org","@graph":[{"@type":"Article","@id":"https:\/\/www.jesusvico.com\/blog\/el-matrimonio-de-maria-leszczynska-luis-xv\/#article","isPartOf":{"@id":"https:\/\/www.jesusvico.com\/blog\/el-matrimonio-de-maria-leszczynska-luis-xv\/"},"author":{"name":"Beatriz Camino Rodr\u00edguez","@id":"https:\/\/www.jesusvico.com\/blog\/#\/schema\/person\/387cca63b8a523b97f8417ba2ea4898d"},"headline":"El matrimonio de Mar\u00eda Leszczynska &amp; Luis XV","datePublished":"2022-09-16T10:54:05+00:00","dateModified":"2024-03-20T09:20:09+00:00","mainEntityOfPage":{"@id":"https:\/\/www.jesusvico.com\/blog\/el-matrimonio-de-maria-leszczynska-luis-xv\/"},"wordCount":738,"publisher":{"@id":"https:\/\/www.jesusvico.com\/blog\/#organization"},"image":{"@id":"https:\/\/www.jesusvico.com\/blog\/el-matrimonio-de-maria-leszczynska-luis-xv\/#primaryimage"},"thumbnailUrl":"https:\/\/www.jesusvico.com\/blog\/wp-content\/uploads\/2022\/09\/banner2.jpg","articleSection":["."],"inLanguage":"es"},{"@type":"WebPage","@id":"https:\/\/www.jesusvico.com\/blog\/el-matrimonio-de-maria-leszczynska-luis-xv\/","url":"https:\/\/www.jesusvico.com\/blog\/el-matrimonio-de-maria-leszczynska-luis-xv\/","name":"El matrimonio de Mar\u00eda Leszczynska &amp; Luis XV | Jes\u00fas Vico","isPartOf":{"@id":"https:\/\/www.jesusvico.com\/blog\/#website"},"primaryImageOfPage":{"@id":"https:\/\/www.jesusvico.com\/blog\/el-matrimonio-de-maria-leszczynska-luis-xv\/#primaryimage"},"image":{"@id":"https:\/\/www.jesusvico.com\/blog\/el-matrimonio-de-maria-leszczynska-luis-xv\/#primaryimage"},"thumbnailUrl":"https:\/\/www.jesusvico.com\/blog\/wp-content\/uploads\/2022\/09\/banner2.jpg","datePublished":"2022-09-16T10:54:05+00:00","dateModified":"2024-03-20T09:20:09+00:00","breadcrumb":{"@id":"https:\/\/www.jesusvico.com\/blog\/el-matrimonio-de-maria-leszczynska-luis-xv\/#breadcrumb"},"inLanguage":"es","potentialAction":[{"@type":"ReadAction","target":["https:\/\/www.jesusvico.com\/blog\/el-matrimonio-de-maria-leszczynska-luis-xv\/"]}]},{"@type":"ImageObject","inLanguage":"es","@id":"https:\/\/www.jesusvico.com\/blog\/el-matrimonio-de-maria-leszczynska-luis-xv\/#primaryimage","url":"https:\/\/www.jesusvico.com\/blog\/wp-content\/uploads\/2022\/09\/banner2.jpg","contentUrl":"https:\/\/www.jesusvico.com\/blog\/wp-content\/uploads\/2022\/09\/banner2.jpg","width":1110,"height":738},{"@type":"BreadcrumbList","@id":"https:\/\/www.jesusvico.com\/blog\/el-matrimonio-de-maria-leszczynska-luis-xv\/#breadcrumb","itemListElement":[{"@type":"ListItem","position":1,"name":"Portada","item":"https:\/\/www.jesusvico.com\/blog\/"},{"@type":"ListItem","position":2,"name":"El matrimonio de Mar\u00eda Leszczynska &amp; Luis XV"}]},{"@type":"WebSite","@id":"https:\/\/www.jesusvico.com\/blog\/#website","url":"https:\/\/www.jesusvico.com\/blog\/","name":"Jes\u00fas Vico","description":"Blog - Jes\u00fas Vico","publisher":{"@id":"https:\/\/www.jesusvico.com\/blog\/#organization"},"potentialAction":[{"@type":"SearchAction","target":{"@type":"EntryPoint","urlTemplate":"https:\/\/www.jesusvico.com\/blog\/?s={search_term_string}"},"query-input":{"@type":"PropertyValueSpecification","valueRequired":true,"valueName":"search_term_string"}}],"inLanguage":"es"},{"@type":"Organization","@id":"https:\/\/www.jesusvico.com\/blog\/#organization","name":"Jes\u00fas Vico","url":"https:\/\/www.jesusvico.com\/blog\/","logo":{"@type":"ImageObject","inLanguage":"es","@id":"https:\/\/www.jesusvico.com\/blog\/#\/schema\/logo\/image\/","url":"https:\/\/www.jesusvico.com\/blog\/wp-content\/uploads\/2022\/09\/Sin-ti\u0301tulo-1-1.png","contentUrl":"https:\/\/www.jesusvico.com\/blog\/wp-content\/uploads\/2022\/09\/Sin-ti\u0301tulo-1-1.png","width":800,"height":200,"caption":"Jes\u00fas Vico"},"image":{"@id":"https:\/\/www.jesusvico.com\/blog\/#\/schema\/logo\/image\/"},"sameAs":["https:\/\/www.facebook.com\/JesusVicoNumismatica","https:\/\/www.instagram.com\/jesusvico_numismatica"]},{"@type":"Person","@id":"https:\/\/www.jesusvico.com\/blog\/#\/schema\/person\/387cca63b8a523b97f8417ba2ea4898d","name":"Beatriz Camino Rodr\u00edguez","image":{"@type":"ImageObject","inLanguage":"es","@id":"https:\/\/www.jesusvico.com\/blog\/#\/schema\/person\/image\/","url":"https:\/\/secure.gravatar.com\/avatar\/209f7097263408e99625109131235b0ad575b41781a227cf958390d2adc61dbb?s=96&d=mm&r=g","contentUrl":"https:\/\/secure.gravatar.com\/avatar\/209f7097263408e99625109131235b0ad575b41781a227cf958390d2adc61dbb?s=96&d=mm&r=g","caption":"Beatriz Camino Rodr\u00edguez"},"url":"https:\/\/www.jesusvico.com\/blog\/author\/beatriz\/"}]}},"_links":{"self":[{"href":"https:\/\/www.jesusvico.com\/blog\/wp-json\/wp\/v2\/posts\/310","targetHints":{"allow":["GET"]}}],"collection":[{"href":"https:\/\/www.jesusvico.com\/blog\/wp-json\/wp\/v2\/posts"}],"about":[{"href":"https:\/\/www.jesusvico.com\/blog\/wp-json\/wp\/v2\/types\/post"}],"author":[{"embeddable":true,"href":"https:\/\/www.jesusvico.com\/blog\/wp-json\/wp\/v2\/users\/5"}],"replies":[{"embeddable":true,"href":"https:\/\/www.jesusvico.com\/blog\/wp-json\/wp\/v2\/comments?post=310"}],"version-history":[{"count":3,"href":"https:\/\/www.jesusvico.com\/blog\/wp-json\/wp\/v2\/posts\/310\/revisions"}],"predecessor-version":[{"id":747,"href":"https:\/\/www.jesusvico.com\/blog\/wp-json\/wp\/v2\/posts\/310\/revisions\/747"}],"wp:featuredmedia":[{"embeddable":true,"href":"https:\/\/www.jesusvico.com\/blog\/wp-json\/wp\/v2\/media\/313"}],"wp:attachment":[{"href":"https:\/\/www.jesusvico.com\/blog\/wp-json\/wp\/v2\/media?parent=310"}],"wp:term":[{"taxonomy":"category","embeddable":true,"href":"https:\/\/www.jesusvico.com\/blog\/wp-json\/wp\/v2\/categories?post=310"},{"taxonomy":"post_tag","embeddable":true,"href":"https:\/\/www.jesusvico.com\/blog\/wp-json\/wp\/v2\/tags?post=310"}],"curies":[{"name":"wp","href":"https:\/\/api.w.org\/{rel}","templated":true}]}}