{"id":370,"date":"2022-10-03T16:12:25","date_gmt":"2022-10-03T16:12:25","guid":{"rendered":"https:\/\/www.jesusvico.com\/blog\/?p=370"},"modified":"2024-03-20T09:19:50","modified_gmt":"2024-03-20T09:19:50","slug":"la-batalla-de-mursa-mayor-28-de-septiembre-de-351","status":"publish","type":"post","link":"https:\/\/www.jesusvico.com\/blog\/la-batalla-de-mursa-mayor-28-de-septiembre-de-351\/","title":{"rendered":"La Batalla de Mursa Mayor, 28 de septiembre de 351"},"content":{"rendered":"\n<p>La batalla de Mursa fue una de las batallas m\u00e1s sangrientas de la historia de Roma. La batalla tuvo lugar el 28 de septiembre de 351, durante la Guerra Civil Romana de 350-353. Condujo a la victoria del emperador Constancio II sobre las fuerzas occidentales dirigidas por el usurpador Magnencio.<\/p>\n\n\n\n<h2 class=\"wp-block-heading\">Antecedentes<\/h2>\n\n\n\n<p>Cuando el emperador Constantino el Grande falleci\u00f3 en 337 no estaba claro qui\u00e9n deber\u00eda ser su sucesor. Aunque sus tres hijos, Constantino II, Constancio II y Constante, eran todos c\u00e9sares que gobernaban diferentes regiones del Imperio, ninguno de ellos ten\u00eda el poder suficiente para llamarse Augusto. Los militares, convencidos de que Constantino hubiera querido que sus hijos gobernaran un imperio tripartito, mataron a otros miembros de la familia del Emperador, provocando una nueva divisi\u00f3n de los territorios romanos. Como resultado, Constantino II qued\u00f3 a cargo de la Galia, Hispania y Gran Breta\u00f1a; Constante gobern\u00f3 sobre Italia, \u00c1frica, Dacia e Iliria; por \u00faltimo, Constantino II adquiri\u00f3 Asia, Egipto y Siria.<br>Sin embargo, unos a\u00f1os m\u00e1s tarde, en el 340, Constantino II atac\u00f3 a Constante con el objetivo de imponer su autoridad sobre Cartago. Como resultado, el propio Constantino II fue asesinado. Constante luego obtuvo el control de las provincias del oeste, gobernando as\u00ed m\u00e1s de dos tercios del Imperio. Mientras tanto, Constancio II estaba ocupado luchando contra los persas en el este.<\/p>\n\n\n\n<p>En 350, los generales y funcionarios civiles de Constante, encabezados por Magnencio, se rebelaron contra \u00e9l y lo asesinaron. Luego, Magnencio fue proclamado Augusto del oeste y r\u00e1pidamente march\u00f3 hacia Italia. Mientras tanto, Vetranio, lugarteniente de Constancio II en Iliria, tambi\u00e9n fue declarado augusto por sus tropas. Constancio II, que ya estaba librando una guerra contra los sas\u00e1nidas, esper\u00f3 a que se retiraran de Nisibis para marchar con su ej\u00e9rcito a Serdica y all\u00ed hacerse cargo de la situaci\u00f3n. All\u00ed conoci\u00f3 a Vetranio, quien accedi\u00f3 a abdicar. Constancio II luego parti\u00f3 hacia el oeste para enfrentarse a Magnencio.<\/p>\n\n\n\n<h2 class=\"wp-block-heading\">La Batalla de Mursa Mayor<\/h2>\n\n\n\n<p>En septiembre de 351, Constancio II intercept\u00f3 a Magnencio mientras sitiaba Mursa, cerca de la provincia de Panonia (actual Osijek, Croacia). Como resultado, este \u00faltimo se vio obligado a replegarse y form\u00f3 su ej\u00e9rcito, que constaba de 36.000 hombres, en el noroeste de Mursa, cerca del r\u00edo Drava. Mientras tanto, Constancio tambi\u00e9n posicion\u00f3 su ej\u00e9rcito y envi\u00f3 a su Prefecto del Pretorio, Flavio Filipo, con una oferta de paz para evitar la batalla. Sin embargo, Magnencio rechaz\u00f3 la propuesta.<\/p>\n\n\n\n<p>La batalla, que tuvo lugar el 28 de septiembre, fue larga y dur\u00f3 hasta el anochecer, cuando el ej\u00e9rcito de Constancio II reclam\u00f3 la victoria y Magnencio se vio obligado a huir hacia el oeste, a Italia, evitando ser capturado en el camino. Tambi\u00e9n fue una de las batallas m\u00e1s brutales en la historia del Imperio Romano, ya que result\u00f3 en la p\u00e9rdida de 54.000 vidas (el ej\u00e9rcito de Constancio perdi\u00f3 30.000 y el de Magnencio 24.000). A\u00fan as\u00ed, el propio Constancio II no particip\u00f3 en la batalla y se enter\u00f3 de su victoria por el obispo de Mursa. Poco despu\u00e9s de esto, el Emperador afirm\u00f3 que la victoria hab\u00eda sido posible gracias a la ayuda de Dios.<\/p>\n\n\n\n<h2 class=\"wp-block-heading\" id=\"h-consecuencias\">Consecuencias<\/h2>\n\n\n\n<p>Tras la victoria Constancio II decidi\u00f3 no perseguir a Magnencio y pas\u00f3 los siguientes meses retomando las ciudades que a\u00fan eran leales a este \u00faltimo. No ser\u00eda hasta dos a\u00f1os despu\u00e9s de la batalla, en el 353, cuando los dos volver\u00edan a enfrentarse en la batalla de Mons Seleucus, donde la victoria de Constancio II llevar\u00eda a Magnencio a quitarse la vida.<\/p>\n\n\n\n<p>Hoy en d\u00eda, la Batalla de Mursa Mayor es considerada por los historiadores como una victoria p\u00edrrica de Constancio II. En ese momento, las bajas de la Batalla de Mursa fueron consideradas por muchos historiadores romanos como extremadamente da\u00f1inas para el Imperio, ya que dej\u00f3 al ej\u00e9rcito tan debilitado que no pudo luchar contra las incursiones b\u00e1rbaras.<\/p>\n\n\n\n<p class=\"has-text-align-right\">Autor: Beatriz Camino Rodr\u00edguez<\/p>\n","protected":false},"excerpt":{"rendered":"<p>La batalla de Mursa fue una de las batallas m\u00e1s sangrientas de la historia de Roma. La batalla tuvo lugar el 28 de septiembre de 351, durante la Guerra Civil Romana de 350-353. Condujo a la victoria del emperador Constancio II sobre las fuerzas occidentales dirigidas por el usurpador Magnencio. Antecedentes Cuando el emperador Constantino [&hellip;]<\/p>\n","protected":false},"author":5,"featured_media":372,"comment_status":"closed","ping_status":"open","sticky":false,"template":"","format":"standard","meta":{"_et_pb_use_builder":"off","_et_pb_old_content":"","_et_gb_content_width":"1920","footnotes":""},"categories":[1],"tags":[],"class_list":["post-370","post","type-post","status-publish","format-standard","has-post-thumbnail","hentry","category-sin-categoria"],"yoast_head":"<!-- This site is optimized with the Yoast SEO Premium plugin v19.3 (Yoast SEO v24.2) - https:\/\/yoast.com\/wordpress\/plugins\/seo\/ -->\n<title>La Batalla de Mursa Mayor, 28 de septiembre de 351 | Jes\u00fas Vico<\/title>\n<meta name=\"robots\" content=\"index, follow, max-snippet:-1, max-image-preview:large, max-video-preview:-1\" \/>\n<link rel=\"canonical\" href=\"https:\/\/www.jesusvico.com\/blog\/la-batalla-de-mursa-mayor-28-de-septiembre-de-351\/\" \/>\n<meta property=\"og:locale\" content=\"es_ES\" \/>\n<meta property=\"og:type\" content=\"article\" \/>\n<meta property=\"og:title\" content=\"La Batalla de Mursa Mayor, 28 de septiembre de 351\" \/>\n<meta property=\"og:description\" content=\"La batalla de Mursa fue una de las batallas m\u00e1s sangrientas de la historia de Roma. La batalla tuvo lugar el 28 de septiembre de 351, durante la Guerra Civil Romana de 350-353. Condujo a la victoria del emperador Constancio II sobre las fuerzas occidentales dirigidas por el usurpador Magnencio. Antecedentes Cuando el emperador Constantino [&hellip;]\" \/>\n<meta property=\"og:url\" content=\"https:\/\/www.jesusvico.com\/blog\/la-batalla-de-mursa-mayor-28-de-septiembre-de-351\/\" \/>\n<meta property=\"og:site_name\" content=\"Jes\u00fas Vico\" \/>\n<meta property=\"article:publisher\" content=\"https:\/\/www.facebook.com\/JesusVicoNumismatica\" \/>\n<meta property=\"article:published_time\" content=\"2022-10-03T16:12:25+00:00\" \/>\n<meta property=\"article:modified_time\" content=\"2024-03-20T09:19:50+00:00\" \/>\n<meta property=\"og:image\" content=\"https:\/\/www.jesusvico.com\/blog\/wp-content\/uploads\/2022\/10\/banner1.jpg\" \/>\n\t<meta property=\"og:image:width\" content=\"1110\" \/>\n\t<meta property=\"og:image:height\" content=\"738\" \/>\n\t<meta property=\"og:image:type\" content=\"image\/jpeg\" \/>\n<meta name=\"author\" content=\"Beatriz Camino Rodr\u00edguez\" \/>\n<meta name=\"twitter:card\" content=\"summary_large_image\" \/>\n<meta name=\"twitter:label1\" content=\"Escrito por\" \/>\n\t<meta name=\"twitter:data1\" content=\"Beatriz Camino Rodr\u00edguez\" \/>\n\t<meta name=\"twitter:label2\" content=\"Tiempo de lectura\" \/>\n\t<meta name=\"twitter:data2\" content=\"3 minutos\" \/>\n<script type=\"application\/ld+json\" class=\"yoast-schema-graph\">{\"@context\":\"https:\/\/schema.org\",\"@graph\":[{\"@type\":\"Article\",\"@id\":\"https:\/\/www.jesusvico.com\/blog\/la-batalla-de-mursa-mayor-28-de-septiembre-de-351\/#article\",\"isPartOf\":{\"@id\":\"https:\/\/www.jesusvico.com\/blog\/la-batalla-de-mursa-mayor-28-de-septiembre-de-351\/\"},\"author\":{\"name\":\"Beatriz Camino Rodr\u00edguez\",\"@id\":\"https:\/\/www.jesusvico.com\/blog\/#\/schema\/person\/387cca63b8a523b97f8417ba2ea4898d\"},\"headline\":\"La Batalla de Mursa Mayor, 28 de septiembre de 351\",\"datePublished\":\"2022-10-03T16:12:25+00:00\",\"dateModified\":\"2024-03-20T09:19:50+00:00\",\"mainEntityOfPage\":{\"@id\":\"https:\/\/www.jesusvico.com\/blog\/la-batalla-de-mursa-mayor-28-de-septiembre-de-351\/\"},\"wordCount\":681,\"publisher\":{\"@id\":\"https:\/\/www.jesusvico.com\/blog\/#organization\"},\"image\":{\"@id\":\"https:\/\/www.jesusvico.com\/blog\/la-batalla-de-mursa-mayor-28-de-septiembre-de-351\/#primaryimage\"},\"thumbnailUrl\":\"https:\/\/www.jesusvico.com\/blog\/wp-content\/uploads\/2022\/10\/banner1.jpg\",\"articleSection\":[\".\"],\"inLanguage\":\"es\"},{\"@type\":\"WebPage\",\"@id\":\"https:\/\/www.jesusvico.com\/blog\/la-batalla-de-mursa-mayor-28-de-septiembre-de-351\/\",\"url\":\"https:\/\/www.jesusvico.com\/blog\/la-batalla-de-mursa-mayor-28-de-septiembre-de-351\/\",\"name\":\"La Batalla de Mursa Mayor, 28 de septiembre de 351 | Jes\u00fas Vico\",\"isPartOf\":{\"@id\":\"https:\/\/www.jesusvico.com\/blog\/#website\"},\"primaryImageOfPage\":{\"@id\":\"https:\/\/www.jesusvico.com\/blog\/la-batalla-de-mursa-mayor-28-de-septiembre-de-351\/#primaryimage\"},\"image\":{\"@id\":\"https:\/\/www.jesusvico.com\/blog\/la-batalla-de-mursa-mayor-28-de-septiembre-de-351\/#primaryimage\"},\"thumbnailUrl\":\"https:\/\/www.jesusvico.com\/blog\/wp-content\/uploads\/2022\/10\/banner1.jpg\",\"datePublished\":\"2022-10-03T16:12:25+00:00\",\"dateModified\":\"2024-03-20T09:19:50+00:00\",\"breadcrumb\":{\"@id\":\"https:\/\/www.jesusvico.com\/blog\/la-batalla-de-mursa-mayor-28-de-septiembre-de-351\/#breadcrumb\"},\"inLanguage\":\"es\",\"potentialAction\":[{\"@type\":\"ReadAction\",\"target\":[\"https:\/\/www.jesusvico.com\/blog\/la-batalla-de-mursa-mayor-28-de-septiembre-de-351\/\"]}]},{\"@type\":\"ImageObject\",\"inLanguage\":\"es\",\"@id\":\"https:\/\/www.jesusvico.com\/blog\/la-batalla-de-mursa-mayor-28-de-septiembre-de-351\/#primaryimage\",\"url\":\"https:\/\/www.jesusvico.com\/blog\/wp-content\/uploads\/2022\/10\/banner1.jpg\",\"contentUrl\":\"https:\/\/www.jesusvico.com\/blog\/wp-content\/uploads\/2022\/10\/banner1.jpg\",\"width\":1110,\"height\":738},{\"@type\":\"BreadcrumbList\",\"@id\":\"https:\/\/www.jesusvico.com\/blog\/la-batalla-de-mursa-mayor-28-de-septiembre-de-351\/#breadcrumb\",\"itemListElement\":[{\"@type\":\"ListItem\",\"position\":1,\"name\":\"Portada\",\"item\":\"https:\/\/www.jesusvico.com\/blog\/\"},{\"@type\":\"ListItem\",\"position\":2,\"name\":\"La Batalla de Mursa Mayor, 28 de septiembre de 351\"}]},{\"@type\":\"WebSite\",\"@id\":\"https:\/\/www.jesusvico.com\/blog\/#website\",\"url\":\"https:\/\/www.jesusvico.com\/blog\/\",\"name\":\"Jes\u00fas Vico\",\"description\":\"Blog - Jes\u00fas Vico\",\"publisher\":{\"@id\":\"https:\/\/www.jesusvico.com\/blog\/#organization\"},\"potentialAction\":[{\"@type\":\"SearchAction\",\"target\":{\"@type\":\"EntryPoint\",\"urlTemplate\":\"https:\/\/www.jesusvico.com\/blog\/?s={search_term_string}\"},\"query-input\":{\"@type\":\"PropertyValueSpecification\",\"valueRequired\":true,\"valueName\":\"search_term_string\"}}],\"inLanguage\":\"es\"},{\"@type\":\"Organization\",\"@id\":\"https:\/\/www.jesusvico.com\/blog\/#organization\",\"name\":\"Jes\u00fas Vico\",\"url\":\"https:\/\/www.jesusvico.com\/blog\/\",\"logo\":{\"@type\":\"ImageObject\",\"inLanguage\":\"es\",\"@id\":\"https:\/\/www.jesusvico.com\/blog\/#\/schema\/logo\/image\/\",\"url\":\"https:\/\/www.jesusvico.com\/blog\/wp-content\/uploads\/2022\/09\/Sin-ti\u0301tulo-1-1.png\",\"contentUrl\":\"https:\/\/www.jesusvico.com\/blog\/wp-content\/uploads\/2022\/09\/Sin-ti\u0301tulo-1-1.png\",\"width\":800,\"height\":200,\"caption\":\"Jes\u00fas Vico\"},\"image\":{\"@id\":\"https:\/\/www.jesusvico.com\/blog\/#\/schema\/logo\/image\/\"},\"sameAs\":[\"https:\/\/www.facebook.com\/JesusVicoNumismatica\",\"https:\/\/www.instagram.com\/jesusvico_numismatica\"]},{\"@type\":\"Person\",\"@id\":\"https:\/\/www.jesusvico.com\/blog\/#\/schema\/person\/387cca63b8a523b97f8417ba2ea4898d\",\"name\":\"Beatriz Camino Rodr\u00edguez\",\"image\":{\"@type\":\"ImageObject\",\"inLanguage\":\"es\",\"@id\":\"https:\/\/www.jesusvico.com\/blog\/#\/schema\/person\/image\/\",\"url\":\"https:\/\/secure.gravatar.com\/avatar\/209f7097263408e99625109131235b0ad575b41781a227cf958390d2adc61dbb?s=96&d=mm&r=g\",\"contentUrl\":\"https:\/\/secure.gravatar.com\/avatar\/209f7097263408e99625109131235b0ad575b41781a227cf958390d2adc61dbb?s=96&d=mm&r=g\",\"caption\":\"Beatriz Camino Rodr\u00edguez\"},\"url\":\"https:\/\/www.jesusvico.com\/blog\/author\/beatriz\/\"}]}<\/script>\n<!-- \/ Yoast SEO Premium plugin. -->","yoast_head_json":{"title":"La Batalla de Mursa Mayor, 28 de septiembre de 351 | Jes\u00fas Vico","robots":{"index":"index","follow":"follow","max-snippet":"max-snippet:-1","max-image-preview":"max-image-preview:large","max-video-preview":"max-video-preview:-1"},"canonical":"https:\/\/www.jesusvico.com\/blog\/la-batalla-de-mursa-mayor-28-de-septiembre-de-351\/","og_locale":"es_ES","og_type":"article","og_title":"La Batalla de Mursa Mayor, 28 de septiembre de 351","og_description":"La batalla de Mursa fue una de las batallas m\u00e1s sangrientas de la historia de Roma. La batalla tuvo lugar el 28 de septiembre de 351, durante la Guerra Civil Romana de 350-353. Condujo a la victoria del emperador Constancio II sobre las fuerzas occidentales dirigidas por el usurpador Magnencio. Antecedentes Cuando el emperador Constantino [&hellip;]","og_url":"https:\/\/www.jesusvico.com\/blog\/la-batalla-de-mursa-mayor-28-de-septiembre-de-351\/","og_site_name":"Jes\u00fas Vico","article_publisher":"https:\/\/www.facebook.com\/JesusVicoNumismatica","article_published_time":"2022-10-03T16:12:25+00:00","article_modified_time":"2024-03-20T09:19:50+00:00","og_image":[{"width":1110,"height":738,"url":"https:\/\/www.jesusvico.com\/blog\/wp-content\/uploads\/2022\/10\/banner1.jpg","type":"image\/jpeg"}],"author":"Beatriz Camino Rodr\u00edguez","twitter_card":"summary_large_image","twitter_misc":{"Escrito por":"Beatriz Camino Rodr\u00edguez","Tiempo de lectura":"3 minutos"},"schema":{"@context":"https:\/\/schema.org","@graph":[{"@type":"Article","@id":"https:\/\/www.jesusvico.com\/blog\/la-batalla-de-mursa-mayor-28-de-septiembre-de-351\/#article","isPartOf":{"@id":"https:\/\/www.jesusvico.com\/blog\/la-batalla-de-mursa-mayor-28-de-septiembre-de-351\/"},"author":{"name":"Beatriz Camino Rodr\u00edguez","@id":"https:\/\/www.jesusvico.com\/blog\/#\/schema\/person\/387cca63b8a523b97f8417ba2ea4898d"},"headline":"La Batalla de Mursa Mayor, 28 de septiembre de 351","datePublished":"2022-10-03T16:12:25+00:00","dateModified":"2024-03-20T09:19:50+00:00","mainEntityOfPage":{"@id":"https:\/\/www.jesusvico.com\/blog\/la-batalla-de-mursa-mayor-28-de-septiembre-de-351\/"},"wordCount":681,"publisher":{"@id":"https:\/\/www.jesusvico.com\/blog\/#organization"},"image":{"@id":"https:\/\/www.jesusvico.com\/blog\/la-batalla-de-mursa-mayor-28-de-septiembre-de-351\/#primaryimage"},"thumbnailUrl":"https:\/\/www.jesusvico.com\/blog\/wp-content\/uploads\/2022\/10\/banner1.jpg","articleSection":["."],"inLanguage":"es"},{"@type":"WebPage","@id":"https:\/\/www.jesusvico.com\/blog\/la-batalla-de-mursa-mayor-28-de-septiembre-de-351\/","url":"https:\/\/www.jesusvico.com\/blog\/la-batalla-de-mursa-mayor-28-de-septiembre-de-351\/","name":"La Batalla de Mursa Mayor, 28 de septiembre de 351 | Jes\u00fas Vico","isPartOf":{"@id":"https:\/\/www.jesusvico.com\/blog\/#website"},"primaryImageOfPage":{"@id":"https:\/\/www.jesusvico.com\/blog\/la-batalla-de-mursa-mayor-28-de-septiembre-de-351\/#primaryimage"},"image":{"@id":"https:\/\/www.jesusvico.com\/blog\/la-batalla-de-mursa-mayor-28-de-septiembre-de-351\/#primaryimage"},"thumbnailUrl":"https:\/\/www.jesusvico.com\/blog\/wp-content\/uploads\/2022\/10\/banner1.jpg","datePublished":"2022-10-03T16:12:25+00:00","dateModified":"2024-03-20T09:19:50+00:00","breadcrumb":{"@id":"https:\/\/www.jesusvico.com\/blog\/la-batalla-de-mursa-mayor-28-de-septiembre-de-351\/#breadcrumb"},"inLanguage":"es","potentialAction":[{"@type":"ReadAction","target":["https:\/\/www.jesusvico.com\/blog\/la-batalla-de-mursa-mayor-28-de-septiembre-de-351\/"]}]},{"@type":"ImageObject","inLanguage":"es","@id":"https:\/\/www.jesusvico.com\/blog\/la-batalla-de-mursa-mayor-28-de-septiembre-de-351\/#primaryimage","url":"https:\/\/www.jesusvico.com\/blog\/wp-content\/uploads\/2022\/10\/banner1.jpg","contentUrl":"https:\/\/www.jesusvico.com\/blog\/wp-content\/uploads\/2022\/10\/banner1.jpg","width":1110,"height":738},{"@type":"BreadcrumbList","@id":"https:\/\/www.jesusvico.com\/blog\/la-batalla-de-mursa-mayor-28-de-septiembre-de-351\/#breadcrumb","itemListElement":[{"@type":"ListItem","position":1,"name":"Portada","item":"https:\/\/www.jesusvico.com\/blog\/"},{"@type":"ListItem","position":2,"name":"La Batalla de Mursa Mayor, 28 de septiembre de 351"}]},{"@type":"WebSite","@id":"https:\/\/www.jesusvico.com\/blog\/#website","url":"https:\/\/www.jesusvico.com\/blog\/","name":"Jes\u00fas Vico","description":"Blog - Jes\u00fas Vico","publisher":{"@id":"https:\/\/www.jesusvico.com\/blog\/#organization"},"potentialAction":[{"@type":"SearchAction","target":{"@type":"EntryPoint","urlTemplate":"https:\/\/www.jesusvico.com\/blog\/?s={search_term_string}"},"query-input":{"@type":"PropertyValueSpecification","valueRequired":true,"valueName":"search_term_string"}}],"inLanguage":"es"},{"@type":"Organization","@id":"https:\/\/www.jesusvico.com\/blog\/#organization","name":"Jes\u00fas Vico","url":"https:\/\/www.jesusvico.com\/blog\/","logo":{"@type":"ImageObject","inLanguage":"es","@id":"https:\/\/www.jesusvico.com\/blog\/#\/schema\/logo\/image\/","url":"https:\/\/www.jesusvico.com\/blog\/wp-content\/uploads\/2022\/09\/Sin-ti\u0301tulo-1-1.png","contentUrl":"https:\/\/www.jesusvico.com\/blog\/wp-content\/uploads\/2022\/09\/Sin-ti\u0301tulo-1-1.png","width":800,"height":200,"caption":"Jes\u00fas Vico"},"image":{"@id":"https:\/\/www.jesusvico.com\/blog\/#\/schema\/logo\/image\/"},"sameAs":["https:\/\/www.facebook.com\/JesusVicoNumismatica","https:\/\/www.instagram.com\/jesusvico_numismatica"]},{"@type":"Person","@id":"https:\/\/www.jesusvico.com\/blog\/#\/schema\/person\/387cca63b8a523b97f8417ba2ea4898d","name":"Beatriz Camino Rodr\u00edguez","image":{"@type":"ImageObject","inLanguage":"es","@id":"https:\/\/www.jesusvico.com\/blog\/#\/schema\/person\/image\/","url":"https:\/\/secure.gravatar.com\/avatar\/209f7097263408e99625109131235b0ad575b41781a227cf958390d2adc61dbb?s=96&d=mm&r=g","contentUrl":"https:\/\/secure.gravatar.com\/avatar\/209f7097263408e99625109131235b0ad575b41781a227cf958390d2adc61dbb?s=96&d=mm&r=g","caption":"Beatriz Camino Rodr\u00edguez"},"url":"https:\/\/www.jesusvico.com\/blog\/author\/beatriz\/"}]}},"_links":{"self":[{"href":"https:\/\/www.jesusvico.com\/blog\/wp-json\/wp\/v2\/posts\/370","targetHints":{"allow":["GET"]}}],"collection":[{"href":"https:\/\/www.jesusvico.com\/blog\/wp-json\/wp\/v2\/posts"}],"about":[{"href":"https:\/\/www.jesusvico.com\/blog\/wp-json\/wp\/v2\/types\/post"}],"author":[{"embeddable":true,"href":"https:\/\/www.jesusvico.com\/blog\/wp-json\/wp\/v2\/users\/5"}],"replies":[{"embeddable":true,"href":"https:\/\/www.jesusvico.com\/blog\/wp-json\/wp\/v2\/comments?post=370"}],"version-history":[{"count":2,"href":"https:\/\/www.jesusvico.com\/blog\/wp-json\/wp\/v2\/posts\/370\/revisions"}],"predecessor-version":[{"id":374,"href":"https:\/\/www.jesusvico.com\/blog\/wp-json\/wp\/v2\/posts\/370\/revisions\/374"}],"wp:featuredmedia":[{"embeddable":true,"href":"https:\/\/www.jesusvico.com\/blog\/wp-json\/wp\/v2\/media\/372"}],"wp:attachment":[{"href":"https:\/\/www.jesusvico.com\/blog\/wp-json\/wp\/v2\/media?parent=370"}],"wp:term":[{"taxonomy":"category","embeddable":true,"href":"https:\/\/www.jesusvico.com\/blog\/wp-json\/wp\/v2\/categories?post=370"},{"taxonomy":"post_tag","embeddable":true,"href":"https:\/\/www.jesusvico.com\/blog\/wp-json\/wp\/v2\/tags?post=370"}],"curies":[{"name":"wp","href":"https:\/\/api.w.org\/{rel}","templated":true}]}}