{"id":413,"date":"2022-10-24T10:00:00","date_gmt":"2022-10-24T10:00:00","guid":{"rendered":"https:\/\/www.jesusvico.com\/blog\/?p=413"},"modified":"2024-03-20T09:19:21","modified_gmt":"2024-03-20T09:19:21","slug":"el-estrecho-de-magallanes-21-de-octubre-de-1520","status":"publish","type":"post","link":"https:\/\/www.jesusvico.com\/blog\/el-estrecho-de-magallanes-21-de-octubre-de-1520\/","title":{"rendered":"El Estrecho de Magallanes, 21 de octubre de 1520"},"content":{"rendered":"\n<p>El 21 de octubre de 1520, el explorador portugu\u00e9s Fernando de Magallanes descubri\u00f3 un estrecho que separa Am\u00e9rica del Sur continental al norte y Tierra del Fuego al sur. El estrecho, que lleva el nombre de Magallanes, es el paso natural m\u00e1s importante entre los oc\u00e9anos Atl\u00e1ntico y Pac\u00edfico.<\/p>\n\n\n\n<h2 class=\"wp-block-heading\" id=\"h-antecedentes\"><strong>Antecedentes&nbsp;<\/strong><\/h2>\n\n\n\n<p>Tras comprobar que las Am\u00e9ricas eran otro continente y no parte de Asia, a Espa\u00f1a le resultaba urgente encontrar una nueva ruta comercial hacia \u00e9sta. Sin embargo, como el Tratado de Tordesillas (1494) reservaba a Portugal las rutas orientales que rodeaban \u00c1frica, Espa\u00f1a encarg\u00f3 expediciones para encontrar una hacia el oeste.&nbsp;<\/p>\n\n\n\n<p>Mientras tanto, el navegante portugu\u00e9s Fernando de Magallanes plane\u00f3 una expedici\u00f3n a las Molucas, tambi\u00e9n conocidas como las Islas de las Especias, despu\u00e9s de que su primo, que form\u00f3 parte de la primera expedici\u00f3n a las islas, le hablara de su belleza y riqueza. Magallanes pidi\u00f3 varias veces al rey Manuel I de Portugal que financiara su expedici\u00f3n, pero fue rechazado. Unos a\u00f1os m\u00e1s tarde, Magallanes consigui\u00f3 el permiso del Rey para servir a otro se\u00f1or y decidi\u00f3 pedir financiaci\u00f3n a Carlos I de Castilla y Arag\u00f3n (futuro emperador del Sacro Imperio Romano Germ\u00e1nico, Carlos V). El Rey acept\u00f3 la propuesta, sabiendo que, si ten\u00eda \u00e9xito, Espa\u00f1a dispondr\u00eda de una ruta de las especias sin perjudicar las relaciones con los portugueses.&nbsp;<\/p>\n\n\n\n<h2 class=\"wp-block-heading\"><strong>El descubrimiento del Estrecho&nbsp;<\/strong><\/h2>\n\n\n\n<p>El 10 de agosto de 1519, Magallanes y su tripulaci\u00f3n partieron de Sevilla con cinco naves y bajaron a Sanl\u00facar de Barrameda. Tras permanecer all\u00ed cinco semanas, zarparon finalmente el 20 de septiembre de 1519. El 26 de septiembre, la flota hizo una parada en Tenerife, en las Islas Canarias, para recoger los \u00faltimos suministros. All\u00ed, Magallanes recibi\u00f3 un mensaje de su suegro advirti\u00e9ndole de que algunos de sus capitanes castellanos estaban planeando un mot\u00edn y que el rey de Portugal hab\u00eda enviado dos flotas de carabelas para detenerlo.<\/p>\n\n\n\n<p>El 3 de octubre, partieron de las Islas Canarias navegando hacia el sur por la costa africana para eludir a las carabelas portuguesas. Poco despu\u00e9s, los capitanes de Magallanes empezaron a desafiar su liderazgo, acus\u00e1ndole de poner en peligro los barcos del Rey al elegir otra ruta. Uno de los capitanes, el de Cartagena, afirm\u00f3 que no aceptaba \u00f3rdenes suyas, y Magallanes hizo que lo arrestaran y lo sustituyeran.<\/p>\n\n\n\n<p>Poco m\u00e1s de un mes despu\u00e9s de su partida, las naves alcanzaron la costa de Brasil y navegaron hacia el sur en busca de un paso que los llevara al Oc\u00e9ano Pac\u00edfico a trav\u00e9s de Sudam\u00e9rica. En marzo de 1520, la tripulaci\u00f3n se vio obligada a hacer una parada en Puerto San Juli\u00e1n, ya que las condiciones meteorol\u00f3gicas hac\u00edan peligrosa la navegaci\u00f3n. Mientras tanto, Magallanes envi\u00f3 una de sus naves, la Santiago, a explorar la ruta por delante. El barco naufrag\u00f3 durante una tormenta, pero la mayor\u00eda de los miembros de la tripulaci\u00f3n sobrevivieron y descubrieron el puerto de Santa Cruz. Despu\u00e9s de que algunos de los supervivientes consiguieran llegar a San Juli\u00e1n y contaran su descubrimiento a Magallanes, \u00e9ste decidi\u00f3 pasar all\u00ed el resto del invierno.&nbsp;&nbsp;<\/p>\n\n\n\n<p>La flota pas\u00f3 seis semanas en el Puerto de Santa Cruz hasta que el tiempo mejor\u00f3 y pudieron volver a navegar. El 21 de octubre, Magallanes encontr\u00f3 por fin el paso que buscaba. Al principio, lo denomin\u00f3 Estrecho de Todos Los Santos, porque la flota lo atraves\u00f3 el 1 de noviembre. Una semana despu\u00e9s de encontrar el estrecho, llegaron a una isla que se pod\u00eda pasar en una de las dos direcciones, por lo que Magallanes decidi\u00f3 dividir su flota y reagruparse unos d\u00edas despu\u00e9s. Sin embargo, uno de estos barcos, el San Antonio, nunca se reunir\u00eda con ellos. Para el 28 de noviembre, la flota complet\u00f3 el viaje hacia el Oc\u00e9ano Pac\u00edfico.&nbsp;<\/p>\n\n\n\n<h2 class=\"wp-block-heading\"><strong>La muerte y el legado de Magallanes&nbsp;<\/strong><\/h2>\n\n\n\n<p>Magallanes y su tripulaci\u00f3n navegaron por el Oc\u00e9ano Pac\u00edfico durante tres meses antes de llegar a la isla de Guam en marzo de 1521. A continuaci\u00f3n, navegaron hasta las Filipinas y desembarcaron en la isla de Ceb\u00fa. All\u00ed, Magallanes se hizo amigo de los ind\u00edgenas y trat\u00f3 de convertirlos al cristianismo. Por eso, cuando los ceb\u00faes le pidieron ayuda para luchar contra sus vecinos en la isla de Mactan, acept\u00f3. El explorador muri\u00f3 durante la batalla contra los mactaneses el 27 de abril de 1521.&nbsp; Aunque Magallanes nunca lleg\u00f3 a las Islas de las Especias, dos de sus barcos alcanzaron las Molucas el 5 de noviembre de 1521. S\u00f3lo una de ellas, la Victoria, complet\u00f3 la vuelta al mundo y lleg\u00f3 de vuelta a Sevilla en septiembre de 1522.&nbsp;<\/p>\n\n\n\n<p>Aunque la ruta por el Estrecho de Magallanes era impracticable por ser demasiado peligrosa y larga, la expedici\u00f3n de Magallanes contribuy\u00f3 a la expansi\u00f3n del conocimiento geogr\u00e1fico europeo, ya que encontr\u00f3 un oc\u00e9ano enorme y descubri\u00f3 que la Tierra era mucho m\u00e1s grande de lo que se pensaba. Adem\u00e1s, aunque ya no se cre\u00eda que la Tierra era plana, su circunnavegaci\u00f3n del globo desacredit\u00f3 la teor\u00eda medieval de forma concluyente. Hoy en d\u00eda, su expedici\u00f3n se considera el mayor viaje mar\u00edtimo de la Era de los Descubrimientos y el paso que encontr\u00f3 recibe el nombre de Estrecho de Magallanes.<\/p>\n\n\n\n<p>Autora: Beatriz Camino Rodr\u00edguez<\/p>\n","protected":false},"excerpt":{"rendered":"<p>El 21 de octubre de 1520, el explorador portugu\u00e9s Fernando de Magallanes descubri\u00f3 un estrecho que separa Am\u00e9rica del Sur continental al norte y Tierra del Fuego al sur. El estrecho, que lleva el nombre de Magallanes, es el paso natural m\u00e1s importante entre los oc\u00e9anos Atl\u00e1ntico y Pac\u00edfico. Antecedentes&nbsp; Tras comprobar que las Am\u00e9ricas [&hellip;]<\/p>\n","protected":false},"author":5,"featured_media":415,"comment_status":"closed","ping_status":"open","sticky":false,"template":"","format":"standard","meta":{"_et_pb_use_builder":"off","_et_pb_old_content":"","_et_gb_content_width":"","footnotes":""},"categories":[1],"tags":[],"class_list":["post-413","post","type-post","status-publish","format-standard","has-post-thumbnail","hentry","category-sin-categoria"],"yoast_head":"<!-- This site is optimized with the Yoast SEO Premium plugin v19.3 (Yoast SEO v24.2) - https:\/\/yoast.com\/wordpress\/plugins\/seo\/ -->\n<title>El Estrecho de Magallanes, 21 de octubre de 1520 | Jes\u00fas Vico<\/title>\n<meta name=\"robots\" content=\"index, follow, max-snippet:-1, max-image-preview:large, max-video-preview:-1\" \/>\n<link rel=\"canonical\" href=\"https:\/\/www.jesusvico.com\/blog\/el-estrecho-de-magallanes-21-de-octubre-de-1520\/\" \/>\n<meta property=\"og:locale\" content=\"es_ES\" \/>\n<meta property=\"og:type\" content=\"article\" \/>\n<meta property=\"og:title\" content=\"El Estrecho de Magallanes, 21 de octubre de 1520\" \/>\n<meta property=\"og:description\" content=\"El 21 de octubre de 1520, el explorador portugu\u00e9s Fernando de Magallanes descubri\u00f3 un estrecho que separa Am\u00e9rica del Sur continental al norte y Tierra del Fuego al sur. El estrecho, que lleva el nombre de Magallanes, es el paso natural m\u00e1s importante entre los oc\u00e9anos Atl\u00e1ntico y Pac\u00edfico. Antecedentes&nbsp; Tras comprobar que las Am\u00e9ricas [&hellip;]\" \/>\n<meta property=\"og:url\" content=\"https:\/\/www.jesusvico.com\/blog\/el-estrecho-de-magallanes-21-de-octubre-de-1520\/\" \/>\n<meta property=\"og:site_name\" content=\"Jes\u00fas Vico\" \/>\n<meta property=\"article:publisher\" content=\"https:\/\/www.facebook.com\/JesusVicoNumismatica\" \/>\n<meta property=\"article:published_time\" content=\"2022-10-24T10:00:00+00:00\" \/>\n<meta property=\"article:modified_time\" content=\"2024-03-20T09:19:21+00:00\" \/>\n<meta property=\"og:image\" content=\"https:\/\/www.jesusvico.com\/blog\/wp-content\/uploads\/2022\/10\/banner3-2.jpg\" \/>\n\t<meta property=\"og:image:width\" content=\"1110\" \/>\n\t<meta property=\"og:image:height\" content=\"738\" \/>\n\t<meta property=\"og:image:type\" content=\"image\/jpeg\" \/>\n<meta name=\"author\" content=\"Beatriz Camino Rodr\u00edguez\" \/>\n<meta name=\"twitter:card\" content=\"summary_large_image\" \/>\n<meta name=\"twitter:label1\" content=\"Escrito por\" \/>\n\t<meta name=\"twitter:data1\" content=\"Beatriz Camino Rodr\u00edguez\" \/>\n\t<meta name=\"twitter:label2\" content=\"Tiempo de lectura\" \/>\n\t<meta name=\"twitter:data2\" content=\"4 minutos\" \/>\n<script type=\"application\/ld+json\" class=\"yoast-schema-graph\">{\"@context\":\"https:\/\/schema.org\",\"@graph\":[{\"@type\":\"Article\",\"@id\":\"https:\/\/www.jesusvico.com\/blog\/el-estrecho-de-magallanes-21-de-octubre-de-1520\/#article\",\"isPartOf\":{\"@id\":\"https:\/\/www.jesusvico.com\/blog\/el-estrecho-de-magallanes-21-de-octubre-de-1520\/\"},\"author\":{\"name\":\"Beatriz Camino Rodr\u00edguez\",\"@id\":\"https:\/\/www.jesusvico.com\/blog\/#\/schema\/person\/387cca63b8a523b97f8417ba2ea4898d\"},\"headline\":\"El Estrecho de Magallanes, 21 de octubre de 1520\",\"datePublished\":\"2022-10-24T10:00:00+00:00\",\"dateModified\":\"2024-03-20T09:19:21+00:00\",\"mainEntityOfPage\":{\"@id\":\"https:\/\/www.jesusvico.com\/blog\/el-estrecho-de-magallanes-21-de-octubre-de-1520\/\"},\"wordCount\":934,\"publisher\":{\"@id\":\"https:\/\/www.jesusvico.com\/blog\/#organization\"},\"image\":{\"@id\":\"https:\/\/www.jesusvico.com\/blog\/el-estrecho-de-magallanes-21-de-octubre-de-1520\/#primaryimage\"},\"thumbnailUrl\":\"https:\/\/www.jesusvico.com\/blog\/wp-content\/uploads\/2022\/10\/banner3-2.jpg\",\"articleSection\":[\".\"],\"inLanguage\":\"es\"},{\"@type\":\"WebPage\",\"@id\":\"https:\/\/www.jesusvico.com\/blog\/el-estrecho-de-magallanes-21-de-octubre-de-1520\/\",\"url\":\"https:\/\/www.jesusvico.com\/blog\/el-estrecho-de-magallanes-21-de-octubre-de-1520\/\",\"name\":\"El Estrecho de Magallanes, 21 de octubre de 1520 | Jes\u00fas Vico\",\"isPartOf\":{\"@id\":\"https:\/\/www.jesusvico.com\/blog\/#website\"},\"primaryImageOfPage\":{\"@id\":\"https:\/\/www.jesusvico.com\/blog\/el-estrecho-de-magallanes-21-de-octubre-de-1520\/#primaryimage\"},\"image\":{\"@id\":\"https:\/\/www.jesusvico.com\/blog\/el-estrecho-de-magallanes-21-de-octubre-de-1520\/#primaryimage\"},\"thumbnailUrl\":\"https:\/\/www.jesusvico.com\/blog\/wp-content\/uploads\/2022\/10\/banner3-2.jpg\",\"datePublished\":\"2022-10-24T10:00:00+00:00\",\"dateModified\":\"2024-03-20T09:19:21+00:00\",\"breadcrumb\":{\"@id\":\"https:\/\/www.jesusvico.com\/blog\/el-estrecho-de-magallanes-21-de-octubre-de-1520\/#breadcrumb\"},\"inLanguage\":\"es\",\"potentialAction\":[{\"@type\":\"ReadAction\",\"target\":[\"https:\/\/www.jesusvico.com\/blog\/el-estrecho-de-magallanes-21-de-octubre-de-1520\/\"]}]},{\"@type\":\"ImageObject\",\"inLanguage\":\"es\",\"@id\":\"https:\/\/www.jesusvico.com\/blog\/el-estrecho-de-magallanes-21-de-octubre-de-1520\/#primaryimage\",\"url\":\"https:\/\/www.jesusvico.com\/blog\/wp-content\/uploads\/2022\/10\/banner3-2.jpg\",\"contentUrl\":\"https:\/\/www.jesusvico.com\/blog\/wp-content\/uploads\/2022\/10\/banner3-2.jpg\",\"width\":1110,\"height\":738},{\"@type\":\"BreadcrumbList\",\"@id\":\"https:\/\/www.jesusvico.com\/blog\/el-estrecho-de-magallanes-21-de-octubre-de-1520\/#breadcrumb\",\"itemListElement\":[{\"@type\":\"ListItem\",\"position\":1,\"name\":\"Portada\",\"item\":\"https:\/\/www.jesusvico.com\/blog\/\"},{\"@type\":\"ListItem\",\"position\":2,\"name\":\"El Estrecho de Magallanes, 21 de octubre de 1520\"}]},{\"@type\":\"WebSite\",\"@id\":\"https:\/\/www.jesusvico.com\/blog\/#website\",\"url\":\"https:\/\/www.jesusvico.com\/blog\/\",\"name\":\"Jes\u00fas Vico\",\"description\":\"Blog - Jes\u00fas Vico\",\"publisher\":{\"@id\":\"https:\/\/www.jesusvico.com\/blog\/#organization\"},\"potentialAction\":[{\"@type\":\"SearchAction\",\"target\":{\"@type\":\"EntryPoint\",\"urlTemplate\":\"https:\/\/www.jesusvico.com\/blog\/?s={search_term_string}\"},\"query-input\":{\"@type\":\"PropertyValueSpecification\",\"valueRequired\":true,\"valueName\":\"search_term_string\"}}],\"inLanguage\":\"es\"},{\"@type\":\"Organization\",\"@id\":\"https:\/\/www.jesusvico.com\/blog\/#organization\",\"name\":\"Jes\u00fas Vico\",\"url\":\"https:\/\/www.jesusvico.com\/blog\/\",\"logo\":{\"@type\":\"ImageObject\",\"inLanguage\":\"es\",\"@id\":\"https:\/\/www.jesusvico.com\/blog\/#\/schema\/logo\/image\/\",\"url\":\"https:\/\/www.jesusvico.com\/blog\/wp-content\/uploads\/2022\/09\/Sin-ti\u0301tulo-1-1.png\",\"contentUrl\":\"https:\/\/www.jesusvico.com\/blog\/wp-content\/uploads\/2022\/09\/Sin-ti\u0301tulo-1-1.png\",\"width\":800,\"height\":200,\"caption\":\"Jes\u00fas Vico\"},\"image\":{\"@id\":\"https:\/\/www.jesusvico.com\/blog\/#\/schema\/logo\/image\/\"},\"sameAs\":[\"https:\/\/www.facebook.com\/JesusVicoNumismatica\",\"https:\/\/www.instagram.com\/jesusvico_numismatica\"]},{\"@type\":\"Person\",\"@id\":\"https:\/\/www.jesusvico.com\/blog\/#\/schema\/person\/387cca63b8a523b97f8417ba2ea4898d\",\"name\":\"Beatriz Camino Rodr\u00edguez\",\"image\":{\"@type\":\"ImageObject\",\"inLanguage\":\"es\",\"@id\":\"https:\/\/www.jesusvico.com\/blog\/#\/schema\/person\/image\/\",\"url\":\"https:\/\/secure.gravatar.com\/avatar\/209f7097263408e99625109131235b0ad575b41781a227cf958390d2adc61dbb?s=96&d=mm&r=g\",\"contentUrl\":\"https:\/\/secure.gravatar.com\/avatar\/209f7097263408e99625109131235b0ad575b41781a227cf958390d2adc61dbb?s=96&d=mm&r=g\",\"caption\":\"Beatriz Camino Rodr\u00edguez\"},\"url\":\"https:\/\/www.jesusvico.com\/blog\/author\/beatriz\/\"}]}<\/script>\n<!-- \/ Yoast SEO Premium plugin. -->","yoast_head_json":{"title":"El Estrecho de Magallanes, 21 de octubre de 1520 | Jes\u00fas Vico","robots":{"index":"index","follow":"follow","max-snippet":"max-snippet:-1","max-image-preview":"max-image-preview:large","max-video-preview":"max-video-preview:-1"},"canonical":"https:\/\/www.jesusvico.com\/blog\/el-estrecho-de-magallanes-21-de-octubre-de-1520\/","og_locale":"es_ES","og_type":"article","og_title":"El Estrecho de Magallanes, 21 de octubre de 1520","og_description":"El 21 de octubre de 1520, el explorador portugu\u00e9s Fernando de Magallanes descubri\u00f3 un estrecho que separa Am\u00e9rica del Sur continental al norte y Tierra del Fuego al sur. El estrecho, que lleva el nombre de Magallanes, es el paso natural m\u00e1s importante entre los oc\u00e9anos Atl\u00e1ntico y Pac\u00edfico. Antecedentes&nbsp; Tras comprobar que las Am\u00e9ricas [&hellip;]","og_url":"https:\/\/www.jesusvico.com\/blog\/el-estrecho-de-magallanes-21-de-octubre-de-1520\/","og_site_name":"Jes\u00fas Vico","article_publisher":"https:\/\/www.facebook.com\/JesusVicoNumismatica","article_published_time":"2022-10-24T10:00:00+00:00","article_modified_time":"2024-03-20T09:19:21+00:00","og_image":[{"width":1110,"height":738,"url":"https:\/\/www.jesusvico.com\/blog\/wp-content\/uploads\/2022\/10\/banner3-2.jpg","type":"image\/jpeg"}],"author":"Beatriz Camino Rodr\u00edguez","twitter_card":"summary_large_image","twitter_misc":{"Escrito por":"Beatriz Camino Rodr\u00edguez","Tiempo de lectura":"4 minutos"},"schema":{"@context":"https:\/\/schema.org","@graph":[{"@type":"Article","@id":"https:\/\/www.jesusvico.com\/blog\/el-estrecho-de-magallanes-21-de-octubre-de-1520\/#article","isPartOf":{"@id":"https:\/\/www.jesusvico.com\/blog\/el-estrecho-de-magallanes-21-de-octubre-de-1520\/"},"author":{"name":"Beatriz Camino Rodr\u00edguez","@id":"https:\/\/www.jesusvico.com\/blog\/#\/schema\/person\/387cca63b8a523b97f8417ba2ea4898d"},"headline":"El Estrecho de Magallanes, 21 de octubre de 1520","datePublished":"2022-10-24T10:00:00+00:00","dateModified":"2024-03-20T09:19:21+00:00","mainEntityOfPage":{"@id":"https:\/\/www.jesusvico.com\/blog\/el-estrecho-de-magallanes-21-de-octubre-de-1520\/"},"wordCount":934,"publisher":{"@id":"https:\/\/www.jesusvico.com\/blog\/#organization"},"image":{"@id":"https:\/\/www.jesusvico.com\/blog\/el-estrecho-de-magallanes-21-de-octubre-de-1520\/#primaryimage"},"thumbnailUrl":"https:\/\/www.jesusvico.com\/blog\/wp-content\/uploads\/2022\/10\/banner3-2.jpg","articleSection":["."],"inLanguage":"es"},{"@type":"WebPage","@id":"https:\/\/www.jesusvico.com\/blog\/el-estrecho-de-magallanes-21-de-octubre-de-1520\/","url":"https:\/\/www.jesusvico.com\/blog\/el-estrecho-de-magallanes-21-de-octubre-de-1520\/","name":"El Estrecho de Magallanes, 21 de octubre de 1520 | Jes\u00fas Vico","isPartOf":{"@id":"https:\/\/www.jesusvico.com\/blog\/#website"},"primaryImageOfPage":{"@id":"https:\/\/www.jesusvico.com\/blog\/el-estrecho-de-magallanes-21-de-octubre-de-1520\/#primaryimage"},"image":{"@id":"https:\/\/www.jesusvico.com\/blog\/el-estrecho-de-magallanes-21-de-octubre-de-1520\/#primaryimage"},"thumbnailUrl":"https:\/\/www.jesusvico.com\/blog\/wp-content\/uploads\/2022\/10\/banner3-2.jpg","datePublished":"2022-10-24T10:00:00+00:00","dateModified":"2024-03-20T09:19:21+00:00","breadcrumb":{"@id":"https:\/\/www.jesusvico.com\/blog\/el-estrecho-de-magallanes-21-de-octubre-de-1520\/#breadcrumb"},"inLanguage":"es","potentialAction":[{"@type":"ReadAction","target":["https:\/\/www.jesusvico.com\/blog\/el-estrecho-de-magallanes-21-de-octubre-de-1520\/"]}]},{"@type":"ImageObject","inLanguage":"es","@id":"https:\/\/www.jesusvico.com\/blog\/el-estrecho-de-magallanes-21-de-octubre-de-1520\/#primaryimage","url":"https:\/\/www.jesusvico.com\/blog\/wp-content\/uploads\/2022\/10\/banner3-2.jpg","contentUrl":"https:\/\/www.jesusvico.com\/blog\/wp-content\/uploads\/2022\/10\/banner3-2.jpg","width":1110,"height":738},{"@type":"BreadcrumbList","@id":"https:\/\/www.jesusvico.com\/blog\/el-estrecho-de-magallanes-21-de-octubre-de-1520\/#breadcrumb","itemListElement":[{"@type":"ListItem","position":1,"name":"Portada","item":"https:\/\/www.jesusvico.com\/blog\/"},{"@type":"ListItem","position":2,"name":"El Estrecho de Magallanes, 21 de octubre de 1520"}]},{"@type":"WebSite","@id":"https:\/\/www.jesusvico.com\/blog\/#website","url":"https:\/\/www.jesusvico.com\/blog\/","name":"Jes\u00fas Vico","description":"Blog - Jes\u00fas Vico","publisher":{"@id":"https:\/\/www.jesusvico.com\/blog\/#organization"},"potentialAction":[{"@type":"SearchAction","target":{"@type":"EntryPoint","urlTemplate":"https:\/\/www.jesusvico.com\/blog\/?s={search_term_string}"},"query-input":{"@type":"PropertyValueSpecification","valueRequired":true,"valueName":"search_term_string"}}],"inLanguage":"es"},{"@type":"Organization","@id":"https:\/\/www.jesusvico.com\/blog\/#organization","name":"Jes\u00fas Vico","url":"https:\/\/www.jesusvico.com\/blog\/","logo":{"@type":"ImageObject","inLanguage":"es","@id":"https:\/\/www.jesusvico.com\/blog\/#\/schema\/logo\/image\/","url":"https:\/\/www.jesusvico.com\/blog\/wp-content\/uploads\/2022\/09\/Sin-ti\u0301tulo-1-1.png","contentUrl":"https:\/\/www.jesusvico.com\/blog\/wp-content\/uploads\/2022\/09\/Sin-ti\u0301tulo-1-1.png","width":800,"height":200,"caption":"Jes\u00fas Vico"},"image":{"@id":"https:\/\/www.jesusvico.com\/blog\/#\/schema\/logo\/image\/"},"sameAs":["https:\/\/www.facebook.com\/JesusVicoNumismatica","https:\/\/www.instagram.com\/jesusvico_numismatica"]},{"@type":"Person","@id":"https:\/\/www.jesusvico.com\/blog\/#\/schema\/person\/387cca63b8a523b97f8417ba2ea4898d","name":"Beatriz Camino Rodr\u00edguez","image":{"@type":"ImageObject","inLanguage":"es","@id":"https:\/\/www.jesusvico.com\/blog\/#\/schema\/person\/image\/","url":"https:\/\/secure.gravatar.com\/avatar\/209f7097263408e99625109131235b0ad575b41781a227cf958390d2adc61dbb?s=96&d=mm&r=g","contentUrl":"https:\/\/secure.gravatar.com\/avatar\/209f7097263408e99625109131235b0ad575b41781a227cf958390d2adc61dbb?s=96&d=mm&r=g","caption":"Beatriz Camino Rodr\u00edguez"},"url":"https:\/\/www.jesusvico.com\/blog\/author\/beatriz\/"}]}},"_links":{"self":[{"href":"https:\/\/www.jesusvico.com\/blog\/wp-json\/wp\/v2\/posts\/413","targetHints":{"allow":["GET"]}}],"collection":[{"href":"https:\/\/www.jesusvico.com\/blog\/wp-json\/wp\/v2\/posts"}],"about":[{"href":"https:\/\/www.jesusvico.com\/blog\/wp-json\/wp\/v2\/types\/post"}],"author":[{"embeddable":true,"href":"https:\/\/www.jesusvico.com\/blog\/wp-json\/wp\/v2\/users\/5"}],"replies":[{"embeddable":true,"href":"https:\/\/www.jesusvico.com\/blog\/wp-json\/wp\/v2\/comments?post=413"}],"version-history":[{"count":2,"href":"https:\/\/www.jesusvico.com\/blog\/wp-json\/wp\/v2\/posts\/413\/revisions"}],"predecessor-version":[{"id":417,"href":"https:\/\/www.jesusvico.com\/blog\/wp-json\/wp\/v2\/posts\/413\/revisions\/417"}],"wp:featuredmedia":[{"embeddable":true,"href":"https:\/\/www.jesusvico.com\/blog\/wp-json\/wp\/v2\/media\/415"}],"wp:attachment":[{"href":"https:\/\/www.jesusvico.com\/blog\/wp-json\/wp\/v2\/media?parent=413"}],"wp:term":[{"taxonomy":"category","embeddable":true,"href":"https:\/\/www.jesusvico.com\/blog\/wp-json\/wp\/v2\/categories?post=413"},{"taxonomy":"post_tag","embeddable":true,"href":"https:\/\/www.jesusvico.com\/blog\/wp-json\/wp\/v2\/tags?post=413"}],"curies":[{"name":"wp","href":"https:\/\/api.w.org\/{rel}","templated":true}]}}