{"id":419,"date":"2022-10-31T13:54:12","date_gmt":"2022-10-31T13:54:12","guid":{"rendered":"https:\/\/www.jesusvico.com\/blog\/?p=419"},"modified":"2024-03-20T09:19:15","modified_gmt":"2024-03-20T09:19:15","slug":"muere-gustavo-v-de-suecia-29-de-octubre-de-1950","status":"publish","type":"post","link":"https:\/\/www.jesusvico.com\/blog\/muere-gustavo-v-de-suecia-29-de-octubre-de-1950\/","title":{"rendered":"Muere Gustavo V de Suecia, 29 de octubre de 1950"},"content":{"rendered":"\n<p>Gustavo V fue rey de Suecia desde el 8 de diciembre de 1907 hasta su muerte el 29 de octubre de 1950. Fue el rey m\u00e1s longevo de Suecia y el tercero que m\u00e1s tiempo gobern\u00f3 el pa\u00eds. Adem\u00e1s, fue el \u00faltimo monarca sueco en ejercer sus prerrogativas reales y el primer rey desde la Edad Media que no tuvo una coronaci\u00f3n.&nbsp;<\/p>\n\n\n\n<h2 class=\"wp-block-heading\"><strong>Vida temprana&nbsp;<\/strong><\/h2>\n\n\n\n<p>Gustavo V naci\u00f3 el 16 de junio de 1858 en Estocolmo, Suecia. Era el hijo mayor del pr\u00edncipe \u00d3scar y la princesa Sof\u00eda de Nassau. Tras la subida al trono de su padre como \u00d3scar II, se convirti\u00f3 en pr\u00edncipe heredero de Suecia y Noruega.&nbsp;<\/p>\n\n\n\n<p>El 20 de septiembre de 1881 se cas\u00f3 con la princesa Victoria de Baden, hija del Gran Duque Friedrich I de Baden y de la princesa Luisa de Prusia, que era la \u00fanica hija del emperador alem\u00e1n Guillermo I. Su matrimonio sirvi\u00f3 como prueba de que Suecia pertenec\u00eda a la esfera alemana en Europa y fue aprobado por el pueblo sueco, ya que la casa real de Victoria, Holstein-Gottorp, descend\u00eda de la Casa Vasa, que hab\u00eda aportado a Suecia su independencia. Gustavo y Victoria tuvieron tres hijos, aunque su matrimonio no fue feliz. Se considera que su relaci\u00f3n se termin\u00f3 despu\u00e9s de 1889, principalmente debido a los numerosos rumores sobre la bisexualidad de Gustavo.<\/p>\n\n\n\n<h2 class=\"wp-block-heading\"><strong>Su reinado<\/strong><\/h2>\n\n\n\n<p>El 8 de diciembre de 1907, su padre falleci\u00f3 y Gustavo subi\u00f3 al trono como Rey de Suecia. Fue el primer rey sueco que no tuvo una coronaci\u00f3n desde la Alta Edad Media y nunca llev\u00f3 corona, una pr\u00e1ctica que ha continuado desde entonces.&nbsp;<\/p>\n\n\n\n<p>Los primeros a\u00f1os de su reinado fueron testigos del auge del r\u00e9gimen parlamentario en Suecia. En 1911, despu\u00e9s de que los liberales ganaran las elecciones, nombr\u00f3 a Karl Staaff como Primer Ministro. Sin embargo, el comienzo de la Primera Guerra Mundial hizo que las \u00e9lites criticaran duramente la pol\u00edtica de defensa de Staaff. En febrero de 1914, un gran n\u00famero de campesinos protest\u00f3 frente al palacio real exigiendo que se reforzaran las defensas de Suecia. Gustavo V pronunci\u00f3 entonces un discurso, conocido como el Discurso del Patio, en el que prometi\u00f3 hacerlo. Esto enfureci\u00f3 a Staaff, ya que el rey no le hab\u00eda consultado previamente, y provoc\u00f3 su dimisi\u00f3n. Gustavo le sustituy\u00f3 entonces por Hjalmar Hammarskj\u00f6ld, quien fue primer ministro durante la mayor parte de la guerra.&nbsp;<\/p>\n\n\n\n<p>Aunque Suecia se mantuvo neutral durante la Primera Guerra Mundial, se consideraba que el rey Gustavo ten\u00eda simpat\u00edas alemanas, probablemente debido a la influencia ejercida por su esposa. Para disipar los rumores de que quer\u00eda apoyar a Alemania en la guerra, celebr\u00f3 una reuni\u00f3n en Malm\u00f6 con los otros dos reyes de Escandinavia el 18 de diciembre de 1914. Este acontecimiento demostr\u00f3 la unidad de Escandinavia y su decisi\u00f3n de permanecer neutral.<\/p>\n\n\n\n<p>Tras las elecciones de 1917, en las que los liberales y socialdem\u00f3cratas obtuvieron la mayor\u00eda parlamentaria, se vio obligado a permitir que su candidato Nils Ed\u00e9n formara un nuevo gobierno. Este gobierno despoj\u00f3 a la monarqu\u00eda sueca de todos sus poderes e hizo varias reformas, entre las que destaca la instituci\u00f3n del sufragio universal completo (masculino y femenino) en 1919. El Rey s\u00f3lo pod\u00eda nombrar a los ministros despu\u00e9s de contar con la confianza del Parlamento y ten\u00eda que ejercer sus poderes a trav\u00e9s de ellos. Gustavo acept\u00f3 estas restricciones y rein\u00f3 durante el resto de su vida como un modelo de monarca constitucional limitado.&nbsp;<\/p>\n\n\n\n<p>Aunque su poder se redujo, sigui\u00f3 siendo una figura popular y pudo ejercer influencia en los asuntos pol\u00edticos. Por ejemplo, en la crisis de Midsommer de 1941, durante la Segunda Guerra Mundial, supuestamente inst\u00f3 al gobierno sueco a aceptar las peticiones de apoyo log\u00edstico de Alemania, supuestamente para evitar una invasi\u00f3n. Este suceso sigue siendo controvertido hasta la fecha y ha hecho que se acuse al Rey de tener simpat\u00edas por la Alemania nazi.<\/p>\n\n\n\n<h2 class=\"wp-block-heading\" id=\"h-muerte-y-legado\"><strong>Muerte y legado&nbsp;<\/strong><\/h2>\n\n\n\n<p>Gustavo V muri\u00f3 en Estocolmo el 29 de octubre de 1950 por complicaciones derivadas de la gripe. Le sucedi\u00f3 su hijo Gustavo VI Adolfo. Habiendo reinado durante casi 43 a\u00f1os, fue el rey sueco con el tercer mandato m\u00e1s largo, lo que le convirti\u00f3 en un s\u00edmbolo de la unidad de la naci\u00f3n.<\/p>\n\n\n\n<p>Sin embargo, el rey Gustavo V sigue siendo una figura controvertida debido a sus supuestas simpat\u00edas por la Alemania nazi. Aunque nunca mostr\u00f3 mucho apoyo al fascismo o al nacionalismo radical, su postura proalemana y anticomunista era bien conocida. Tanto \u00e9l como su nieto, el pr\u00edncipe Gustavo Adolfo, se reunieron con los l\u00edderes nazis antes de la guerra, posiblemente con fines diplom\u00e1ticos. Aunque Gustavo V trat\u00f3 de convencer a Hitler de que suavizara su persecuci\u00f3n de los jud\u00edos, tambi\u00e9n intent\u00f3 escribirle una carta felicit\u00e1ndole por sus victorias y la invasi\u00f3n de la Uni\u00f3n Sovi\u00e9tica. Sin embargo, el Primer Ministro Per Albin Hansson le impidi\u00f3 enviarla.<\/p>\n\n\n\n<p>Autora: Beatriz Camino Rodr\u00edguez<\/p>\n","protected":false},"excerpt":{"rendered":"<p>Gustavo V fue rey de Suecia desde el 8 de diciembre de 1907 hasta su muerte el 29 de octubre de 1950. Fue el rey m\u00e1s longevo de Suecia y el tercero que m\u00e1s tiempo gobern\u00f3 el pa\u00eds. Adem\u00e1s, fue el \u00faltimo monarca sueco en ejercer sus prerrogativas reales y el primer rey desde la [&hellip;]<\/p>\n","protected":false},"author":5,"featured_media":421,"comment_status":"closed","ping_status":"open","sticky":false,"template":"","format":"standard","meta":{"_et_pb_use_builder":"off","_et_pb_old_content":"","_et_gb_content_width":"","footnotes":""},"categories":[1],"tags":[],"class_list":["post-419","post","type-post","status-publish","format-standard","has-post-thumbnail","hentry","category-sin-categoria"],"yoast_head":"<!-- This site is optimized with the Yoast SEO Premium plugin v19.3 (Yoast SEO v24.2) - https:\/\/yoast.com\/wordpress\/plugins\/seo\/ -->\n<title>Muere Gustavo V de Suecia, 29 de octubre de 1950 | Jes\u00fas Vico<\/title>\n<meta name=\"robots\" content=\"index, follow, max-snippet:-1, max-image-preview:large, max-video-preview:-1\" \/>\n<link rel=\"canonical\" href=\"https:\/\/www.jesusvico.com\/blog\/muere-gustavo-v-de-suecia-29-de-octubre-de-1950\/\" \/>\n<meta property=\"og:locale\" content=\"es_ES\" \/>\n<meta property=\"og:type\" content=\"article\" \/>\n<meta property=\"og:title\" content=\"Muere Gustavo V de Suecia, 29 de octubre de 1950\" \/>\n<meta property=\"og:description\" content=\"Gustavo V fue rey de Suecia desde el 8 de diciembre de 1907 hasta su muerte el 29 de octubre de 1950. Fue el rey m\u00e1s longevo de Suecia y el tercero que m\u00e1s tiempo gobern\u00f3 el pa\u00eds. Adem\u00e1s, fue el \u00faltimo monarca sueco en ejercer sus prerrogativas reales y el primer rey desde la [&hellip;]\" \/>\n<meta property=\"og:url\" content=\"https:\/\/www.jesusvico.com\/blog\/muere-gustavo-v-de-suecia-29-de-octubre-de-1950\/\" \/>\n<meta property=\"og:site_name\" content=\"Jes\u00fas Vico\" \/>\n<meta property=\"article:publisher\" content=\"https:\/\/www.facebook.com\/JesusVicoNumismatica\" \/>\n<meta property=\"article:published_time\" content=\"2022-10-31T13:54:12+00:00\" \/>\n<meta property=\"article:modified_time\" content=\"2024-03-20T09:19:15+00:00\" \/>\n<meta property=\"og:image\" content=\"https:\/\/www.jesusvico.com\/blog\/wp-content\/uploads\/2022\/10\/banner3-3.jpg\" \/>\n\t<meta property=\"og:image:width\" content=\"1110\" \/>\n\t<meta property=\"og:image:height\" content=\"738\" \/>\n\t<meta property=\"og:image:type\" content=\"image\/jpeg\" \/>\n<meta name=\"author\" content=\"Beatriz Camino Rodr\u00edguez\" \/>\n<meta name=\"twitter:card\" content=\"summary_large_image\" \/>\n<meta name=\"twitter:label1\" content=\"Escrito por\" \/>\n\t<meta name=\"twitter:data1\" content=\"Beatriz Camino Rodr\u00edguez\" \/>\n\t<meta name=\"twitter:label2\" content=\"Tiempo de lectura\" \/>\n\t<meta name=\"twitter:data2\" content=\"4 minutos\" \/>\n<script type=\"application\/ld+json\" class=\"yoast-schema-graph\">{\"@context\":\"https:\/\/schema.org\",\"@graph\":[{\"@type\":\"Article\",\"@id\":\"https:\/\/www.jesusvico.com\/blog\/muere-gustavo-v-de-suecia-29-de-octubre-de-1950\/#article\",\"isPartOf\":{\"@id\":\"https:\/\/www.jesusvico.com\/blog\/muere-gustavo-v-de-suecia-29-de-octubre-de-1950\/\"},\"author\":{\"name\":\"Beatriz Camino Rodr\u00edguez\",\"@id\":\"https:\/\/www.jesusvico.com\/blog\/#\/schema\/person\/387cca63b8a523b97f8417ba2ea4898d\"},\"headline\":\"Muere Gustavo V de Suecia, 29 de octubre de 1950\",\"datePublished\":\"2022-10-31T13:54:12+00:00\",\"dateModified\":\"2024-03-20T09:19:15+00:00\",\"mainEntityOfPage\":{\"@id\":\"https:\/\/www.jesusvico.com\/blog\/muere-gustavo-v-de-suecia-29-de-octubre-de-1950\/\"},\"wordCount\":865,\"publisher\":{\"@id\":\"https:\/\/www.jesusvico.com\/blog\/#organization\"},\"image\":{\"@id\":\"https:\/\/www.jesusvico.com\/blog\/muere-gustavo-v-de-suecia-29-de-octubre-de-1950\/#primaryimage\"},\"thumbnailUrl\":\"https:\/\/www.jesusvico.com\/blog\/wp-content\/uploads\/2022\/10\/banner3-3.jpg\",\"articleSection\":[\".\"],\"inLanguage\":\"es\"},{\"@type\":\"WebPage\",\"@id\":\"https:\/\/www.jesusvico.com\/blog\/muere-gustavo-v-de-suecia-29-de-octubre-de-1950\/\",\"url\":\"https:\/\/www.jesusvico.com\/blog\/muere-gustavo-v-de-suecia-29-de-octubre-de-1950\/\",\"name\":\"Muere Gustavo V de Suecia, 29 de octubre de 1950 | Jes\u00fas Vico\",\"isPartOf\":{\"@id\":\"https:\/\/www.jesusvico.com\/blog\/#website\"},\"primaryImageOfPage\":{\"@id\":\"https:\/\/www.jesusvico.com\/blog\/muere-gustavo-v-de-suecia-29-de-octubre-de-1950\/#primaryimage\"},\"image\":{\"@id\":\"https:\/\/www.jesusvico.com\/blog\/muere-gustavo-v-de-suecia-29-de-octubre-de-1950\/#primaryimage\"},\"thumbnailUrl\":\"https:\/\/www.jesusvico.com\/blog\/wp-content\/uploads\/2022\/10\/banner3-3.jpg\",\"datePublished\":\"2022-10-31T13:54:12+00:00\",\"dateModified\":\"2024-03-20T09:19:15+00:00\",\"breadcrumb\":{\"@id\":\"https:\/\/www.jesusvico.com\/blog\/muere-gustavo-v-de-suecia-29-de-octubre-de-1950\/#breadcrumb\"},\"inLanguage\":\"es\",\"potentialAction\":[{\"@type\":\"ReadAction\",\"target\":[\"https:\/\/www.jesusvico.com\/blog\/muere-gustavo-v-de-suecia-29-de-octubre-de-1950\/\"]}]},{\"@type\":\"ImageObject\",\"inLanguage\":\"es\",\"@id\":\"https:\/\/www.jesusvico.com\/blog\/muere-gustavo-v-de-suecia-29-de-octubre-de-1950\/#primaryimage\",\"url\":\"https:\/\/www.jesusvico.com\/blog\/wp-content\/uploads\/2022\/10\/banner3-3.jpg\",\"contentUrl\":\"https:\/\/www.jesusvico.com\/blog\/wp-content\/uploads\/2022\/10\/banner3-3.jpg\",\"width\":1110,\"height\":738},{\"@type\":\"BreadcrumbList\",\"@id\":\"https:\/\/www.jesusvico.com\/blog\/muere-gustavo-v-de-suecia-29-de-octubre-de-1950\/#breadcrumb\",\"itemListElement\":[{\"@type\":\"ListItem\",\"position\":1,\"name\":\"Portada\",\"item\":\"https:\/\/www.jesusvico.com\/blog\/\"},{\"@type\":\"ListItem\",\"position\":2,\"name\":\"Muere Gustavo V de Suecia, 29 de octubre de 1950\"}]},{\"@type\":\"WebSite\",\"@id\":\"https:\/\/www.jesusvico.com\/blog\/#website\",\"url\":\"https:\/\/www.jesusvico.com\/blog\/\",\"name\":\"Jes\u00fas Vico\",\"description\":\"Blog - Jes\u00fas Vico\",\"publisher\":{\"@id\":\"https:\/\/www.jesusvico.com\/blog\/#organization\"},\"potentialAction\":[{\"@type\":\"SearchAction\",\"target\":{\"@type\":\"EntryPoint\",\"urlTemplate\":\"https:\/\/www.jesusvico.com\/blog\/?s={search_term_string}\"},\"query-input\":{\"@type\":\"PropertyValueSpecification\",\"valueRequired\":true,\"valueName\":\"search_term_string\"}}],\"inLanguage\":\"es\"},{\"@type\":\"Organization\",\"@id\":\"https:\/\/www.jesusvico.com\/blog\/#organization\",\"name\":\"Jes\u00fas Vico\",\"url\":\"https:\/\/www.jesusvico.com\/blog\/\",\"logo\":{\"@type\":\"ImageObject\",\"inLanguage\":\"es\",\"@id\":\"https:\/\/www.jesusvico.com\/blog\/#\/schema\/logo\/image\/\",\"url\":\"https:\/\/www.jesusvico.com\/blog\/wp-content\/uploads\/2022\/09\/Sin-ti\u0301tulo-1-1.png\",\"contentUrl\":\"https:\/\/www.jesusvico.com\/blog\/wp-content\/uploads\/2022\/09\/Sin-ti\u0301tulo-1-1.png\",\"width\":800,\"height\":200,\"caption\":\"Jes\u00fas Vico\"},\"image\":{\"@id\":\"https:\/\/www.jesusvico.com\/blog\/#\/schema\/logo\/image\/\"},\"sameAs\":[\"https:\/\/www.facebook.com\/JesusVicoNumismatica\",\"https:\/\/www.instagram.com\/jesusvico_numismatica\"]},{\"@type\":\"Person\",\"@id\":\"https:\/\/www.jesusvico.com\/blog\/#\/schema\/person\/387cca63b8a523b97f8417ba2ea4898d\",\"name\":\"Beatriz Camino Rodr\u00edguez\",\"image\":{\"@type\":\"ImageObject\",\"inLanguage\":\"es\",\"@id\":\"https:\/\/www.jesusvico.com\/blog\/#\/schema\/person\/image\/\",\"url\":\"https:\/\/secure.gravatar.com\/avatar\/209f7097263408e99625109131235b0ad575b41781a227cf958390d2adc61dbb?s=96&d=mm&r=g\",\"contentUrl\":\"https:\/\/secure.gravatar.com\/avatar\/209f7097263408e99625109131235b0ad575b41781a227cf958390d2adc61dbb?s=96&d=mm&r=g\",\"caption\":\"Beatriz Camino Rodr\u00edguez\"},\"url\":\"https:\/\/www.jesusvico.com\/blog\/author\/beatriz\/\"}]}<\/script>\n<!-- \/ Yoast SEO Premium plugin. -->","yoast_head_json":{"title":"Muere Gustavo V de Suecia, 29 de octubre de 1950 | Jes\u00fas Vico","robots":{"index":"index","follow":"follow","max-snippet":"max-snippet:-1","max-image-preview":"max-image-preview:large","max-video-preview":"max-video-preview:-1"},"canonical":"https:\/\/www.jesusvico.com\/blog\/muere-gustavo-v-de-suecia-29-de-octubre-de-1950\/","og_locale":"es_ES","og_type":"article","og_title":"Muere Gustavo V de Suecia, 29 de octubre de 1950","og_description":"Gustavo V fue rey de Suecia desde el 8 de diciembre de 1907 hasta su muerte el 29 de octubre de 1950. Fue el rey m\u00e1s longevo de Suecia y el tercero que m\u00e1s tiempo gobern\u00f3 el pa\u00eds. Adem\u00e1s, fue el \u00faltimo monarca sueco en ejercer sus prerrogativas reales y el primer rey desde la [&hellip;]","og_url":"https:\/\/www.jesusvico.com\/blog\/muere-gustavo-v-de-suecia-29-de-octubre-de-1950\/","og_site_name":"Jes\u00fas Vico","article_publisher":"https:\/\/www.facebook.com\/JesusVicoNumismatica","article_published_time":"2022-10-31T13:54:12+00:00","article_modified_time":"2024-03-20T09:19:15+00:00","og_image":[{"width":1110,"height":738,"url":"https:\/\/www.jesusvico.com\/blog\/wp-content\/uploads\/2022\/10\/banner3-3.jpg","type":"image\/jpeg"}],"author":"Beatriz Camino Rodr\u00edguez","twitter_card":"summary_large_image","twitter_misc":{"Escrito por":"Beatriz Camino Rodr\u00edguez","Tiempo de lectura":"4 minutos"},"schema":{"@context":"https:\/\/schema.org","@graph":[{"@type":"Article","@id":"https:\/\/www.jesusvico.com\/blog\/muere-gustavo-v-de-suecia-29-de-octubre-de-1950\/#article","isPartOf":{"@id":"https:\/\/www.jesusvico.com\/blog\/muere-gustavo-v-de-suecia-29-de-octubre-de-1950\/"},"author":{"name":"Beatriz Camino Rodr\u00edguez","@id":"https:\/\/www.jesusvico.com\/blog\/#\/schema\/person\/387cca63b8a523b97f8417ba2ea4898d"},"headline":"Muere Gustavo V de Suecia, 29 de octubre de 1950","datePublished":"2022-10-31T13:54:12+00:00","dateModified":"2024-03-20T09:19:15+00:00","mainEntityOfPage":{"@id":"https:\/\/www.jesusvico.com\/blog\/muere-gustavo-v-de-suecia-29-de-octubre-de-1950\/"},"wordCount":865,"publisher":{"@id":"https:\/\/www.jesusvico.com\/blog\/#organization"},"image":{"@id":"https:\/\/www.jesusvico.com\/blog\/muere-gustavo-v-de-suecia-29-de-octubre-de-1950\/#primaryimage"},"thumbnailUrl":"https:\/\/www.jesusvico.com\/blog\/wp-content\/uploads\/2022\/10\/banner3-3.jpg","articleSection":["."],"inLanguage":"es"},{"@type":"WebPage","@id":"https:\/\/www.jesusvico.com\/blog\/muere-gustavo-v-de-suecia-29-de-octubre-de-1950\/","url":"https:\/\/www.jesusvico.com\/blog\/muere-gustavo-v-de-suecia-29-de-octubre-de-1950\/","name":"Muere Gustavo V de Suecia, 29 de octubre de 1950 | Jes\u00fas Vico","isPartOf":{"@id":"https:\/\/www.jesusvico.com\/blog\/#website"},"primaryImageOfPage":{"@id":"https:\/\/www.jesusvico.com\/blog\/muere-gustavo-v-de-suecia-29-de-octubre-de-1950\/#primaryimage"},"image":{"@id":"https:\/\/www.jesusvico.com\/blog\/muere-gustavo-v-de-suecia-29-de-octubre-de-1950\/#primaryimage"},"thumbnailUrl":"https:\/\/www.jesusvico.com\/blog\/wp-content\/uploads\/2022\/10\/banner3-3.jpg","datePublished":"2022-10-31T13:54:12+00:00","dateModified":"2024-03-20T09:19:15+00:00","breadcrumb":{"@id":"https:\/\/www.jesusvico.com\/blog\/muere-gustavo-v-de-suecia-29-de-octubre-de-1950\/#breadcrumb"},"inLanguage":"es","potentialAction":[{"@type":"ReadAction","target":["https:\/\/www.jesusvico.com\/blog\/muere-gustavo-v-de-suecia-29-de-octubre-de-1950\/"]}]},{"@type":"ImageObject","inLanguage":"es","@id":"https:\/\/www.jesusvico.com\/blog\/muere-gustavo-v-de-suecia-29-de-octubre-de-1950\/#primaryimage","url":"https:\/\/www.jesusvico.com\/blog\/wp-content\/uploads\/2022\/10\/banner3-3.jpg","contentUrl":"https:\/\/www.jesusvico.com\/blog\/wp-content\/uploads\/2022\/10\/banner3-3.jpg","width":1110,"height":738},{"@type":"BreadcrumbList","@id":"https:\/\/www.jesusvico.com\/blog\/muere-gustavo-v-de-suecia-29-de-octubre-de-1950\/#breadcrumb","itemListElement":[{"@type":"ListItem","position":1,"name":"Portada","item":"https:\/\/www.jesusvico.com\/blog\/"},{"@type":"ListItem","position":2,"name":"Muere Gustavo V de Suecia, 29 de octubre de 1950"}]},{"@type":"WebSite","@id":"https:\/\/www.jesusvico.com\/blog\/#website","url":"https:\/\/www.jesusvico.com\/blog\/","name":"Jes\u00fas Vico","description":"Blog - Jes\u00fas Vico","publisher":{"@id":"https:\/\/www.jesusvico.com\/blog\/#organization"},"potentialAction":[{"@type":"SearchAction","target":{"@type":"EntryPoint","urlTemplate":"https:\/\/www.jesusvico.com\/blog\/?s={search_term_string}"},"query-input":{"@type":"PropertyValueSpecification","valueRequired":true,"valueName":"search_term_string"}}],"inLanguage":"es"},{"@type":"Organization","@id":"https:\/\/www.jesusvico.com\/blog\/#organization","name":"Jes\u00fas Vico","url":"https:\/\/www.jesusvico.com\/blog\/","logo":{"@type":"ImageObject","inLanguage":"es","@id":"https:\/\/www.jesusvico.com\/blog\/#\/schema\/logo\/image\/","url":"https:\/\/www.jesusvico.com\/blog\/wp-content\/uploads\/2022\/09\/Sin-ti\u0301tulo-1-1.png","contentUrl":"https:\/\/www.jesusvico.com\/blog\/wp-content\/uploads\/2022\/09\/Sin-ti\u0301tulo-1-1.png","width":800,"height":200,"caption":"Jes\u00fas Vico"},"image":{"@id":"https:\/\/www.jesusvico.com\/blog\/#\/schema\/logo\/image\/"},"sameAs":["https:\/\/www.facebook.com\/JesusVicoNumismatica","https:\/\/www.instagram.com\/jesusvico_numismatica"]},{"@type":"Person","@id":"https:\/\/www.jesusvico.com\/blog\/#\/schema\/person\/387cca63b8a523b97f8417ba2ea4898d","name":"Beatriz Camino Rodr\u00edguez","image":{"@type":"ImageObject","inLanguage":"es","@id":"https:\/\/www.jesusvico.com\/blog\/#\/schema\/person\/image\/","url":"https:\/\/secure.gravatar.com\/avatar\/209f7097263408e99625109131235b0ad575b41781a227cf958390d2adc61dbb?s=96&d=mm&r=g","contentUrl":"https:\/\/secure.gravatar.com\/avatar\/209f7097263408e99625109131235b0ad575b41781a227cf958390d2adc61dbb?s=96&d=mm&r=g","caption":"Beatriz Camino Rodr\u00edguez"},"url":"https:\/\/www.jesusvico.com\/blog\/author\/beatriz\/"}]}},"_links":{"self":[{"href":"https:\/\/www.jesusvico.com\/blog\/wp-json\/wp\/v2\/posts\/419","targetHints":{"allow":["GET"]}}],"collection":[{"href":"https:\/\/www.jesusvico.com\/blog\/wp-json\/wp\/v2\/posts"}],"about":[{"href":"https:\/\/www.jesusvico.com\/blog\/wp-json\/wp\/v2\/types\/post"}],"author":[{"embeddable":true,"href":"https:\/\/www.jesusvico.com\/blog\/wp-json\/wp\/v2\/users\/5"}],"replies":[{"embeddable":true,"href":"https:\/\/www.jesusvico.com\/blog\/wp-json\/wp\/v2\/comments?post=419"}],"version-history":[{"count":1,"href":"https:\/\/www.jesusvico.com\/blog\/wp-json\/wp\/v2\/posts\/419\/revisions"}],"predecessor-version":[{"id":422,"href":"https:\/\/www.jesusvico.com\/blog\/wp-json\/wp\/v2\/posts\/419\/revisions\/422"}],"wp:featuredmedia":[{"embeddable":true,"href":"https:\/\/www.jesusvico.com\/blog\/wp-json\/wp\/v2\/media\/421"}],"wp:attachment":[{"href":"https:\/\/www.jesusvico.com\/blog\/wp-json\/wp\/v2\/media?parent=419"}],"wp:term":[{"taxonomy":"category","embeddable":true,"href":"https:\/\/www.jesusvico.com\/blog\/wp-json\/wp\/v2\/categories?post=419"},{"taxonomy":"post_tag","embeddable":true,"href":"https:\/\/www.jesusvico.com\/blog\/wp-json\/wp\/v2\/tags?post=419"}],"curies":[{"name":"wp","href":"https:\/\/api.w.org\/{rel}","templated":true}]}}