{"id":437,"date":"2022-11-28T12:18:17","date_gmt":"2022-11-28T12:18:17","guid":{"rendered":"https:\/\/www.jesusvico.com\/blog\/?p=437"},"modified":"2024-03-20T09:18:51","modified_gmt":"2024-03-20T09:18:51","slug":"catalina-de-braganza-nacio-el-25-de-noviembre-de-1638","status":"publish","type":"post","link":"https:\/\/www.jesusvico.com\/blog\/catalina-de-braganza-nacio-el-25-de-noviembre-de-1638\/","title":{"rendered":"Catalina de Braganza naci\u00f3 el 25 de noviembre de 1638"},"content":{"rendered":"\n<p>Catalina de Braganza (1638-1705) fue reina de Inglaterra, Escocia e Irlanda durante su matrimonio con el rey Carlos II en el marco de una alianza entre Inglaterra y Portugal.&nbsp;<\/p>\n\n\n\n<h2 class=\"wp-block-heading\"><strong>Vida temprana y matrimonio&nbsp;<\/strong><\/h2>\n\n\n\n<p>Catalina naci\u00f3 el 25 de noviembre de 1638 en el Palacio Ducal de Vila Vi\u00e7osa. Era hija del rey Juan IV de Portugal y de Luisa de Guzm\u00e1n. Catalina pas\u00f3 la mayor parte de su juventud en un convento bajo la vigilancia de su madre, quien se interes\u00f3 activamente por su educaci\u00f3n. Como su padre era uno de los monarcas m\u00e1s importantes de Europa, fue propuesta como esposa a Juan de Austria, Luis XIV de Francia y Carlos II de Inglaterra. Al final, Carlos se convirti\u00f3 en la mejor opci\u00f3n, ya que el matrimonio ser\u00eda un instrumento \u00fatil para establecer una alianza entre Portugal e Inglaterra.<\/p>\n\n\n\n<p>El 23 de junio de 1661 se firm\u00f3 el contrato matrimonial. Por un lado, Inglaterra tendr\u00eda el control de T\u00e1nger y las Siete Islas de Bombay, privilegios comerciales en Brasil y las Indias portuguesas, as\u00ed como libertad religiosa y comercial para los residentes ingleses en Portugal. Por otro lado, Portugal obtuvo el apoyo militar y naval ingl\u00e9s contra Espa\u00f1a y la libertad de culto para Catalina. La pareja se cas\u00f3 en Portsmouth en mayo de 1662, llevando a cabo dos ceremonias: una cat\u00f3lica realizada en secreto y otra anglicana p\u00fablica.&nbsp;<\/p>\n\n\n\n<p>Durante su matrimonio, Catalina tuvo tres abortos y se entendi\u00f3 como muy improbable que diera a luz un heredero al trono. Mientras tanto, Carlos tuvo varios hijos con sus amantes y los consejeros reales le animaron a pedir el divorcio y casarse con una mujer protestante. Pero Carlos se neg\u00f3 a divorciarse de Catalina.&nbsp;<\/p>\n\n\n\n<h2 class=\"wp-block-heading\"><strong>Catalina como reina consorte&nbsp;<\/strong><\/h2>\n\n\n\n<p>Catalina fue muy impopular desde el principio de su matrimonio debido a su devoci\u00f3n a la fe cat\u00f3lica romana. De hecho, no pudo ser coronada porque a los cat\u00f3licos romanos no se les permit\u00eda participar en los servicios anglicanos. Sin embargo, su decoro, lealtad y afecto por el rey pronto cambiaron la percepci\u00f3n que el p\u00fablico ten\u00eda de ella.&nbsp;<\/p>\n\n\n\n<p>Catalina prefiri\u00f3 no involucrarse en la pol\u00edtica inglesa, pero mantuvo un inter\u00e9s activo en su pa\u00eds de origen. Con el objetivo de mantener buenas relaciones con el Papa y conseguir el reconocimiento de la independencia portuguesa, envi\u00f3 a su secretario a Roma con cartas para el Papa y varios cardenales. En 1669, trat\u00f3 de persuadir a su marido para que interviniera en la liberaci\u00f3n de Candia (Creta) de los turcos, cuya causa era promovida por Roma. Aunque su intento no tuvo \u00e9xito, esto le hizo ganarse el favor del Papa, quien le concedi\u00f3 objetos de devoci\u00f3n en 1670.&nbsp;<\/p>\n\n\n\n<p>Poco despu\u00e9s, la relaci\u00f3n entre Carlos y Catalina se agri\u00f3 porque Carlos nombr\u00f3 a su amante oficial, B\u00e1rbara Palmer, Dama de C\u00e1mara de Catalina. En consecuencia, ella dej\u00f3 de participar en la vida de la corte y de pasar tiempo con el rey.<\/p>\n\n\n\n<p>Aunque Catalina mantuvo su fe en privado, su religi\u00f3n la convirti\u00f3 en objetivo de los segmentos anticat\u00f3licos. Su posici\u00f3n se vio fuertemente amenazada debido a la Conspiraci\u00f3n Papista de 1678, una conspiraci\u00f3n ficticia inventada por Titus Oates, que afirmaba que exist\u00eda un complot cat\u00f3lico para asesinar a Carlos II. Catalina fue acusada inicialmente de ser una de las conspiradoras, pero tanto el rey como la C\u00e1mara de los Lores se negaron a procesarla. Este acontecimiento pareci\u00f3 mejorar su relaci\u00f3n con el rey y cuando \u00e9ste muri\u00f3 en 1685, ella expres\u00f3 su gran dolor.<\/p>\n\n\n\n<h2 class=\"wp-block-heading\" id=\"h-muerte-y-legado\"><strong>Muerte y legado&nbsp;<\/strong><\/h2>\n\n\n\n<p>Catalina permaneci\u00f3 en Inglaterra durante el reinado de Jaime y su derrocamiento en la Revoluci\u00f3n Gloriosa. En 1692 regres\u00f3 a Portugal, donde actu\u00f3 como regente de su hermano Pedro II en 1701 y entre 1704 y 1705. Falleci\u00f3 en Lisboa el 31 de diciembre de 1705.&nbsp;<\/p>\n\n\n\n<p>La figura de Catalina ha sido generalmente ignorada por los historiadores, quienes la describen como una mujer sufrida que encontr\u00f3 refugio en su fe. Pero la realidad fue muy distinta. A lo largo de su vida, decidi\u00f3 convertirse en una figura independiente y establecerse como rival cultural de las amantes de su marido. Fue una mecenas de las artes y la m\u00fasica, influyendo en ellas con su herencia portuguesa. Catalina trat\u00f3 de promover la rica tradici\u00f3n musical portuguesa, a pesar de que \u00e9sta no era muy apreciada por entonces. Adem\u00e1s, se le atribuye la popularizaci\u00f3n del consumo de t\u00e9 en Gran Breta\u00f1a.&nbsp;<\/p>\n\n\n\n<p>Por \u00faltimo, su matrimonio tuvo un importante resultado para la historia de la India y del Imperio Brit\u00e1nico. Esto se debe a que, tras obtener las Siete Islas de Bombay como parte de la dote de Catalina, Carlos las alquil\u00f3 a la Compa\u00f1\u00eda de las Indias Orientales, que traslad\u00f3 all\u00ed su Presidencia. Como resultado, Bombay acab\u00f3 convirti\u00e9ndose en una de las principales ciudades de la India.<\/p>\n\n\n\n<p>Autora: Beatriz Camino Rodr\u00edguez <\/p>\n","protected":false},"excerpt":{"rendered":"<p>Catalina de Braganza (1638-1705) fue reina de Inglaterra, Escocia e Irlanda durante su matrimonio con el rey Carlos II en el marco de una alianza entre Inglaterra y Portugal.&nbsp; Vida temprana y matrimonio&nbsp; Catalina naci\u00f3 el 25 de noviembre de 1638 en el Palacio Ducal de Vila Vi\u00e7osa. Era hija del rey Juan IV de [&hellip;]<\/p>\n","protected":false},"author":5,"featured_media":439,"comment_status":"closed","ping_status":"open","sticky":false,"template":"","format":"standard","meta":{"_et_pb_use_builder":"off","_et_pb_old_content":"","_et_gb_content_width":"","footnotes":""},"categories":[1],"tags":[],"class_list":["post-437","post","type-post","status-publish","format-standard","has-post-thumbnail","hentry","category-sin-categoria"],"yoast_head":"<!-- This site is optimized with the Yoast SEO Premium plugin v19.3 (Yoast SEO v24.2) - https:\/\/yoast.com\/wordpress\/plugins\/seo\/ -->\n<title>Catalina de Braganza naci\u00f3 el 25 de noviembre de 1638 | Jes\u00fas Vico<\/title>\n<meta name=\"robots\" content=\"index, follow, max-snippet:-1, max-image-preview:large, max-video-preview:-1\" \/>\n<link rel=\"canonical\" href=\"https:\/\/www.jesusvico.com\/blog\/catalina-de-braganza-nacio-el-25-de-noviembre-de-1638\/\" \/>\n<meta property=\"og:locale\" content=\"es_ES\" \/>\n<meta property=\"og:type\" content=\"article\" \/>\n<meta property=\"og:title\" content=\"Catalina de Braganza naci\u00f3 el 25 de noviembre de 1638\" \/>\n<meta property=\"og:description\" content=\"Catalina de Braganza (1638-1705) fue reina de Inglaterra, Escocia e Irlanda durante su matrimonio con el rey Carlos II en el marco de una alianza entre Inglaterra y Portugal.&nbsp; Vida temprana y matrimonio&nbsp; Catalina naci\u00f3 el 25 de noviembre de 1638 en el Palacio Ducal de Vila Vi\u00e7osa. Era hija del rey Juan IV de [&hellip;]\" \/>\n<meta property=\"og:url\" content=\"https:\/\/www.jesusvico.com\/blog\/catalina-de-braganza-nacio-el-25-de-noviembre-de-1638\/\" \/>\n<meta property=\"og:site_name\" content=\"Jes\u00fas Vico\" \/>\n<meta property=\"article:publisher\" content=\"https:\/\/www.facebook.com\/JesusVicoNumismatica\" \/>\n<meta property=\"article:published_time\" content=\"2022-11-28T12:18:17+00:00\" \/>\n<meta property=\"article:modified_time\" content=\"2024-03-20T09:18:51+00:00\" \/>\n<meta property=\"og:image\" content=\"https:\/\/www.jesusvico.com\/blog\/wp-content\/uploads\/2022\/11\/banner3-3.jpg\" \/>\n\t<meta property=\"og:image:width\" content=\"1110\" \/>\n\t<meta property=\"og:image:height\" content=\"738\" \/>\n\t<meta property=\"og:image:type\" content=\"image\/jpeg\" \/>\n<meta name=\"author\" content=\"Beatriz Camino Rodr\u00edguez\" \/>\n<meta name=\"twitter:card\" content=\"summary_large_image\" \/>\n<meta name=\"twitter:label1\" content=\"Escrito por\" \/>\n\t<meta name=\"twitter:data1\" content=\"Beatriz Camino Rodr\u00edguez\" \/>\n\t<meta name=\"twitter:label2\" content=\"Tiempo de lectura\" \/>\n\t<meta name=\"twitter:data2\" content=\"4 minutos\" \/>\n<script type=\"application\/ld+json\" class=\"yoast-schema-graph\">{\"@context\":\"https:\/\/schema.org\",\"@graph\":[{\"@type\":\"Article\",\"@id\":\"https:\/\/www.jesusvico.com\/blog\/catalina-de-braganza-nacio-el-25-de-noviembre-de-1638\/#article\",\"isPartOf\":{\"@id\":\"https:\/\/www.jesusvico.com\/blog\/catalina-de-braganza-nacio-el-25-de-noviembre-de-1638\/\"},\"author\":{\"name\":\"Beatriz Camino Rodr\u00edguez\",\"@id\":\"https:\/\/www.jesusvico.com\/blog\/#\/schema\/person\/387cca63b8a523b97f8417ba2ea4898d\"},\"headline\":\"Catalina de Braganza naci\u00f3 el 25 de noviembre de 1638\",\"datePublished\":\"2022-11-28T12:18:17+00:00\",\"dateModified\":\"2024-03-20T09:18:51+00:00\",\"mainEntityOfPage\":{\"@id\":\"https:\/\/www.jesusvico.com\/blog\/catalina-de-braganza-nacio-el-25-de-noviembre-de-1638\/\"},\"wordCount\":851,\"publisher\":{\"@id\":\"https:\/\/www.jesusvico.com\/blog\/#organization\"},\"image\":{\"@id\":\"https:\/\/www.jesusvico.com\/blog\/catalina-de-braganza-nacio-el-25-de-noviembre-de-1638\/#primaryimage\"},\"thumbnailUrl\":\"https:\/\/www.jesusvico.com\/blog\/wp-content\/uploads\/2022\/11\/banner3-3.jpg\",\"articleSection\":[\".\"],\"inLanguage\":\"es\"},{\"@type\":\"WebPage\",\"@id\":\"https:\/\/www.jesusvico.com\/blog\/catalina-de-braganza-nacio-el-25-de-noviembre-de-1638\/\",\"url\":\"https:\/\/www.jesusvico.com\/blog\/catalina-de-braganza-nacio-el-25-de-noviembre-de-1638\/\",\"name\":\"Catalina de Braganza naci\u00f3 el 25 de noviembre de 1638 | Jes\u00fas Vico\",\"isPartOf\":{\"@id\":\"https:\/\/www.jesusvico.com\/blog\/#website\"},\"primaryImageOfPage\":{\"@id\":\"https:\/\/www.jesusvico.com\/blog\/catalina-de-braganza-nacio-el-25-de-noviembre-de-1638\/#primaryimage\"},\"image\":{\"@id\":\"https:\/\/www.jesusvico.com\/blog\/catalina-de-braganza-nacio-el-25-de-noviembre-de-1638\/#primaryimage\"},\"thumbnailUrl\":\"https:\/\/www.jesusvico.com\/blog\/wp-content\/uploads\/2022\/11\/banner3-3.jpg\",\"datePublished\":\"2022-11-28T12:18:17+00:00\",\"dateModified\":\"2024-03-20T09:18:51+00:00\",\"breadcrumb\":{\"@id\":\"https:\/\/www.jesusvico.com\/blog\/catalina-de-braganza-nacio-el-25-de-noviembre-de-1638\/#breadcrumb\"},\"inLanguage\":\"es\",\"potentialAction\":[{\"@type\":\"ReadAction\",\"target\":[\"https:\/\/www.jesusvico.com\/blog\/catalina-de-braganza-nacio-el-25-de-noviembre-de-1638\/\"]}]},{\"@type\":\"ImageObject\",\"inLanguage\":\"es\",\"@id\":\"https:\/\/www.jesusvico.com\/blog\/catalina-de-braganza-nacio-el-25-de-noviembre-de-1638\/#primaryimage\",\"url\":\"https:\/\/www.jesusvico.com\/blog\/wp-content\/uploads\/2022\/11\/banner3-3.jpg\",\"contentUrl\":\"https:\/\/www.jesusvico.com\/blog\/wp-content\/uploads\/2022\/11\/banner3-3.jpg\",\"width\":1110,\"height\":738},{\"@type\":\"BreadcrumbList\",\"@id\":\"https:\/\/www.jesusvico.com\/blog\/catalina-de-braganza-nacio-el-25-de-noviembre-de-1638\/#breadcrumb\",\"itemListElement\":[{\"@type\":\"ListItem\",\"position\":1,\"name\":\"Portada\",\"item\":\"https:\/\/www.jesusvico.com\/blog\/\"},{\"@type\":\"ListItem\",\"position\":2,\"name\":\"Catalina de Braganza naci\u00f3 el 25 de noviembre de 1638\"}]},{\"@type\":\"WebSite\",\"@id\":\"https:\/\/www.jesusvico.com\/blog\/#website\",\"url\":\"https:\/\/www.jesusvico.com\/blog\/\",\"name\":\"Jes\u00fas Vico\",\"description\":\"Blog - Jes\u00fas Vico\",\"publisher\":{\"@id\":\"https:\/\/www.jesusvico.com\/blog\/#organization\"},\"potentialAction\":[{\"@type\":\"SearchAction\",\"target\":{\"@type\":\"EntryPoint\",\"urlTemplate\":\"https:\/\/www.jesusvico.com\/blog\/?s={search_term_string}\"},\"query-input\":{\"@type\":\"PropertyValueSpecification\",\"valueRequired\":true,\"valueName\":\"search_term_string\"}}],\"inLanguage\":\"es\"},{\"@type\":\"Organization\",\"@id\":\"https:\/\/www.jesusvico.com\/blog\/#organization\",\"name\":\"Jes\u00fas Vico\",\"url\":\"https:\/\/www.jesusvico.com\/blog\/\",\"logo\":{\"@type\":\"ImageObject\",\"inLanguage\":\"es\",\"@id\":\"https:\/\/www.jesusvico.com\/blog\/#\/schema\/logo\/image\/\",\"url\":\"https:\/\/www.jesusvico.com\/blog\/wp-content\/uploads\/2022\/09\/Sin-ti\u0301tulo-1-1.png\",\"contentUrl\":\"https:\/\/www.jesusvico.com\/blog\/wp-content\/uploads\/2022\/09\/Sin-ti\u0301tulo-1-1.png\",\"width\":800,\"height\":200,\"caption\":\"Jes\u00fas Vico\"},\"image\":{\"@id\":\"https:\/\/www.jesusvico.com\/blog\/#\/schema\/logo\/image\/\"},\"sameAs\":[\"https:\/\/www.facebook.com\/JesusVicoNumismatica\",\"https:\/\/www.instagram.com\/jesusvico_numismatica\"]},{\"@type\":\"Person\",\"@id\":\"https:\/\/www.jesusvico.com\/blog\/#\/schema\/person\/387cca63b8a523b97f8417ba2ea4898d\",\"name\":\"Beatriz Camino Rodr\u00edguez\",\"image\":{\"@type\":\"ImageObject\",\"inLanguage\":\"es\",\"@id\":\"https:\/\/www.jesusvico.com\/blog\/#\/schema\/person\/image\/\",\"url\":\"https:\/\/secure.gravatar.com\/avatar\/209f7097263408e99625109131235b0ad575b41781a227cf958390d2adc61dbb?s=96&d=mm&r=g\",\"contentUrl\":\"https:\/\/secure.gravatar.com\/avatar\/209f7097263408e99625109131235b0ad575b41781a227cf958390d2adc61dbb?s=96&d=mm&r=g\",\"caption\":\"Beatriz Camino Rodr\u00edguez\"},\"url\":\"https:\/\/www.jesusvico.com\/blog\/author\/beatriz\/\"}]}<\/script>\n<!-- \/ Yoast SEO Premium plugin. -->","yoast_head_json":{"title":"Catalina de Braganza naci\u00f3 el 25 de noviembre de 1638 | Jes\u00fas Vico","robots":{"index":"index","follow":"follow","max-snippet":"max-snippet:-1","max-image-preview":"max-image-preview:large","max-video-preview":"max-video-preview:-1"},"canonical":"https:\/\/www.jesusvico.com\/blog\/catalina-de-braganza-nacio-el-25-de-noviembre-de-1638\/","og_locale":"es_ES","og_type":"article","og_title":"Catalina de Braganza naci\u00f3 el 25 de noviembre de 1638","og_description":"Catalina de Braganza (1638-1705) fue reina de Inglaterra, Escocia e Irlanda durante su matrimonio con el rey Carlos II en el marco de una alianza entre Inglaterra y Portugal.&nbsp; Vida temprana y matrimonio&nbsp; Catalina naci\u00f3 el 25 de noviembre de 1638 en el Palacio Ducal de Vila Vi\u00e7osa. Era hija del rey Juan IV de [&hellip;]","og_url":"https:\/\/www.jesusvico.com\/blog\/catalina-de-braganza-nacio-el-25-de-noviembre-de-1638\/","og_site_name":"Jes\u00fas Vico","article_publisher":"https:\/\/www.facebook.com\/JesusVicoNumismatica","article_published_time":"2022-11-28T12:18:17+00:00","article_modified_time":"2024-03-20T09:18:51+00:00","og_image":[{"width":1110,"height":738,"url":"https:\/\/www.jesusvico.com\/blog\/wp-content\/uploads\/2022\/11\/banner3-3.jpg","type":"image\/jpeg"}],"author":"Beatriz Camino Rodr\u00edguez","twitter_card":"summary_large_image","twitter_misc":{"Escrito por":"Beatriz Camino Rodr\u00edguez","Tiempo de lectura":"4 minutos"},"schema":{"@context":"https:\/\/schema.org","@graph":[{"@type":"Article","@id":"https:\/\/www.jesusvico.com\/blog\/catalina-de-braganza-nacio-el-25-de-noviembre-de-1638\/#article","isPartOf":{"@id":"https:\/\/www.jesusvico.com\/blog\/catalina-de-braganza-nacio-el-25-de-noviembre-de-1638\/"},"author":{"name":"Beatriz Camino Rodr\u00edguez","@id":"https:\/\/www.jesusvico.com\/blog\/#\/schema\/person\/387cca63b8a523b97f8417ba2ea4898d"},"headline":"Catalina de Braganza naci\u00f3 el 25 de noviembre de 1638","datePublished":"2022-11-28T12:18:17+00:00","dateModified":"2024-03-20T09:18:51+00:00","mainEntityOfPage":{"@id":"https:\/\/www.jesusvico.com\/blog\/catalina-de-braganza-nacio-el-25-de-noviembre-de-1638\/"},"wordCount":851,"publisher":{"@id":"https:\/\/www.jesusvico.com\/blog\/#organization"},"image":{"@id":"https:\/\/www.jesusvico.com\/blog\/catalina-de-braganza-nacio-el-25-de-noviembre-de-1638\/#primaryimage"},"thumbnailUrl":"https:\/\/www.jesusvico.com\/blog\/wp-content\/uploads\/2022\/11\/banner3-3.jpg","articleSection":["."],"inLanguage":"es"},{"@type":"WebPage","@id":"https:\/\/www.jesusvico.com\/blog\/catalina-de-braganza-nacio-el-25-de-noviembre-de-1638\/","url":"https:\/\/www.jesusvico.com\/blog\/catalina-de-braganza-nacio-el-25-de-noviembre-de-1638\/","name":"Catalina de Braganza naci\u00f3 el 25 de noviembre de 1638 | Jes\u00fas Vico","isPartOf":{"@id":"https:\/\/www.jesusvico.com\/blog\/#website"},"primaryImageOfPage":{"@id":"https:\/\/www.jesusvico.com\/blog\/catalina-de-braganza-nacio-el-25-de-noviembre-de-1638\/#primaryimage"},"image":{"@id":"https:\/\/www.jesusvico.com\/blog\/catalina-de-braganza-nacio-el-25-de-noviembre-de-1638\/#primaryimage"},"thumbnailUrl":"https:\/\/www.jesusvico.com\/blog\/wp-content\/uploads\/2022\/11\/banner3-3.jpg","datePublished":"2022-11-28T12:18:17+00:00","dateModified":"2024-03-20T09:18:51+00:00","breadcrumb":{"@id":"https:\/\/www.jesusvico.com\/blog\/catalina-de-braganza-nacio-el-25-de-noviembre-de-1638\/#breadcrumb"},"inLanguage":"es","potentialAction":[{"@type":"ReadAction","target":["https:\/\/www.jesusvico.com\/blog\/catalina-de-braganza-nacio-el-25-de-noviembre-de-1638\/"]}]},{"@type":"ImageObject","inLanguage":"es","@id":"https:\/\/www.jesusvico.com\/blog\/catalina-de-braganza-nacio-el-25-de-noviembre-de-1638\/#primaryimage","url":"https:\/\/www.jesusvico.com\/blog\/wp-content\/uploads\/2022\/11\/banner3-3.jpg","contentUrl":"https:\/\/www.jesusvico.com\/blog\/wp-content\/uploads\/2022\/11\/banner3-3.jpg","width":1110,"height":738},{"@type":"BreadcrumbList","@id":"https:\/\/www.jesusvico.com\/blog\/catalina-de-braganza-nacio-el-25-de-noviembre-de-1638\/#breadcrumb","itemListElement":[{"@type":"ListItem","position":1,"name":"Portada","item":"https:\/\/www.jesusvico.com\/blog\/"},{"@type":"ListItem","position":2,"name":"Catalina de Braganza naci\u00f3 el 25 de noviembre de 1638"}]},{"@type":"WebSite","@id":"https:\/\/www.jesusvico.com\/blog\/#website","url":"https:\/\/www.jesusvico.com\/blog\/","name":"Jes\u00fas Vico","description":"Blog - Jes\u00fas Vico","publisher":{"@id":"https:\/\/www.jesusvico.com\/blog\/#organization"},"potentialAction":[{"@type":"SearchAction","target":{"@type":"EntryPoint","urlTemplate":"https:\/\/www.jesusvico.com\/blog\/?s={search_term_string}"},"query-input":{"@type":"PropertyValueSpecification","valueRequired":true,"valueName":"search_term_string"}}],"inLanguage":"es"},{"@type":"Organization","@id":"https:\/\/www.jesusvico.com\/blog\/#organization","name":"Jes\u00fas Vico","url":"https:\/\/www.jesusvico.com\/blog\/","logo":{"@type":"ImageObject","inLanguage":"es","@id":"https:\/\/www.jesusvico.com\/blog\/#\/schema\/logo\/image\/","url":"https:\/\/www.jesusvico.com\/blog\/wp-content\/uploads\/2022\/09\/Sin-ti\u0301tulo-1-1.png","contentUrl":"https:\/\/www.jesusvico.com\/blog\/wp-content\/uploads\/2022\/09\/Sin-ti\u0301tulo-1-1.png","width":800,"height":200,"caption":"Jes\u00fas Vico"},"image":{"@id":"https:\/\/www.jesusvico.com\/blog\/#\/schema\/logo\/image\/"},"sameAs":["https:\/\/www.facebook.com\/JesusVicoNumismatica","https:\/\/www.instagram.com\/jesusvico_numismatica"]},{"@type":"Person","@id":"https:\/\/www.jesusvico.com\/blog\/#\/schema\/person\/387cca63b8a523b97f8417ba2ea4898d","name":"Beatriz Camino Rodr\u00edguez","image":{"@type":"ImageObject","inLanguage":"es","@id":"https:\/\/www.jesusvico.com\/blog\/#\/schema\/person\/image\/","url":"https:\/\/secure.gravatar.com\/avatar\/209f7097263408e99625109131235b0ad575b41781a227cf958390d2adc61dbb?s=96&d=mm&r=g","contentUrl":"https:\/\/secure.gravatar.com\/avatar\/209f7097263408e99625109131235b0ad575b41781a227cf958390d2adc61dbb?s=96&d=mm&r=g","caption":"Beatriz Camino Rodr\u00edguez"},"url":"https:\/\/www.jesusvico.com\/blog\/author\/beatriz\/"}]}},"_links":{"self":[{"href":"https:\/\/www.jesusvico.com\/blog\/wp-json\/wp\/v2\/posts\/437","targetHints":{"allow":["GET"]}}],"collection":[{"href":"https:\/\/www.jesusvico.com\/blog\/wp-json\/wp\/v2\/posts"}],"about":[{"href":"https:\/\/www.jesusvico.com\/blog\/wp-json\/wp\/v2\/types\/post"}],"author":[{"embeddable":true,"href":"https:\/\/www.jesusvico.com\/blog\/wp-json\/wp\/v2\/users\/5"}],"replies":[{"embeddable":true,"href":"https:\/\/www.jesusvico.com\/blog\/wp-json\/wp\/v2\/comments?post=437"}],"version-history":[{"count":1,"href":"https:\/\/www.jesusvico.com\/blog\/wp-json\/wp\/v2\/posts\/437\/revisions"}],"predecessor-version":[{"id":440,"href":"https:\/\/www.jesusvico.com\/blog\/wp-json\/wp\/v2\/posts\/437\/revisions\/440"}],"wp:featuredmedia":[{"embeddable":true,"href":"https:\/\/www.jesusvico.com\/blog\/wp-json\/wp\/v2\/media\/439"}],"wp:attachment":[{"href":"https:\/\/www.jesusvico.com\/blog\/wp-json\/wp\/v2\/media?parent=437"}],"wp:term":[{"taxonomy":"category","embeddable":true,"href":"https:\/\/www.jesusvico.com\/blog\/wp-json\/wp\/v2\/categories?post=437"},{"taxonomy":"post_tag","embeddable":true,"href":"https:\/\/www.jesusvico.com\/blog\/wp-json\/wp\/v2\/tags?post=437"}],"curies":[{"name":"wp","href":"https:\/\/api.w.org\/{rel}","templated":true}]}}