{"id":465,"date":"2023-01-10T12:13:13","date_gmt":"2023-01-10T12:13:13","guid":{"rendered":"https:\/\/www.jesusvico.com\/blog\/?p=465"},"modified":"2024-03-20T09:18:00","modified_gmt":"2024-03-20T09:18:00","slug":"enrique-viii-se-casa-con-ana-de-cleves-6-de-enero-de-1540","status":"publish","type":"post","link":"https:\/\/www.jesusvico.com\/blog\/enrique-viii-se-casa-con-ana-de-cleves-6-de-enero-de-1540\/","title":{"rendered":"Enrique VIII se casa con Ana de Cleves, 6 de enero de 1540"},"content":{"rendered":"\n<p>El rey Enrique VIII se cas\u00f3 con Ana de Cleves el 6 de enero de 1540. Ana, que era la cuarta esposa de Enrique, fue reina de Inglaterra hasta el 12 de julio de 1540, cuando se anul\u00f3 su matrimonio con el rey.&nbsp;<\/p>\n\n\n\n<h2 class=\"wp-block-heading\" id=\"h-preparativos-de-la-boda\"><strong>Preparativos de la boda<\/strong><\/h2>\n\n\n\n<p>El matrimonio entre Enrique VIII y Ana de Cleves fue el resultado del deseo de Enrique de formar una alianza pol\u00edtica con la familia de ella. Ana era hija del duque Juan III de la Casa de La Marck, que apoyaba la Liga de Esmalcalda -una alianza militar de pr\u00edncipes luteranos- y se opon\u00eda al emperador Carlos V. Cuando falleci\u00f3 su padre, su hermano Guillermo se convirti\u00f3 en el l\u00edder de los protestantes de Alemania occidental. Adem\u00e1s, su hermana Sibila estaba casada con Juan Federico, elector de Sajonia y jefe de la Confederaci\u00f3n Protestante de Alemania. Teniendo en cuenta la posici\u00f3n de la familia, Enrique fue instado por su principal ministro Thomas Cromwell a casarse con Ana o con su hermana menor Amalia para establecer una alianza y reforzar su posici\u00f3n frente a los ataques cat\u00f3licos de Francia y el Sacro Imperio Romano Germ\u00e1nico. Para decidir qui\u00e9n era mejor candidata para \u00e9l, Enrique envi\u00f3 al artista Hans Holbein el Joven a pintar retratos de ambas hermanas. Mientras tanto, se negociaron los arreglos del matrimonio y el 4 de octubre de 1539 se firm\u00f3 un tratado matrimonial.<\/p>\n\n\n\n<p>Aunque Ana no ten\u00eda una educaci\u00f3n importante ni sofisticaci\u00f3n cultural, fue recomendada como la mejor candidata a Enrique debido a su personalidad gentil, virtuosa y d\u00f3cil. Ambos se conocieron en privado el d\u00eda de A\u00f1o Nuevo de 1540 en la abad\u00eda de Rochester, cuando \u00e9l entr\u00f3 disfrazado en la habitaci\u00f3n en la que ella se alojaba. Seg\u00fan los acompa\u00f1antes del rey, Enrique se sinti\u00f3 bastante decepcionado con ella, ya que consideraba que Ana no era como se la hab\u00edan descrito y le ten\u00eda en poca estima. El encuentro oficial entre la pareja tuvo lugar el 3 de enero de ese mismo a\u00f1o. Sin embargo, el rey se sinti\u00f3 tan decepcionado y enga\u00f1ado por el aspecto real de Ana, que inst\u00f3 a Cromwell a encontrar la manera de evitar el matrimonio. Sin embargo, esto era imposible, ya que romper el compromiso habr\u00eda puesto en peligro su alianza con los alemanes.<\/p>\n\n\n\n<h2 class=\"wp-block-heading\"><strong>Matrimonio y anulaci\u00f3n<\/strong><\/h2>\n\n\n\n<p>A pesar del deseo de Enrique de no seguir adelante con el compromiso, ambos se casaron el 6 de enero de 1540 en el palacio real de Placentia, en Greenwich (Londres). Aunque Ana estaba dispuesta a adoptar la cultura y las costumbres inglesas y cre\u00eda contar con el favor del rey, la realidad era muy distinta. La decepci\u00f3n de Enrique por el aspecto de Ana y su ingenuidad hicieron que le cayera mal desde el principio, hasta el punto de que nunca pudieron consumar su uni\u00f3n. Como consecuencia, se fij\u00f3 r\u00e1pidamente en otra persona: Catalina Howard. Tras seis meses de matrimonio, decidi\u00f3 iniciar las negociaciones para la anulaci\u00f3n.<\/p>\n\n\n\n<p>El 24 de junio, Ana tuvo que abandonar la corte y el 6 de julio fue informada de la decisi\u00f3n de Enrique de reconsiderar su matrimonio. La Reina se sinti\u00f3 muy afligida por la situaci\u00f3n, pero no tuvo m\u00e1s remedio que aceptar la anulaci\u00f3n. Mientras tanto, Cromwell, que hab\u00eda concertado la uni\u00f3n, fue acusado de traici\u00f3n. El matrimonio fue anulado el 12 de julio de 1540 por falta de consumaci\u00f3n y por el precontrato de Ana para casarse con Francisco de Lorena, compromiso que hab\u00eda sido anulado cuando ella a\u00fan era una ni\u00f1a.<\/p>\n\n\n\n<p>A pesar de que la uni\u00f3n no produjo herederos ni una alianza pol\u00edtica pr\u00f3spera, Enrique estuvo dispuesto a dar a su esposa una c\u00f3moda pensi\u00f3n como muestra de gratitud por consentir la anulaci\u00f3n. Despu\u00e9s de esto, Ana y Enrique se hicieron buenos amigos y ella fue invitada a la corte con frecuencia. Adem\u00e1s, fue nombrada miembro honorario de la Familia Real, como \u00abHermana Muy Querida y Muy Amada del Rey\u00bb.<\/p>\n\n\n\n<h2 class=\"wp-block-heading\"><strong>Tras la anulaci\u00f3n<\/strong>&nbsp;<\/h2>\n\n\n\n<p>Ana vivi\u00f3 c\u00f3modamente durante el resto del reinado de Enrique y fue presentada formalmente a su nueva esposa, Catalina Howard, con quien manten\u00eda una buena relaci\u00f3n. Tras la decapitaci\u00f3n de Catalina, Enrique fue presionado para que volviera a casarse con Ana, pero r\u00e1pidamente se neg\u00f3 a hacerlo y se cas\u00f3 con Catalina Parr. Cuando el rey muri\u00f3 en 1547, las condiciones de vida de Ana cambiaron dr\u00e1sticamente y se vio obligada a suplicar a su hermano seguridad econ\u00f3mica. A\u00fan as\u00ed, mantuvo buenas relaciones con la reina Mar\u00eda, hija de Enrique, e incluso asisti\u00f3 a su coronaci\u00f3n en 1553. Esta fue su \u00faltima aparici\u00f3n p\u00fablica antes de retirarse a sus estados de Kentish.&nbsp;<\/p>\n\n\n\n<p>Ana de Cleves falleci\u00f3 el 16 de julio de 1557, a los 41 a\u00f1os, en la vieja mansi\u00f3n de Chelsea. Fue la \u00faltima de las seis esposas de Enrique en morir y la \u00fanica que tuvo el honor de un entierro digno de una mujer de su posici\u00f3n en la abad\u00eda de Westminster.<\/p>\n\n\n\n<p>Autora: Beatriz Camino Rodr\u00edguez <\/p>\n","protected":false},"excerpt":{"rendered":"<p>El rey Enrique VIII se cas\u00f3 con Ana de Cleves el 6 de enero de 1540. Ana, que era la cuarta esposa de Enrique, fue reina de Inglaterra hasta el 12 de julio de 1540, cuando se anul\u00f3 su matrimonio con el rey.&nbsp; Preparativos de la boda El matrimonio entre Enrique VIII y Ana de [&hellip;]<\/p>\n","protected":false},"author":5,"featured_media":467,"comment_status":"closed","ping_status":"open","sticky":false,"template":"","format":"standard","meta":{"_et_pb_use_builder":"off","_et_pb_old_content":"","_et_gb_content_width":"","footnotes":""},"categories":[1],"tags":[],"class_list":["post-465","post","type-post","status-publish","format-standard","has-post-thumbnail","hentry","category-sin-categoria"],"yoast_head":"<!-- This site is optimized with the Yoast SEO Premium plugin v19.3 (Yoast SEO v24.2) - https:\/\/yoast.com\/wordpress\/plugins\/seo\/ -->\n<title>Enrique VIII se casa con Ana de Cleves, 6 de enero de 1540 | Jes\u00fas Vico<\/title>\n<meta name=\"robots\" content=\"index, follow, max-snippet:-1, max-image-preview:large, max-video-preview:-1\" \/>\n<link rel=\"canonical\" href=\"https:\/\/www.jesusvico.com\/blog\/enrique-viii-se-casa-con-ana-de-cleves-6-de-enero-de-1540\/\" \/>\n<meta property=\"og:locale\" content=\"es_ES\" \/>\n<meta property=\"og:type\" content=\"article\" \/>\n<meta property=\"og:title\" content=\"Enrique VIII se casa con Ana de Cleves, 6 de enero de 1540\" \/>\n<meta property=\"og:description\" content=\"El rey Enrique VIII se cas\u00f3 con Ana de Cleves el 6 de enero de 1540. Ana, que era la cuarta esposa de Enrique, fue reina de Inglaterra hasta el 12 de julio de 1540, cuando se anul\u00f3 su matrimonio con el rey.&nbsp; Preparativos de la boda El matrimonio entre Enrique VIII y Ana de [&hellip;]\" \/>\n<meta property=\"og:url\" content=\"https:\/\/www.jesusvico.com\/blog\/enrique-viii-se-casa-con-ana-de-cleves-6-de-enero-de-1540\/\" \/>\n<meta property=\"og:site_name\" content=\"Jes\u00fas Vico\" \/>\n<meta property=\"article:publisher\" content=\"https:\/\/www.facebook.com\/JesusVicoNumismatica\" \/>\n<meta property=\"article:published_time\" content=\"2023-01-10T12:13:13+00:00\" \/>\n<meta property=\"article:modified_time\" content=\"2024-03-20T09:18:00+00:00\" \/>\n<meta property=\"og:image\" content=\"https:\/\/www.jesusvico.com\/blog\/wp-content\/uploads\/2023\/01\/banner3-1.jpg\" \/>\n\t<meta property=\"og:image:width\" content=\"1110\" \/>\n\t<meta property=\"og:image:height\" content=\"738\" \/>\n\t<meta property=\"og:image:type\" content=\"image\/jpeg\" \/>\n<meta name=\"author\" content=\"Beatriz Camino Rodr\u00edguez\" \/>\n<meta name=\"twitter:card\" content=\"summary_large_image\" \/>\n<meta name=\"twitter:label1\" content=\"Escrito por\" \/>\n\t<meta name=\"twitter:data1\" content=\"Beatriz Camino Rodr\u00edguez\" \/>\n\t<meta name=\"twitter:label2\" content=\"Tiempo de lectura\" \/>\n\t<meta name=\"twitter:data2\" content=\"4 minutos\" \/>\n<script type=\"application\/ld+json\" class=\"yoast-schema-graph\">{\"@context\":\"https:\/\/schema.org\",\"@graph\":[{\"@type\":\"Article\",\"@id\":\"https:\/\/www.jesusvico.com\/blog\/enrique-viii-se-casa-con-ana-de-cleves-6-de-enero-de-1540\/#article\",\"isPartOf\":{\"@id\":\"https:\/\/www.jesusvico.com\/blog\/enrique-viii-se-casa-con-ana-de-cleves-6-de-enero-de-1540\/\"},\"author\":{\"name\":\"Beatriz Camino Rodr\u00edguez\",\"@id\":\"https:\/\/www.jesusvico.com\/blog\/#\/schema\/person\/387cca63b8a523b97f8417ba2ea4898d\"},\"headline\":\"Enrique VIII se casa con Ana de Cleves, 6 de enero de 1540\",\"datePublished\":\"2023-01-10T12:13:13+00:00\",\"dateModified\":\"2024-03-20T09:18:00+00:00\",\"mainEntityOfPage\":{\"@id\":\"https:\/\/www.jesusvico.com\/blog\/enrique-viii-se-casa-con-ana-de-cleves-6-de-enero-de-1540\/\"},\"wordCount\":892,\"publisher\":{\"@id\":\"https:\/\/www.jesusvico.com\/blog\/#organization\"},\"image\":{\"@id\":\"https:\/\/www.jesusvico.com\/blog\/enrique-viii-se-casa-con-ana-de-cleves-6-de-enero-de-1540\/#primaryimage\"},\"thumbnailUrl\":\"https:\/\/www.jesusvico.com\/blog\/wp-content\/uploads\/2023\/01\/banner3-1.jpg\",\"articleSection\":[\".\"],\"inLanguage\":\"es\"},{\"@type\":\"WebPage\",\"@id\":\"https:\/\/www.jesusvico.com\/blog\/enrique-viii-se-casa-con-ana-de-cleves-6-de-enero-de-1540\/\",\"url\":\"https:\/\/www.jesusvico.com\/blog\/enrique-viii-se-casa-con-ana-de-cleves-6-de-enero-de-1540\/\",\"name\":\"Enrique VIII se casa con Ana de Cleves, 6 de enero de 1540 | Jes\u00fas Vico\",\"isPartOf\":{\"@id\":\"https:\/\/www.jesusvico.com\/blog\/#website\"},\"primaryImageOfPage\":{\"@id\":\"https:\/\/www.jesusvico.com\/blog\/enrique-viii-se-casa-con-ana-de-cleves-6-de-enero-de-1540\/#primaryimage\"},\"image\":{\"@id\":\"https:\/\/www.jesusvico.com\/blog\/enrique-viii-se-casa-con-ana-de-cleves-6-de-enero-de-1540\/#primaryimage\"},\"thumbnailUrl\":\"https:\/\/www.jesusvico.com\/blog\/wp-content\/uploads\/2023\/01\/banner3-1.jpg\",\"datePublished\":\"2023-01-10T12:13:13+00:00\",\"dateModified\":\"2024-03-20T09:18:00+00:00\",\"breadcrumb\":{\"@id\":\"https:\/\/www.jesusvico.com\/blog\/enrique-viii-se-casa-con-ana-de-cleves-6-de-enero-de-1540\/#breadcrumb\"},\"inLanguage\":\"es\",\"potentialAction\":[{\"@type\":\"ReadAction\",\"target\":[\"https:\/\/www.jesusvico.com\/blog\/enrique-viii-se-casa-con-ana-de-cleves-6-de-enero-de-1540\/\"]}]},{\"@type\":\"ImageObject\",\"inLanguage\":\"es\",\"@id\":\"https:\/\/www.jesusvico.com\/blog\/enrique-viii-se-casa-con-ana-de-cleves-6-de-enero-de-1540\/#primaryimage\",\"url\":\"https:\/\/www.jesusvico.com\/blog\/wp-content\/uploads\/2023\/01\/banner3-1.jpg\",\"contentUrl\":\"https:\/\/www.jesusvico.com\/blog\/wp-content\/uploads\/2023\/01\/banner3-1.jpg\",\"width\":1110,\"height\":738},{\"@type\":\"BreadcrumbList\",\"@id\":\"https:\/\/www.jesusvico.com\/blog\/enrique-viii-se-casa-con-ana-de-cleves-6-de-enero-de-1540\/#breadcrumb\",\"itemListElement\":[{\"@type\":\"ListItem\",\"position\":1,\"name\":\"Portada\",\"item\":\"https:\/\/www.jesusvico.com\/blog\/\"},{\"@type\":\"ListItem\",\"position\":2,\"name\":\"Enrique VIII se casa con Ana de Cleves, 6 de enero de 1540\"}]},{\"@type\":\"WebSite\",\"@id\":\"https:\/\/www.jesusvico.com\/blog\/#website\",\"url\":\"https:\/\/www.jesusvico.com\/blog\/\",\"name\":\"Jes\u00fas Vico\",\"description\":\"Blog - Jes\u00fas Vico\",\"publisher\":{\"@id\":\"https:\/\/www.jesusvico.com\/blog\/#organization\"},\"potentialAction\":[{\"@type\":\"SearchAction\",\"target\":{\"@type\":\"EntryPoint\",\"urlTemplate\":\"https:\/\/www.jesusvico.com\/blog\/?s={search_term_string}\"},\"query-input\":{\"@type\":\"PropertyValueSpecification\",\"valueRequired\":true,\"valueName\":\"search_term_string\"}}],\"inLanguage\":\"es\"},{\"@type\":\"Organization\",\"@id\":\"https:\/\/www.jesusvico.com\/blog\/#organization\",\"name\":\"Jes\u00fas Vico\",\"url\":\"https:\/\/www.jesusvico.com\/blog\/\",\"logo\":{\"@type\":\"ImageObject\",\"inLanguage\":\"es\",\"@id\":\"https:\/\/www.jesusvico.com\/blog\/#\/schema\/logo\/image\/\",\"url\":\"https:\/\/www.jesusvico.com\/blog\/wp-content\/uploads\/2022\/09\/Sin-ti\u0301tulo-1-1.png\",\"contentUrl\":\"https:\/\/www.jesusvico.com\/blog\/wp-content\/uploads\/2022\/09\/Sin-ti\u0301tulo-1-1.png\",\"width\":800,\"height\":200,\"caption\":\"Jes\u00fas Vico\"},\"image\":{\"@id\":\"https:\/\/www.jesusvico.com\/blog\/#\/schema\/logo\/image\/\"},\"sameAs\":[\"https:\/\/www.facebook.com\/JesusVicoNumismatica\",\"https:\/\/www.instagram.com\/jesusvico_numismatica\"]},{\"@type\":\"Person\",\"@id\":\"https:\/\/www.jesusvico.com\/blog\/#\/schema\/person\/387cca63b8a523b97f8417ba2ea4898d\",\"name\":\"Beatriz Camino Rodr\u00edguez\",\"image\":{\"@type\":\"ImageObject\",\"inLanguage\":\"es\",\"@id\":\"https:\/\/www.jesusvico.com\/blog\/#\/schema\/person\/image\/\",\"url\":\"https:\/\/secure.gravatar.com\/avatar\/209f7097263408e99625109131235b0ad575b41781a227cf958390d2adc61dbb?s=96&d=mm&r=g\",\"contentUrl\":\"https:\/\/secure.gravatar.com\/avatar\/209f7097263408e99625109131235b0ad575b41781a227cf958390d2adc61dbb?s=96&d=mm&r=g\",\"caption\":\"Beatriz Camino Rodr\u00edguez\"},\"url\":\"https:\/\/www.jesusvico.com\/blog\/author\/beatriz\/\"}]}<\/script>\n<!-- \/ Yoast SEO Premium plugin. -->","yoast_head_json":{"title":"Enrique VIII se casa con Ana de Cleves, 6 de enero de 1540 | Jes\u00fas Vico","robots":{"index":"index","follow":"follow","max-snippet":"max-snippet:-1","max-image-preview":"max-image-preview:large","max-video-preview":"max-video-preview:-1"},"canonical":"https:\/\/www.jesusvico.com\/blog\/enrique-viii-se-casa-con-ana-de-cleves-6-de-enero-de-1540\/","og_locale":"es_ES","og_type":"article","og_title":"Enrique VIII se casa con Ana de Cleves, 6 de enero de 1540","og_description":"El rey Enrique VIII se cas\u00f3 con Ana de Cleves el 6 de enero de 1540. Ana, que era la cuarta esposa de Enrique, fue reina de Inglaterra hasta el 12 de julio de 1540, cuando se anul\u00f3 su matrimonio con el rey.&nbsp; Preparativos de la boda El matrimonio entre Enrique VIII y Ana de [&hellip;]","og_url":"https:\/\/www.jesusvico.com\/blog\/enrique-viii-se-casa-con-ana-de-cleves-6-de-enero-de-1540\/","og_site_name":"Jes\u00fas Vico","article_publisher":"https:\/\/www.facebook.com\/JesusVicoNumismatica","article_published_time":"2023-01-10T12:13:13+00:00","article_modified_time":"2024-03-20T09:18:00+00:00","og_image":[{"width":1110,"height":738,"url":"https:\/\/www.jesusvico.com\/blog\/wp-content\/uploads\/2023\/01\/banner3-1.jpg","type":"image\/jpeg"}],"author":"Beatriz Camino Rodr\u00edguez","twitter_card":"summary_large_image","twitter_misc":{"Escrito por":"Beatriz Camino Rodr\u00edguez","Tiempo de lectura":"4 minutos"},"schema":{"@context":"https:\/\/schema.org","@graph":[{"@type":"Article","@id":"https:\/\/www.jesusvico.com\/blog\/enrique-viii-se-casa-con-ana-de-cleves-6-de-enero-de-1540\/#article","isPartOf":{"@id":"https:\/\/www.jesusvico.com\/blog\/enrique-viii-se-casa-con-ana-de-cleves-6-de-enero-de-1540\/"},"author":{"name":"Beatriz Camino Rodr\u00edguez","@id":"https:\/\/www.jesusvico.com\/blog\/#\/schema\/person\/387cca63b8a523b97f8417ba2ea4898d"},"headline":"Enrique VIII se casa con Ana de Cleves, 6 de enero de 1540","datePublished":"2023-01-10T12:13:13+00:00","dateModified":"2024-03-20T09:18:00+00:00","mainEntityOfPage":{"@id":"https:\/\/www.jesusvico.com\/blog\/enrique-viii-se-casa-con-ana-de-cleves-6-de-enero-de-1540\/"},"wordCount":892,"publisher":{"@id":"https:\/\/www.jesusvico.com\/blog\/#organization"},"image":{"@id":"https:\/\/www.jesusvico.com\/blog\/enrique-viii-se-casa-con-ana-de-cleves-6-de-enero-de-1540\/#primaryimage"},"thumbnailUrl":"https:\/\/www.jesusvico.com\/blog\/wp-content\/uploads\/2023\/01\/banner3-1.jpg","articleSection":["."],"inLanguage":"es"},{"@type":"WebPage","@id":"https:\/\/www.jesusvico.com\/blog\/enrique-viii-se-casa-con-ana-de-cleves-6-de-enero-de-1540\/","url":"https:\/\/www.jesusvico.com\/blog\/enrique-viii-se-casa-con-ana-de-cleves-6-de-enero-de-1540\/","name":"Enrique VIII se casa con Ana de Cleves, 6 de enero de 1540 | Jes\u00fas Vico","isPartOf":{"@id":"https:\/\/www.jesusvico.com\/blog\/#website"},"primaryImageOfPage":{"@id":"https:\/\/www.jesusvico.com\/blog\/enrique-viii-se-casa-con-ana-de-cleves-6-de-enero-de-1540\/#primaryimage"},"image":{"@id":"https:\/\/www.jesusvico.com\/blog\/enrique-viii-se-casa-con-ana-de-cleves-6-de-enero-de-1540\/#primaryimage"},"thumbnailUrl":"https:\/\/www.jesusvico.com\/blog\/wp-content\/uploads\/2023\/01\/banner3-1.jpg","datePublished":"2023-01-10T12:13:13+00:00","dateModified":"2024-03-20T09:18:00+00:00","breadcrumb":{"@id":"https:\/\/www.jesusvico.com\/blog\/enrique-viii-se-casa-con-ana-de-cleves-6-de-enero-de-1540\/#breadcrumb"},"inLanguage":"es","potentialAction":[{"@type":"ReadAction","target":["https:\/\/www.jesusvico.com\/blog\/enrique-viii-se-casa-con-ana-de-cleves-6-de-enero-de-1540\/"]}]},{"@type":"ImageObject","inLanguage":"es","@id":"https:\/\/www.jesusvico.com\/blog\/enrique-viii-se-casa-con-ana-de-cleves-6-de-enero-de-1540\/#primaryimage","url":"https:\/\/www.jesusvico.com\/blog\/wp-content\/uploads\/2023\/01\/banner3-1.jpg","contentUrl":"https:\/\/www.jesusvico.com\/blog\/wp-content\/uploads\/2023\/01\/banner3-1.jpg","width":1110,"height":738},{"@type":"BreadcrumbList","@id":"https:\/\/www.jesusvico.com\/blog\/enrique-viii-se-casa-con-ana-de-cleves-6-de-enero-de-1540\/#breadcrumb","itemListElement":[{"@type":"ListItem","position":1,"name":"Portada","item":"https:\/\/www.jesusvico.com\/blog\/"},{"@type":"ListItem","position":2,"name":"Enrique VIII se casa con Ana de Cleves, 6 de enero de 1540"}]},{"@type":"WebSite","@id":"https:\/\/www.jesusvico.com\/blog\/#website","url":"https:\/\/www.jesusvico.com\/blog\/","name":"Jes\u00fas Vico","description":"Blog - Jes\u00fas Vico","publisher":{"@id":"https:\/\/www.jesusvico.com\/blog\/#organization"},"potentialAction":[{"@type":"SearchAction","target":{"@type":"EntryPoint","urlTemplate":"https:\/\/www.jesusvico.com\/blog\/?s={search_term_string}"},"query-input":{"@type":"PropertyValueSpecification","valueRequired":true,"valueName":"search_term_string"}}],"inLanguage":"es"},{"@type":"Organization","@id":"https:\/\/www.jesusvico.com\/blog\/#organization","name":"Jes\u00fas Vico","url":"https:\/\/www.jesusvico.com\/blog\/","logo":{"@type":"ImageObject","inLanguage":"es","@id":"https:\/\/www.jesusvico.com\/blog\/#\/schema\/logo\/image\/","url":"https:\/\/www.jesusvico.com\/blog\/wp-content\/uploads\/2022\/09\/Sin-ti\u0301tulo-1-1.png","contentUrl":"https:\/\/www.jesusvico.com\/blog\/wp-content\/uploads\/2022\/09\/Sin-ti\u0301tulo-1-1.png","width":800,"height":200,"caption":"Jes\u00fas Vico"},"image":{"@id":"https:\/\/www.jesusvico.com\/blog\/#\/schema\/logo\/image\/"},"sameAs":["https:\/\/www.facebook.com\/JesusVicoNumismatica","https:\/\/www.instagram.com\/jesusvico_numismatica"]},{"@type":"Person","@id":"https:\/\/www.jesusvico.com\/blog\/#\/schema\/person\/387cca63b8a523b97f8417ba2ea4898d","name":"Beatriz Camino Rodr\u00edguez","image":{"@type":"ImageObject","inLanguage":"es","@id":"https:\/\/www.jesusvico.com\/blog\/#\/schema\/person\/image\/","url":"https:\/\/secure.gravatar.com\/avatar\/209f7097263408e99625109131235b0ad575b41781a227cf958390d2adc61dbb?s=96&d=mm&r=g","contentUrl":"https:\/\/secure.gravatar.com\/avatar\/209f7097263408e99625109131235b0ad575b41781a227cf958390d2adc61dbb?s=96&d=mm&r=g","caption":"Beatriz Camino Rodr\u00edguez"},"url":"https:\/\/www.jesusvico.com\/blog\/author\/beatriz\/"}]}},"_links":{"self":[{"href":"https:\/\/www.jesusvico.com\/blog\/wp-json\/wp\/v2\/posts\/465","targetHints":{"allow":["GET"]}}],"collection":[{"href":"https:\/\/www.jesusvico.com\/blog\/wp-json\/wp\/v2\/posts"}],"about":[{"href":"https:\/\/www.jesusvico.com\/blog\/wp-json\/wp\/v2\/types\/post"}],"author":[{"embeddable":true,"href":"https:\/\/www.jesusvico.com\/blog\/wp-json\/wp\/v2\/users\/5"}],"replies":[{"embeddable":true,"href":"https:\/\/www.jesusvico.com\/blog\/wp-json\/wp\/v2\/comments?post=465"}],"version-history":[{"count":1,"href":"https:\/\/www.jesusvico.com\/blog\/wp-json\/wp\/v2\/posts\/465\/revisions"}],"predecessor-version":[{"id":468,"href":"https:\/\/www.jesusvico.com\/blog\/wp-json\/wp\/v2\/posts\/465\/revisions\/468"}],"wp:featuredmedia":[{"embeddable":true,"href":"https:\/\/www.jesusvico.com\/blog\/wp-json\/wp\/v2\/media\/467"}],"wp:attachment":[{"href":"https:\/\/www.jesusvico.com\/blog\/wp-json\/wp\/v2\/media?parent=465"}],"wp:term":[{"taxonomy":"category","embeddable":true,"href":"https:\/\/www.jesusvico.com\/blog\/wp-json\/wp\/v2\/categories?post=465"},{"taxonomy":"post_tag","embeddable":true,"href":"https:\/\/www.jesusvico.com\/blog\/wp-json\/wp\/v2\/tags?post=465"}],"curies":[{"name":"wp","href":"https:\/\/api.w.org\/{rel}","templated":true}]}}