{"id":534,"date":"2023-04-11T12:49:14","date_gmt":"2023-04-11T10:49:14","guid":{"rendered":"https:\/\/www.jesusvico.com\/blog\/?p=534"},"modified":"2024-03-20T09:16:17","modified_gmt":"2024-03-20T09:16:17","slug":"carlos-i-de-inglaterra-accede-al-trono-27-de-marzo-de-1625","status":"publish","type":"post","link":"https:\/\/www.jesusvico.com\/blog\/carlos-i-de-inglaterra-accede-al-trono-27-de-marzo-de-1625\/","title":{"rendered":"Carlos I de Inglaterra accede al trono, 27 de marzo de 1625"},"content":{"rendered":"\n[et_pb_section fb_built=\u00bb1&#8243; theme_builder_area=\u00bbpost_content\u00bb _builder_version=\u00bb4.14.8&#8243; _module_preset=\u00bbdefault\u00bb][et_pb_row _builder_version=\u00bb4.14.8&#8243; _module_preset=\u00bbdefault\u00bb theme_builder_area=\u00bbpost_content\u00bb][et_pb_column _builder_version=\u00bb4.14.8&#8243; _module_preset=\u00bbdefault\u00bb type=\u00bb4_4&#8243; theme_builder_area=\u00bbpost_content\u00bb][et_pb_text _builder_version=\u00bb4.14.8&#8243; _module_preset=\u00bbdefault\u00bb theme_builder_area=\u00bbpost_content\u00bb hover_enabled=\u00bb0&#8243; sticky_enabled=\u00bb0&#8243;]<p><span style=\"font-weight: 400\">Carlos I (19 de noviembre de 1600 &#8211; 30 de enero de 1649) fue rey de Inglaterra, Escocia e Irlanda desde el 27 de marzo de 1625 hasta su ejecuci\u00f3n en 1649. Su falta de compromiso con el Parlamento condujo a las Guerras Civiles inglesas, a su ejecuci\u00f3n y, finalmente, a la abolici\u00f3n de la monarqu\u00eda.<\/span><\/p>\n<p>&nbsp;<\/p>\n<h2><b>Vida temprana\u00a0<\/b><\/h2>\n<p>&nbsp;<\/p>\n<p><span style=\"font-weight: 400\">Carlos naci\u00f3\u00a0 en Escocia el 19 de noviembre de 1600. Era el segundo hijo de Jacobo I de Inglaterra y VI de Escocia y Ana de Dinamarca. Tras la muerte de su hermano Enrique en 1612, Carlos se convirti\u00f3 en el heredero al trono. De ni\u00f1o, Carlos fue educado por tutores privados y recibi\u00f3 una estricta educaci\u00f3n protestante. Carlos se cas\u00f3 con Enriqueta Mar\u00eda, la joven hermana de Luis XIII de Francia, en 1624. La pareja tuvo nueve hijos, los dos mayores, Carlos y Jaime, m\u00e1s tarde se convertir\u00edan en reyes.<\/span><\/p>\n<p>&nbsp;<\/p>\n<p><span style=\"font-weight: 400\">Cuando Jacobo I muri\u00f3 por enfermedad el 27 de marzo de 1625, Carlos hered\u00f3 el trono y se convirti\u00f3 en rey de Inglaterra, Escocia, Gales e Irlanda. Ya el d\u00eda de su coronaci\u00f3n, el 2 de febrero de 1626, se insinu\u00f3 que su reinado ser\u00eda funesto, pues durante la ceremonia se produjeron tres sucesos extra\u00f1os: la paloma de su cetro real se parti\u00f3, la gema de su anillo de coronaci\u00f3n se desprendi\u00f3 y hubo un terremoto.<\/span><\/p>\n<p>&nbsp;<\/p>\n<h2><b>Primeros a\u00f1os de reinado<\/b><\/h2>\n<p>&nbsp;<\/p>\n<p><span style=\"font-weight: 400\">El reinado de Carlos I estuvo marcado por una serie de conflictos con el Parlamento sobre la cuesti\u00f3n del poder real y los derechos del pueblo. Carlos I era defensor del derecho divino de los reyes, que sosten\u00eda que el poder del monarca proced\u00eda directamente de Dios y era absoluto. Esto le enfrent\u00f3 a muchos miembros del Parlamento, que defend\u00edan el principio de la soberan\u00eda parlamentaria.<\/span><\/p>\n<p>&nbsp;<\/p>\n<p><span style=\"font-weight: 400\">La principal cuesti\u00f3n que dividi\u00f3 a Carlos y al Parlamento fue la fiscalidad. El rey quer\u00eda aumentar los impuestos sin el consentimiento del Parlamento y constantemente desestimaba y convocaba esta instituci\u00f3n. Incluso intent\u00f3 eludirla adquiriendo dinero por medios privados. Aun as\u00ed, sus dificultades para encontrar fondos suficientes le obligaron a hacer concesiones, como la Petici\u00f3n de Derecho (1628). Sin embargo, en 1629 Carlos decidi\u00f3 repentinamente disolver el Parlamento.<\/span><\/p>\n<p>&nbsp;<\/p>\n<h2><b>Las guerras civiles<\/b><\/h2>\n<p>&nbsp;<\/p>\n<p><span style=\"font-weight: 400\">Durante los a\u00f1os siguientes todo indicaba que el rey no necesitaba al Parlamento para gobernar ya que consigui\u00f3 mejorar la situaci\u00f3n econ\u00f3mica del pa\u00eds y reducir la corrupci\u00f3n. Sin embargo, sus pol\u00edticas contra la libertad religiosa disgustaron a los l\u00edderes eclesi\u00e1sticos escoceses y desembocaron en las Guerras de los Obispos en 1637.<\/span><\/p>\n<p>&nbsp;<\/p>\n<p><span style=\"font-weight: 400\">Tras darse cuenta de que era incapaz de reunir un ej\u00e9rcito capaz de derrotar a los escoceses sin la ayuda del Parlamento, Carlos decidi\u00f3 ceder a sus demandas. Poco despu\u00e9s, convoc\u00f3 al Parlamento. Sin embargo, el rey sigui\u00f3 ignorando sus promesas a la instituci\u00f3n y la tensi\u00f3n fue en aumento, dando lugar a una serie de conflictos denominados las Guerras de los Tres Reinos, que tambi\u00e9n implic\u00f3 a Escocia e Irlanda.<\/span><\/p>\n<p>&nbsp;<\/p>\n<p><span style=\"font-weight: 400\">En 1641, los cat\u00f3licos irlandeses se rebelaron y lograron controlar la mayor parte de Irlanda frente a los mon\u00e1rquicos, los parlamentarios y los covenanters. Aunque todos ellos estaban de acuerdo en la necesidad de poner fin al conflicto, ninguno confiaba a los otros dos el control de un ej\u00e9rcito levantado para hacerlo. En 1642, la incapacidad para resolver la situaci\u00f3n pol\u00edtica condujo a la Primera Guerra Civil Inglesa, que enfrent\u00f3 a los mon\u00e1rquicos con los parlamentarios y sus aliados covenanistas en Inglaterra y Gales. La guerra en Inglaterra termin\u00f3 cuando Carlos se rindi\u00f3 a los escoceses en 1646, pero las divisiones entre sus oponentes y su negativa a hacer concesiones dieron lugar a la Segunda Guerra Civil Inglesa en 1648. Una vez m\u00e1s, los parlamentarios derrotaron a los realistas. El Ej\u00e9rcito Parlamentario del Nuevo Modelo, dirigido por el comandante Oliver Cromwell, se deshizo entonces de los miembros del Parlamento que quer\u00edan seguir negociando con el rey. Como resultado, Carlos fue juzgado en 1649 y condenado a muerte. El rey fue decapitado el 30 de enero de 1649. Se le neg\u00f3 un funeral de Estado y fue enterrado discretamente en el castillo de Windsor.<\/span><\/p>\n<p>&nbsp;<\/p>\n<h2><b>Legado<\/b><\/h2>\n<p>&nbsp;<\/p>\n<p><span style=\"font-weight: 400\">La ejecuci\u00f3n de Carlos fue un acontecimiento impactante y sin precedentes en la historia de Inglaterra al que sigui\u00f3 un periodo de agitaci\u00f3n pol\u00edtica y social. La monarqu\u00eda fue abolida e Inglaterra se convirti\u00f3 en una rep\u00fablica gobernada por Cromwell conocida como la Commonwealth de Inglaterra. Bajo su mandato, la Commonwealth conquist\u00f3 Irlanda y la mayor\u00eda de las tierras cat\u00f3licas irlandesas fueron confiscadas.\u00a0 Sin embargo, la rep\u00fablica dur\u00f3 poco y, en 1660, la monarqu\u00eda fue restaurada con la ascensi\u00f3n del hijo de Carlos, Carlos II.\u00a0<\/span><\/p>\n<p>&nbsp;<\/p>\n<p><span style=\"font-weight: 400\">El reinado de Carlos I tuvo profundas implicaciones para el desarrollo de la democracia y el constitucionalismo en Inglaterra. Su insistencia en el derecho divino de los reyes y su intento de gobernar sin el consentimiento del Parlamento contribuyeron al desarrollo del concepto de soberan\u00eda parlamentaria, que sigue siendo una piedra angular del derecho constitucional brit\u00e1nico hasta nuestros d\u00edas.<\/span><\/p>\n<p><span style=\"font-weight: 400\">Autora: Beatriz Camino Rodr\u00edguez<\/span><\/p>[\/et_pb_text][\/et_pb_column][\/et_pb_row][\/et_pb_section]\n","protected":false},"excerpt":{"rendered":"<p>Carlos I (19 de noviembre de 1600 &#8211; 30 de enero de 1649) fue rey de Inglaterra, Escocia e Irlanda desde el 27 de marzo de 1625 hasta su ejecuci\u00f3n en 1649. Su falta de compromiso con el Parlamento condujo a las Guerras Civiles inglesas, a su ejecuci\u00f3n y, finalmente, a la abolici\u00f3n de la [&hellip;]<\/p>\n","protected":false},"author":5,"featured_media":539,"comment_status":"closed","ping_status":"open","sticky":false,"template":"","format":"standard","meta":{"_et_pb_use_builder":"on","_et_pb_old_content":"","_et_gb_content_width":"","footnotes":""},"categories":[1],"tags":[],"class_list":["post-534","post","type-post","status-publish","format-standard","has-post-thumbnail","hentry","category-sin-categoria"],"yoast_head":"<!-- This site is optimized with the Yoast SEO Premium plugin v19.3 (Yoast SEO v24.2) - https:\/\/yoast.com\/wordpress\/plugins\/seo\/ -->\n<title>Carlos I de Inglaterra accede al trono, 27 de marzo de 1625 | Jes\u00fas Vico<\/title>\n<meta name=\"robots\" content=\"index, follow, max-snippet:-1, max-image-preview:large, max-video-preview:-1\" \/>\n<link rel=\"canonical\" href=\"https:\/\/www.jesusvico.com\/blog\/carlos-i-de-inglaterra-accede-al-trono-27-de-marzo-de-1625\/\" \/>\n<meta property=\"og:locale\" content=\"es_ES\" \/>\n<meta property=\"og:type\" content=\"article\" \/>\n<meta property=\"og:title\" content=\"Carlos I de Inglaterra accede al trono, 27 de marzo de 1625\" \/>\n<meta property=\"og:description\" content=\"Carlos I (19 de noviembre de 1600 - 30 de enero de 1649) fue rey de Inglaterra, Escocia e Irlanda desde el 27 de marzo de 1625 hasta su ejecuci\u00f3n en 1649. Su falta de compromiso con el Parlamento condujo a las Guerras Civiles inglesas, a su ejecuci\u00f3n y, finalmente, a la abolici\u00f3n de la [&hellip;]\" \/>\n<meta property=\"og:url\" content=\"https:\/\/www.jesusvico.com\/blog\/carlos-i-de-inglaterra-accede-al-trono-27-de-marzo-de-1625\/\" \/>\n<meta property=\"og:site_name\" content=\"Jes\u00fas Vico\" \/>\n<meta property=\"article:publisher\" content=\"https:\/\/www.facebook.com\/JesusVicoNumismatica\" \/>\n<meta property=\"article:published_time\" content=\"2023-04-11T10:49:14+00:00\" \/>\n<meta property=\"article:modified_time\" content=\"2024-03-20T09:16:17+00:00\" \/>\n<meta property=\"og:image\" content=\"https:\/\/www.jesusvico.com\/blog\/wp-content\/uploads\/2023\/04\/banner3-3-1080x675-1.jpg\" \/>\n\t<meta property=\"og:image:width\" content=\"1080\" \/>\n\t<meta property=\"og:image:height\" content=\"675\" \/>\n\t<meta property=\"og:image:type\" content=\"image\/jpeg\" \/>\n<meta name=\"author\" content=\"Beatriz Camino Rodr\u00edguez\" \/>\n<meta name=\"twitter:card\" content=\"summary_large_image\" \/>\n<meta name=\"twitter:label1\" content=\"Escrito por\" \/>\n\t<meta name=\"twitter:data1\" content=\"Beatriz Camino Rodr\u00edguez\" \/>\n\t<meta name=\"twitter:label2\" content=\"Tiempo de lectura\" \/>\n\t<meta name=\"twitter:data2\" content=\"5 minutos\" \/>\n<script type=\"application\/ld+json\" class=\"yoast-schema-graph\">{\"@context\":\"https:\/\/schema.org\",\"@graph\":[{\"@type\":\"Article\",\"@id\":\"https:\/\/www.jesusvico.com\/blog\/carlos-i-de-inglaterra-accede-al-trono-27-de-marzo-de-1625\/#article\",\"isPartOf\":{\"@id\":\"https:\/\/www.jesusvico.com\/blog\/carlos-i-de-inglaterra-accede-al-trono-27-de-marzo-de-1625\/\"},\"author\":{\"name\":\"Beatriz Camino Rodr\u00edguez\",\"@id\":\"https:\/\/www.jesusvico.com\/blog\/#\/schema\/person\/387cca63b8a523b97f8417ba2ea4898d\"},\"headline\":\"Carlos I de Inglaterra accede al trono, 27 de marzo de 1625\",\"datePublished\":\"2023-04-11T10:49:14+00:00\",\"dateModified\":\"2024-03-20T09:16:17+00:00\",\"mainEntityOfPage\":{\"@id\":\"https:\/\/www.jesusvico.com\/blog\/carlos-i-de-inglaterra-accede-al-trono-27-de-marzo-de-1625\/\"},\"wordCount\":959,\"publisher\":{\"@id\":\"https:\/\/www.jesusvico.com\/blog\/#organization\"},\"image\":{\"@id\":\"https:\/\/www.jesusvico.com\/blog\/carlos-i-de-inglaterra-accede-al-trono-27-de-marzo-de-1625\/#primaryimage\"},\"thumbnailUrl\":\"https:\/\/www.jesusvico.com\/blog\/wp-content\/uploads\/2023\/04\/banner3-3-1080x675-1.jpg\",\"articleSection\":[\".\"],\"inLanguage\":\"es\"},{\"@type\":\"WebPage\",\"@id\":\"https:\/\/www.jesusvico.com\/blog\/carlos-i-de-inglaterra-accede-al-trono-27-de-marzo-de-1625\/\",\"url\":\"https:\/\/www.jesusvico.com\/blog\/carlos-i-de-inglaterra-accede-al-trono-27-de-marzo-de-1625\/\",\"name\":\"Carlos I de Inglaterra accede al trono, 27 de marzo de 1625 | Jes\u00fas Vico\",\"isPartOf\":{\"@id\":\"https:\/\/www.jesusvico.com\/blog\/#website\"},\"primaryImageOfPage\":{\"@id\":\"https:\/\/www.jesusvico.com\/blog\/carlos-i-de-inglaterra-accede-al-trono-27-de-marzo-de-1625\/#primaryimage\"},\"image\":{\"@id\":\"https:\/\/www.jesusvico.com\/blog\/carlos-i-de-inglaterra-accede-al-trono-27-de-marzo-de-1625\/#primaryimage\"},\"thumbnailUrl\":\"https:\/\/www.jesusvico.com\/blog\/wp-content\/uploads\/2023\/04\/banner3-3-1080x675-1.jpg\",\"datePublished\":\"2023-04-11T10:49:14+00:00\",\"dateModified\":\"2024-03-20T09:16:17+00:00\",\"breadcrumb\":{\"@id\":\"https:\/\/www.jesusvico.com\/blog\/carlos-i-de-inglaterra-accede-al-trono-27-de-marzo-de-1625\/#breadcrumb\"},\"inLanguage\":\"es\",\"potentialAction\":[{\"@type\":\"ReadAction\",\"target\":[\"https:\/\/www.jesusvico.com\/blog\/carlos-i-de-inglaterra-accede-al-trono-27-de-marzo-de-1625\/\"]}]},{\"@type\":\"ImageObject\",\"inLanguage\":\"es\",\"@id\":\"https:\/\/www.jesusvico.com\/blog\/carlos-i-de-inglaterra-accede-al-trono-27-de-marzo-de-1625\/#primaryimage\",\"url\":\"https:\/\/www.jesusvico.com\/blog\/wp-content\/uploads\/2023\/04\/banner3-3-1080x675-1.jpg\",\"contentUrl\":\"https:\/\/www.jesusvico.com\/blog\/wp-content\/uploads\/2023\/04\/banner3-3-1080x675-1.jpg\",\"width\":1080,\"height\":675},{\"@type\":\"BreadcrumbList\",\"@id\":\"https:\/\/www.jesusvico.com\/blog\/carlos-i-de-inglaterra-accede-al-trono-27-de-marzo-de-1625\/#breadcrumb\",\"itemListElement\":[{\"@type\":\"ListItem\",\"position\":1,\"name\":\"Portada\",\"item\":\"https:\/\/www.jesusvico.com\/blog\/\"},{\"@type\":\"ListItem\",\"position\":2,\"name\":\"Carlos I de Inglaterra accede al trono, 27 de marzo de 1625\"}]},{\"@type\":\"WebSite\",\"@id\":\"https:\/\/www.jesusvico.com\/blog\/#website\",\"url\":\"https:\/\/www.jesusvico.com\/blog\/\",\"name\":\"Jes\u00fas Vico\",\"description\":\"Blog - Jes\u00fas Vico\",\"publisher\":{\"@id\":\"https:\/\/www.jesusvico.com\/blog\/#organization\"},\"potentialAction\":[{\"@type\":\"SearchAction\",\"target\":{\"@type\":\"EntryPoint\",\"urlTemplate\":\"https:\/\/www.jesusvico.com\/blog\/?s={search_term_string}\"},\"query-input\":{\"@type\":\"PropertyValueSpecification\",\"valueRequired\":true,\"valueName\":\"search_term_string\"}}],\"inLanguage\":\"es\"},{\"@type\":\"Organization\",\"@id\":\"https:\/\/www.jesusvico.com\/blog\/#organization\",\"name\":\"Jes\u00fas Vico\",\"url\":\"https:\/\/www.jesusvico.com\/blog\/\",\"logo\":{\"@type\":\"ImageObject\",\"inLanguage\":\"es\",\"@id\":\"https:\/\/www.jesusvico.com\/blog\/#\/schema\/logo\/image\/\",\"url\":\"https:\/\/www.jesusvico.com\/blog\/wp-content\/uploads\/2022\/09\/Sin-ti\u0301tulo-1-1.png\",\"contentUrl\":\"https:\/\/www.jesusvico.com\/blog\/wp-content\/uploads\/2022\/09\/Sin-ti\u0301tulo-1-1.png\",\"width\":800,\"height\":200,\"caption\":\"Jes\u00fas Vico\"},\"image\":{\"@id\":\"https:\/\/www.jesusvico.com\/blog\/#\/schema\/logo\/image\/\"},\"sameAs\":[\"https:\/\/www.facebook.com\/JesusVicoNumismatica\",\"https:\/\/www.instagram.com\/jesusvico_numismatica\"]},{\"@type\":\"Person\",\"@id\":\"https:\/\/www.jesusvico.com\/blog\/#\/schema\/person\/387cca63b8a523b97f8417ba2ea4898d\",\"name\":\"Beatriz Camino Rodr\u00edguez\",\"image\":{\"@type\":\"ImageObject\",\"inLanguage\":\"es\",\"@id\":\"https:\/\/www.jesusvico.com\/blog\/#\/schema\/person\/image\/\",\"url\":\"https:\/\/secure.gravatar.com\/avatar\/209f7097263408e99625109131235b0ad575b41781a227cf958390d2adc61dbb?s=96&d=mm&r=g\",\"contentUrl\":\"https:\/\/secure.gravatar.com\/avatar\/209f7097263408e99625109131235b0ad575b41781a227cf958390d2adc61dbb?s=96&d=mm&r=g\",\"caption\":\"Beatriz Camino Rodr\u00edguez\"},\"url\":\"https:\/\/www.jesusvico.com\/blog\/author\/beatriz\/\"}]}<\/script>\n<!-- \/ Yoast SEO Premium plugin. -->","yoast_head_json":{"title":"Carlos I de Inglaterra accede al trono, 27 de marzo de 1625 | Jes\u00fas Vico","robots":{"index":"index","follow":"follow","max-snippet":"max-snippet:-1","max-image-preview":"max-image-preview:large","max-video-preview":"max-video-preview:-1"},"canonical":"https:\/\/www.jesusvico.com\/blog\/carlos-i-de-inglaterra-accede-al-trono-27-de-marzo-de-1625\/","og_locale":"es_ES","og_type":"article","og_title":"Carlos I de Inglaterra accede al trono, 27 de marzo de 1625","og_description":"Carlos I (19 de noviembre de 1600 - 30 de enero de 1649) fue rey de Inglaterra, Escocia e Irlanda desde el 27 de marzo de 1625 hasta su ejecuci\u00f3n en 1649. Su falta de compromiso con el Parlamento condujo a las Guerras Civiles inglesas, a su ejecuci\u00f3n y, finalmente, a la abolici\u00f3n de la [&hellip;]","og_url":"https:\/\/www.jesusvico.com\/blog\/carlos-i-de-inglaterra-accede-al-trono-27-de-marzo-de-1625\/","og_site_name":"Jes\u00fas Vico","article_publisher":"https:\/\/www.facebook.com\/JesusVicoNumismatica","article_published_time":"2023-04-11T10:49:14+00:00","article_modified_time":"2024-03-20T09:16:17+00:00","og_image":[{"width":1080,"height":675,"url":"https:\/\/www.jesusvico.com\/blog\/wp-content\/uploads\/2023\/04\/banner3-3-1080x675-1.jpg","type":"image\/jpeg"}],"author":"Beatriz Camino Rodr\u00edguez","twitter_card":"summary_large_image","twitter_misc":{"Escrito por":"Beatriz Camino Rodr\u00edguez","Tiempo de lectura":"5 minutos"},"schema":{"@context":"https:\/\/schema.org","@graph":[{"@type":"Article","@id":"https:\/\/www.jesusvico.com\/blog\/carlos-i-de-inglaterra-accede-al-trono-27-de-marzo-de-1625\/#article","isPartOf":{"@id":"https:\/\/www.jesusvico.com\/blog\/carlos-i-de-inglaterra-accede-al-trono-27-de-marzo-de-1625\/"},"author":{"name":"Beatriz Camino Rodr\u00edguez","@id":"https:\/\/www.jesusvico.com\/blog\/#\/schema\/person\/387cca63b8a523b97f8417ba2ea4898d"},"headline":"Carlos I de Inglaterra accede al trono, 27 de marzo de 1625","datePublished":"2023-04-11T10:49:14+00:00","dateModified":"2024-03-20T09:16:17+00:00","mainEntityOfPage":{"@id":"https:\/\/www.jesusvico.com\/blog\/carlos-i-de-inglaterra-accede-al-trono-27-de-marzo-de-1625\/"},"wordCount":959,"publisher":{"@id":"https:\/\/www.jesusvico.com\/blog\/#organization"},"image":{"@id":"https:\/\/www.jesusvico.com\/blog\/carlos-i-de-inglaterra-accede-al-trono-27-de-marzo-de-1625\/#primaryimage"},"thumbnailUrl":"https:\/\/www.jesusvico.com\/blog\/wp-content\/uploads\/2023\/04\/banner3-3-1080x675-1.jpg","articleSection":["."],"inLanguage":"es"},{"@type":"WebPage","@id":"https:\/\/www.jesusvico.com\/blog\/carlos-i-de-inglaterra-accede-al-trono-27-de-marzo-de-1625\/","url":"https:\/\/www.jesusvico.com\/blog\/carlos-i-de-inglaterra-accede-al-trono-27-de-marzo-de-1625\/","name":"Carlos I de Inglaterra accede al trono, 27 de marzo de 1625 | Jes\u00fas Vico","isPartOf":{"@id":"https:\/\/www.jesusvico.com\/blog\/#website"},"primaryImageOfPage":{"@id":"https:\/\/www.jesusvico.com\/blog\/carlos-i-de-inglaterra-accede-al-trono-27-de-marzo-de-1625\/#primaryimage"},"image":{"@id":"https:\/\/www.jesusvico.com\/blog\/carlos-i-de-inglaterra-accede-al-trono-27-de-marzo-de-1625\/#primaryimage"},"thumbnailUrl":"https:\/\/www.jesusvico.com\/blog\/wp-content\/uploads\/2023\/04\/banner3-3-1080x675-1.jpg","datePublished":"2023-04-11T10:49:14+00:00","dateModified":"2024-03-20T09:16:17+00:00","breadcrumb":{"@id":"https:\/\/www.jesusvico.com\/blog\/carlos-i-de-inglaterra-accede-al-trono-27-de-marzo-de-1625\/#breadcrumb"},"inLanguage":"es","potentialAction":[{"@type":"ReadAction","target":["https:\/\/www.jesusvico.com\/blog\/carlos-i-de-inglaterra-accede-al-trono-27-de-marzo-de-1625\/"]}]},{"@type":"ImageObject","inLanguage":"es","@id":"https:\/\/www.jesusvico.com\/blog\/carlos-i-de-inglaterra-accede-al-trono-27-de-marzo-de-1625\/#primaryimage","url":"https:\/\/www.jesusvico.com\/blog\/wp-content\/uploads\/2023\/04\/banner3-3-1080x675-1.jpg","contentUrl":"https:\/\/www.jesusvico.com\/blog\/wp-content\/uploads\/2023\/04\/banner3-3-1080x675-1.jpg","width":1080,"height":675},{"@type":"BreadcrumbList","@id":"https:\/\/www.jesusvico.com\/blog\/carlos-i-de-inglaterra-accede-al-trono-27-de-marzo-de-1625\/#breadcrumb","itemListElement":[{"@type":"ListItem","position":1,"name":"Portada","item":"https:\/\/www.jesusvico.com\/blog\/"},{"@type":"ListItem","position":2,"name":"Carlos I de Inglaterra accede al trono, 27 de marzo de 1625"}]},{"@type":"WebSite","@id":"https:\/\/www.jesusvico.com\/blog\/#website","url":"https:\/\/www.jesusvico.com\/blog\/","name":"Jes\u00fas Vico","description":"Blog - Jes\u00fas Vico","publisher":{"@id":"https:\/\/www.jesusvico.com\/blog\/#organization"},"potentialAction":[{"@type":"SearchAction","target":{"@type":"EntryPoint","urlTemplate":"https:\/\/www.jesusvico.com\/blog\/?s={search_term_string}"},"query-input":{"@type":"PropertyValueSpecification","valueRequired":true,"valueName":"search_term_string"}}],"inLanguage":"es"},{"@type":"Organization","@id":"https:\/\/www.jesusvico.com\/blog\/#organization","name":"Jes\u00fas Vico","url":"https:\/\/www.jesusvico.com\/blog\/","logo":{"@type":"ImageObject","inLanguage":"es","@id":"https:\/\/www.jesusvico.com\/blog\/#\/schema\/logo\/image\/","url":"https:\/\/www.jesusvico.com\/blog\/wp-content\/uploads\/2022\/09\/Sin-ti\u0301tulo-1-1.png","contentUrl":"https:\/\/www.jesusvico.com\/blog\/wp-content\/uploads\/2022\/09\/Sin-ti\u0301tulo-1-1.png","width":800,"height":200,"caption":"Jes\u00fas Vico"},"image":{"@id":"https:\/\/www.jesusvico.com\/blog\/#\/schema\/logo\/image\/"},"sameAs":["https:\/\/www.facebook.com\/JesusVicoNumismatica","https:\/\/www.instagram.com\/jesusvico_numismatica"]},{"@type":"Person","@id":"https:\/\/www.jesusvico.com\/blog\/#\/schema\/person\/387cca63b8a523b97f8417ba2ea4898d","name":"Beatriz Camino Rodr\u00edguez","image":{"@type":"ImageObject","inLanguage":"es","@id":"https:\/\/www.jesusvico.com\/blog\/#\/schema\/person\/image\/","url":"https:\/\/secure.gravatar.com\/avatar\/209f7097263408e99625109131235b0ad575b41781a227cf958390d2adc61dbb?s=96&d=mm&r=g","contentUrl":"https:\/\/secure.gravatar.com\/avatar\/209f7097263408e99625109131235b0ad575b41781a227cf958390d2adc61dbb?s=96&d=mm&r=g","caption":"Beatriz Camino Rodr\u00edguez"},"url":"https:\/\/www.jesusvico.com\/blog\/author\/beatriz\/"}]}},"_links":{"self":[{"href":"https:\/\/www.jesusvico.com\/blog\/wp-json\/wp\/v2\/posts\/534","targetHints":{"allow":["GET"]}}],"collection":[{"href":"https:\/\/www.jesusvico.com\/blog\/wp-json\/wp\/v2\/posts"}],"about":[{"href":"https:\/\/www.jesusvico.com\/blog\/wp-json\/wp\/v2\/types\/post"}],"author":[{"embeddable":true,"href":"https:\/\/www.jesusvico.com\/blog\/wp-json\/wp\/v2\/users\/5"}],"replies":[{"embeddable":true,"href":"https:\/\/www.jesusvico.com\/blog\/wp-json\/wp\/v2\/comments?post=534"}],"version-history":[{"count":5,"href":"https:\/\/www.jesusvico.com\/blog\/wp-json\/wp\/v2\/posts\/534\/revisions"}],"predecessor-version":[{"id":746,"href":"https:\/\/www.jesusvico.com\/blog\/wp-json\/wp\/v2\/posts\/534\/revisions\/746"}],"wp:featuredmedia":[{"embeddable":true,"href":"https:\/\/www.jesusvico.com\/blog\/wp-json\/wp\/v2\/media\/539"}],"wp:attachment":[{"href":"https:\/\/www.jesusvico.com\/blog\/wp-json\/wp\/v2\/media?parent=534"}],"wp:term":[{"taxonomy":"category","embeddable":true,"href":"https:\/\/www.jesusvico.com\/blog\/wp-json\/wp\/v2\/categories?post=534"},{"taxonomy":"post_tag","embeddable":true,"href":"https:\/\/www.jesusvico.com\/blog\/wp-json\/wp\/v2\/tags?post=534"}],"curies":[{"name":"wp","href":"https:\/\/api.w.org\/{rel}","templated":true}]}}