{"id":551,"date":"2023-04-20T19:31:48","date_gmt":"2023-04-20T19:31:48","guid":{"rendered":"https:\/\/www.jesusvico.com\/blog\/?p=551"},"modified":"2024-03-20T09:16:06","modified_gmt":"2024-03-20T09:16:06","slug":"leyes-de-abril-11-de-abril-de-1848","status":"publish","type":"post","link":"https:\/\/www.jesusvico.com\/blog\/leyes-de-abril-11-de-abril-de-1848\/","title":{"rendered":"Leyes de Abril, 11 de abril de 1848"},"content":{"rendered":"\n[et_pb_section fb_built=\u00bb1&#8243; _builder_version=\u00bb4.14.8&#8243; _module_preset=\u00bbdefault\u00bb global_colors_info=\u00bb{}\u00bb][et_pb_row _builder_version=\u00bb4.14.8&#8243; _module_preset=\u00bbdefault\u00bb global_colors_info=\u00bb{}\u00bb][et_pb_column type=\u00bb4_4&#8243; _builder_version=\u00bb4.14.8&#8243; _module_preset=\u00bbdefault\u00bb global_colors_info=\u00bb{}\u00bb][et_pb_text _builder_version=\u00bb4.14.8&#8243; _module_preset=\u00bbdefault\u00bb global_colors_info=\u00bb{}\u00bb]<p><span style=\"font-weight: 400\">Las Leyes de Abril, tambi\u00e9n conocidas como Leyes de Marzo, fueron firmadas por el emperador Fernando I de Austria el 11 de abril de 1848. Se trataba de un conjunto de leyes destinadas a modernizar el Reino de Hungr\u00eda y convertirlo en un estado-naci\u00f3n democr\u00e1tico parlamentario.<\/span><\/p>\n<p>&nbsp;<\/p>\n<h2><b>Antecedentes<\/b><\/h2>\n<p>&nbsp;<\/p>\n<p><span style=\"font-weight: 400\">A mediados del siglo XIX el Imperio de los Habsburgo, que inclu\u00eda Hungr\u00eda, se enfrentaba a una importante crisis pol\u00edtica y econ\u00f3mica. El liderazgo y la riqueza del imperio estaban en manos de la aristocracia. Esto provoc\u00f3 un descontento generalizado entre la poblaci\u00f3n, que exig\u00eda una mayor representaci\u00f3n pol\u00edtica y reformas econ\u00f3micas. En marzo de 1848, los revolucionarios de Viena obligaron al emperador Fernando I de Austria a otorgar una constituci\u00f3n y establecer una asamblea representativa. Este acontecimiento desencaden\u00f3 revueltas similares en todo el imperio, incluida Hungr\u00eda.<\/span><\/p>\n<p>&nbsp;<\/p>\n<p><span style=\"font-weight: 400\">Tras las revoluciones de Par\u00eds (24 de febrero) y Viena (13 de marzo), la Dieta H\u00fangara, \u00f3rgano legislativo del pa\u00eds, se reuni\u00f3 para debatir la situaci\u00f3n. Los liberales, que dominaban la c\u00e1mara baja de la Dieta, intentaron evitar una revoluci\u00f3n social radical haciendo hincapi\u00e9 en la reforma y la liberaci\u00f3n nacional. En consecuencia, el 15 de marzo, Lajos Kossuth, figura destacada del movimiento nacionalista h\u00fangaro, present\u00f3 una serie de demandas que se conocieron como las Leyes de Abril.\u00a0<\/span><\/p>\n<p>&nbsp;<\/p>\n<p><span style=\"font-weight: 400\">Kossuth sosten\u00eda que Hungr\u00eda deb\u00eda gozar de mayor autonom\u00eda dentro del Imperio de los Habsburgo y que el pueblo deb\u00eda tener m\u00e1s voz en el gobierno. Su programa pretend\u00eda preservar el poder de la alta burgues\u00eda y crear un Estado magiar independiente unido al Imperio Austriaco s\u00f3lo en la persona del emperador-rey. Este programa fue adoptado tanto por la C\u00e1mara Alta como por la C\u00e1mara Baja.<\/span><\/p>\n<p>&nbsp;<\/p>\n<h2><b>Las Leyes de Abril<\/b><\/h2>\n<p>&nbsp;<\/p>\n<p><span style=\"font-weight: 400\">Las Leyes de Abril consist\u00edan en 12 exigencias destinadas a establecer a Hungr\u00eda como una naci\u00f3n independiente dentro del Imperio de los Habsburgo. Preve\u00edan un virrey en Budapest que ejerciera las prerrogativas del emperador sin responder ante Viena. Las Leyes tambi\u00e9n establec\u00edan que Hungr\u00eda deb\u00eda controlar su propia guardia nacional, presupuesto y pol\u00edtica exterior y que deb\u00eda tener su propio ministerio responsable ante el parlamento h\u00fangaro. Adem\u00e1s, los representantes del parlamento deb\u00edan hablar la lengua h\u00fangara.\u00a0<\/span><\/p>\n<p>&nbsp;<\/p>\n<p><span style=\"font-weight: 400\">Otras disposiciones clave eran la libertad de prensa, expresi\u00f3n y reuni\u00f3n, as\u00ed como el establecimiento de un gobierno responsable con derecho a iniciar y vetar leyes. Adem\u00e1s, las Leyes de Abril abolieron el feudalismo y liberaron a los siervos de sus obligaciones para con los terratenientes. Otra disposici\u00f3n fue el reconocimiento de la igualdad de todos los ciudadanos, independientemente de su nacionalidad o religi\u00f3n. Por \u00faltimo, las Leyes inclu\u00edan la introducci\u00f3n de un sistema educativo moderno y laico, cuyo objetivo era proporcionar a todas las personas acceso a la educaci\u00f3n y promover el desarrollo de una sociedad m\u00e1s informada y educada.<\/span><\/p>\n<p>&nbsp;<\/p>\n<p><span style=\"font-weight: 400\">La Dieta h\u00fangara aprob\u00f3 las Leyes de Abril en marzo de 1848, y el emperador Fernando las acept\u00f3 a rega\u00f1adientes el 11 de abril de 1848. Sin embargo, tras la abdicaci\u00f3n del Emperador ese mismo a\u00f1o, su sucesor Francisco Jos\u00e9 revoc\u00f3 arbitrariamente las leyes sin ninguna competencia legal.<\/span><\/p>\n<p>&nbsp;<\/p>\n<h2><b>Consecuencias<\/b><\/h2>\n<p>&nbsp;<\/p>\n<p><span style=\"font-weight: 400\">Las Leyes de Abril inspiraron demandas similares de reforma pol\u00edtica y econ\u00f3mica en toda Europa, incluso en Italia, Polonia y Alemania. Sin embargo, el Imperio de los Habsburgo estaba decidido a mantener su control sobre Hungr\u00eda y el pa\u00eds se sumi\u00f3 en un largo y sangriento conflicto conocido como la Revoluci\u00f3n H\u00fangara de 1848. Los revolucionarios lucharon ferozmente contra las fuerzas imperiales, pero finalmente fueron derrotados en 1849.<\/span><\/p>\n<p>&nbsp;<\/p>\n<p><span style=\"font-weight: 400\">Como consecuencia, el pa\u00eds se vio sometido a una dura represi\u00f3n y fue obligado a aceptar la autoridad de la monarqu\u00eda de los Habsburgo. Muchos de los logros alcanzados por las Leyes de Abril quedaron anulados y Hungr\u00eda no conserv\u00f3 su plena autonom\u00eda exterior hasta el Compromiso de 1867, que m\u00e1s tarde influir\u00eda en la posici\u00f3n de Hungr\u00eda en la Primera Guerra Mundial.<\/span><\/p>\n<p>Autora: Beatriz Camino Rodr\u00edguez<span style=\"font-weight: 400\"><\/span><\/p>\n<p><span style=\"font-weight: 400\"><\/span><\/p>[\/et_pb_text][\/et_pb_column][\/et_pb_row][\/et_pb_section]\n","protected":false},"excerpt":{"rendered":"<p>Las Leyes de Abril, tambi\u00e9n conocidas como Leyes de Marzo, fueron firmadas por el emperador Fernando I de Austria el 11 de abril de 1848. Se trataba de un conjunto de leyes destinadas a modernizar el Reino de Hungr\u00eda y convertirlo en un estado-naci\u00f3n democr\u00e1tico parlamentario. &nbsp; Antecedentes &nbsp; A mediados del siglo XIX el [&hellip;]<\/p>\n","protected":false},"author":5,"featured_media":554,"comment_status":"closed","ping_status":"open","sticky":false,"template":"","format":"standard","meta":{"_et_pb_use_builder":"on","_et_pb_old_content":"","_et_gb_content_width":"","footnotes":""},"categories":[1],"tags":[],"class_list":["post-551","post","type-post","status-publish","format-standard","has-post-thumbnail","hentry","category-sin-categoria"],"yoast_head":"<!-- This site is optimized with the Yoast SEO Premium plugin v19.3 (Yoast SEO v24.2) - https:\/\/yoast.com\/wordpress\/plugins\/seo\/ -->\n<title>Leyes de Abril, 11 de abril de 1848 | Jes\u00fas Vico<\/title>\n<meta name=\"robots\" content=\"index, follow, max-snippet:-1, max-image-preview:large, max-video-preview:-1\" \/>\n<link rel=\"canonical\" href=\"https:\/\/www.jesusvico.com\/blog\/leyes-de-abril-11-de-abril-de-1848\/\" \/>\n<meta property=\"og:locale\" content=\"es_ES\" \/>\n<meta property=\"og:type\" content=\"article\" \/>\n<meta property=\"og:title\" content=\"Leyes de Abril, 11 de abril de 1848\" \/>\n<meta property=\"og:description\" content=\"Las Leyes de Abril, tambi\u00e9n conocidas como Leyes de Marzo, fueron firmadas por el emperador Fernando I de Austria el 11 de abril de 1848. Se trataba de un conjunto de leyes destinadas a modernizar el Reino de Hungr\u00eda y convertirlo en un estado-naci\u00f3n democr\u00e1tico parlamentario. &nbsp; Antecedentes &nbsp; A mediados del siglo XIX el [&hellip;]\" \/>\n<meta property=\"og:url\" content=\"https:\/\/www.jesusvico.com\/blog\/leyes-de-abril-11-de-abril-de-1848\/\" \/>\n<meta property=\"og:site_name\" content=\"Jes\u00fas Vico\" \/>\n<meta property=\"article:publisher\" content=\"https:\/\/www.facebook.com\/JesusVicoNumismatica\" \/>\n<meta property=\"article:published_time\" content=\"2023-04-20T19:31:48+00:00\" \/>\n<meta property=\"article:modified_time\" content=\"2024-03-20T09:16:06+00:00\" \/>\n<meta property=\"og:image\" content=\"https:\/\/www.jesusvico.com\/blog\/wp-content\/uploads\/2023\/04\/banner3-3-1080x675-2-1.jpg\" \/>\n\t<meta property=\"og:image:width\" content=\"1080\" \/>\n\t<meta property=\"og:image:height\" content=\"675\" \/>\n\t<meta property=\"og:image:type\" content=\"image\/jpeg\" \/>\n<meta name=\"author\" content=\"Beatriz Camino Rodr\u00edguez\" \/>\n<meta name=\"twitter:card\" content=\"summary_large_image\" \/>\n<meta name=\"twitter:label1\" content=\"Escrito por\" \/>\n\t<meta name=\"twitter:data1\" content=\"Beatriz Camino Rodr\u00edguez\" \/>\n\t<meta name=\"twitter:label2\" content=\"Tiempo de lectura\" \/>\n\t<meta name=\"twitter:data2\" content=\"4 minutos\" \/>\n<script type=\"application\/ld+json\" class=\"yoast-schema-graph\">{\"@context\":\"https:\/\/schema.org\",\"@graph\":[{\"@type\":\"Article\",\"@id\":\"https:\/\/www.jesusvico.com\/blog\/leyes-de-abril-11-de-abril-de-1848\/#article\",\"isPartOf\":{\"@id\":\"https:\/\/www.jesusvico.com\/blog\/leyes-de-abril-11-de-abril-de-1848\/\"},\"author\":{\"name\":\"Beatriz Camino Rodr\u00edguez\",\"@id\":\"https:\/\/www.jesusvico.com\/blog\/#\/schema\/person\/387cca63b8a523b97f8417ba2ea4898d\"},\"headline\":\"Leyes de Abril, 11 de abril de 1848\",\"datePublished\":\"2023-04-20T19:31:48+00:00\",\"dateModified\":\"2024-03-20T09:16:06+00:00\",\"mainEntityOfPage\":{\"@id\":\"https:\/\/www.jesusvico.com\/blog\/leyes-de-abril-11-de-abril-de-1848\/\"},\"wordCount\":783,\"publisher\":{\"@id\":\"https:\/\/www.jesusvico.com\/blog\/#organization\"},\"image\":{\"@id\":\"https:\/\/www.jesusvico.com\/blog\/leyes-de-abril-11-de-abril-de-1848\/#primaryimage\"},\"thumbnailUrl\":\"https:\/\/www.jesusvico.com\/blog\/wp-content\/uploads\/2023\/04\/banner3-3-1080x675-2-1.jpg\",\"articleSection\":[\".\"],\"inLanguage\":\"es\"},{\"@type\":\"WebPage\",\"@id\":\"https:\/\/www.jesusvico.com\/blog\/leyes-de-abril-11-de-abril-de-1848\/\",\"url\":\"https:\/\/www.jesusvico.com\/blog\/leyes-de-abril-11-de-abril-de-1848\/\",\"name\":\"Leyes de Abril, 11 de abril de 1848 | Jes\u00fas Vico\",\"isPartOf\":{\"@id\":\"https:\/\/www.jesusvico.com\/blog\/#website\"},\"primaryImageOfPage\":{\"@id\":\"https:\/\/www.jesusvico.com\/blog\/leyes-de-abril-11-de-abril-de-1848\/#primaryimage\"},\"image\":{\"@id\":\"https:\/\/www.jesusvico.com\/blog\/leyes-de-abril-11-de-abril-de-1848\/#primaryimage\"},\"thumbnailUrl\":\"https:\/\/www.jesusvico.com\/blog\/wp-content\/uploads\/2023\/04\/banner3-3-1080x675-2-1.jpg\",\"datePublished\":\"2023-04-20T19:31:48+00:00\",\"dateModified\":\"2024-03-20T09:16:06+00:00\",\"breadcrumb\":{\"@id\":\"https:\/\/www.jesusvico.com\/blog\/leyes-de-abril-11-de-abril-de-1848\/#breadcrumb\"},\"inLanguage\":\"es\",\"potentialAction\":[{\"@type\":\"ReadAction\",\"target\":[\"https:\/\/www.jesusvico.com\/blog\/leyes-de-abril-11-de-abril-de-1848\/\"]}]},{\"@type\":\"ImageObject\",\"inLanguage\":\"es\",\"@id\":\"https:\/\/www.jesusvico.com\/blog\/leyes-de-abril-11-de-abril-de-1848\/#primaryimage\",\"url\":\"https:\/\/www.jesusvico.com\/blog\/wp-content\/uploads\/2023\/04\/banner3-3-1080x675-2-1.jpg\",\"contentUrl\":\"https:\/\/www.jesusvico.com\/blog\/wp-content\/uploads\/2023\/04\/banner3-3-1080x675-2-1.jpg\",\"width\":1080,\"height\":675},{\"@type\":\"BreadcrumbList\",\"@id\":\"https:\/\/www.jesusvico.com\/blog\/leyes-de-abril-11-de-abril-de-1848\/#breadcrumb\",\"itemListElement\":[{\"@type\":\"ListItem\",\"position\":1,\"name\":\"Portada\",\"item\":\"https:\/\/www.jesusvico.com\/blog\/\"},{\"@type\":\"ListItem\",\"position\":2,\"name\":\"Leyes de Abril, 11 de abril de 1848\"}]},{\"@type\":\"WebSite\",\"@id\":\"https:\/\/www.jesusvico.com\/blog\/#website\",\"url\":\"https:\/\/www.jesusvico.com\/blog\/\",\"name\":\"Jes\u00fas Vico\",\"description\":\"Blog - Jes\u00fas Vico\",\"publisher\":{\"@id\":\"https:\/\/www.jesusvico.com\/blog\/#organization\"},\"potentialAction\":[{\"@type\":\"SearchAction\",\"target\":{\"@type\":\"EntryPoint\",\"urlTemplate\":\"https:\/\/www.jesusvico.com\/blog\/?s={search_term_string}\"},\"query-input\":{\"@type\":\"PropertyValueSpecification\",\"valueRequired\":true,\"valueName\":\"search_term_string\"}}],\"inLanguage\":\"es\"},{\"@type\":\"Organization\",\"@id\":\"https:\/\/www.jesusvico.com\/blog\/#organization\",\"name\":\"Jes\u00fas Vico\",\"url\":\"https:\/\/www.jesusvico.com\/blog\/\",\"logo\":{\"@type\":\"ImageObject\",\"inLanguage\":\"es\",\"@id\":\"https:\/\/www.jesusvico.com\/blog\/#\/schema\/logo\/image\/\",\"url\":\"https:\/\/www.jesusvico.com\/blog\/wp-content\/uploads\/2022\/09\/Sin-ti\u0301tulo-1-1.png\",\"contentUrl\":\"https:\/\/www.jesusvico.com\/blog\/wp-content\/uploads\/2022\/09\/Sin-ti\u0301tulo-1-1.png\",\"width\":800,\"height\":200,\"caption\":\"Jes\u00fas Vico\"},\"image\":{\"@id\":\"https:\/\/www.jesusvico.com\/blog\/#\/schema\/logo\/image\/\"},\"sameAs\":[\"https:\/\/www.facebook.com\/JesusVicoNumismatica\",\"https:\/\/www.instagram.com\/jesusvico_numismatica\"]},{\"@type\":\"Person\",\"@id\":\"https:\/\/www.jesusvico.com\/blog\/#\/schema\/person\/387cca63b8a523b97f8417ba2ea4898d\",\"name\":\"Beatriz Camino Rodr\u00edguez\",\"image\":{\"@type\":\"ImageObject\",\"inLanguage\":\"es\",\"@id\":\"https:\/\/www.jesusvico.com\/blog\/#\/schema\/person\/image\/\",\"url\":\"https:\/\/secure.gravatar.com\/avatar\/209f7097263408e99625109131235b0ad575b41781a227cf958390d2adc61dbb?s=96&d=mm&r=g\",\"contentUrl\":\"https:\/\/secure.gravatar.com\/avatar\/209f7097263408e99625109131235b0ad575b41781a227cf958390d2adc61dbb?s=96&d=mm&r=g\",\"caption\":\"Beatriz Camino Rodr\u00edguez\"},\"url\":\"https:\/\/www.jesusvico.com\/blog\/author\/beatriz\/\"}]}<\/script>\n<!-- \/ Yoast SEO Premium plugin. -->","yoast_head_json":{"title":"Leyes de Abril, 11 de abril de 1848 | Jes\u00fas Vico","robots":{"index":"index","follow":"follow","max-snippet":"max-snippet:-1","max-image-preview":"max-image-preview:large","max-video-preview":"max-video-preview:-1"},"canonical":"https:\/\/www.jesusvico.com\/blog\/leyes-de-abril-11-de-abril-de-1848\/","og_locale":"es_ES","og_type":"article","og_title":"Leyes de Abril, 11 de abril de 1848","og_description":"Las Leyes de Abril, tambi\u00e9n conocidas como Leyes de Marzo, fueron firmadas por el emperador Fernando I de Austria el 11 de abril de 1848. Se trataba de un conjunto de leyes destinadas a modernizar el Reino de Hungr\u00eda y convertirlo en un estado-naci\u00f3n democr\u00e1tico parlamentario. &nbsp; Antecedentes &nbsp; A mediados del siglo XIX el [&hellip;]","og_url":"https:\/\/www.jesusvico.com\/blog\/leyes-de-abril-11-de-abril-de-1848\/","og_site_name":"Jes\u00fas Vico","article_publisher":"https:\/\/www.facebook.com\/JesusVicoNumismatica","article_published_time":"2023-04-20T19:31:48+00:00","article_modified_time":"2024-03-20T09:16:06+00:00","og_image":[{"width":1080,"height":675,"url":"https:\/\/www.jesusvico.com\/blog\/wp-content\/uploads\/2023\/04\/banner3-3-1080x675-2-1.jpg","type":"image\/jpeg"}],"author":"Beatriz Camino Rodr\u00edguez","twitter_card":"summary_large_image","twitter_misc":{"Escrito por":"Beatriz Camino Rodr\u00edguez","Tiempo de lectura":"4 minutos"},"schema":{"@context":"https:\/\/schema.org","@graph":[{"@type":"Article","@id":"https:\/\/www.jesusvico.com\/blog\/leyes-de-abril-11-de-abril-de-1848\/#article","isPartOf":{"@id":"https:\/\/www.jesusvico.com\/blog\/leyes-de-abril-11-de-abril-de-1848\/"},"author":{"name":"Beatriz Camino Rodr\u00edguez","@id":"https:\/\/www.jesusvico.com\/blog\/#\/schema\/person\/387cca63b8a523b97f8417ba2ea4898d"},"headline":"Leyes de Abril, 11 de abril de 1848","datePublished":"2023-04-20T19:31:48+00:00","dateModified":"2024-03-20T09:16:06+00:00","mainEntityOfPage":{"@id":"https:\/\/www.jesusvico.com\/blog\/leyes-de-abril-11-de-abril-de-1848\/"},"wordCount":783,"publisher":{"@id":"https:\/\/www.jesusvico.com\/blog\/#organization"},"image":{"@id":"https:\/\/www.jesusvico.com\/blog\/leyes-de-abril-11-de-abril-de-1848\/#primaryimage"},"thumbnailUrl":"https:\/\/www.jesusvico.com\/blog\/wp-content\/uploads\/2023\/04\/banner3-3-1080x675-2-1.jpg","articleSection":["."],"inLanguage":"es"},{"@type":"WebPage","@id":"https:\/\/www.jesusvico.com\/blog\/leyes-de-abril-11-de-abril-de-1848\/","url":"https:\/\/www.jesusvico.com\/blog\/leyes-de-abril-11-de-abril-de-1848\/","name":"Leyes de Abril, 11 de abril de 1848 | Jes\u00fas Vico","isPartOf":{"@id":"https:\/\/www.jesusvico.com\/blog\/#website"},"primaryImageOfPage":{"@id":"https:\/\/www.jesusvico.com\/blog\/leyes-de-abril-11-de-abril-de-1848\/#primaryimage"},"image":{"@id":"https:\/\/www.jesusvico.com\/blog\/leyes-de-abril-11-de-abril-de-1848\/#primaryimage"},"thumbnailUrl":"https:\/\/www.jesusvico.com\/blog\/wp-content\/uploads\/2023\/04\/banner3-3-1080x675-2-1.jpg","datePublished":"2023-04-20T19:31:48+00:00","dateModified":"2024-03-20T09:16:06+00:00","breadcrumb":{"@id":"https:\/\/www.jesusvico.com\/blog\/leyes-de-abril-11-de-abril-de-1848\/#breadcrumb"},"inLanguage":"es","potentialAction":[{"@type":"ReadAction","target":["https:\/\/www.jesusvico.com\/blog\/leyes-de-abril-11-de-abril-de-1848\/"]}]},{"@type":"ImageObject","inLanguage":"es","@id":"https:\/\/www.jesusvico.com\/blog\/leyes-de-abril-11-de-abril-de-1848\/#primaryimage","url":"https:\/\/www.jesusvico.com\/blog\/wp-content\/uploads\/2023\/04\/banner3-3-1080x675-2-1.jpg","contentUrl":"https:\/\/www.jesusvico.com\/blog\/wp-content\/uploads\/2023\/04\/banner3-3-1080x675-2-1.jpg","width":1080,"height":675},{"@type":"BreadcrumbList","@id":"https:\/\/www.jesusvico.com\/blog\/leyes-de-abril-11-de-abril-de-1848\/#breadcrumb","itemListElement":[{"@type":"ListItem","position":1,"name":"Portada","item":"https:\/\/www.jesusvico.com\/blog\/"},{"@type":"ListItem","position":2,"name":"Leyes de Abril, 11 de abril de 1848"}]},{"@type":"WebSite","@id":"https:\/\/www.jesusvico.com\/blog\/#website","url":"https:\/\/www.jesusvico.com\/blog\/","name":"Jes\u00fas Vico","description":"Blog - Jes\u00fas Vico","publisher":{"@id":"https:\/\/www.jesusvico.com\/blog\/#organization"},"potentialAction":[{"@type":"SearchAction","target":{"@type":"EntryPoint","urlTemplate":"https:\/\/www.jesusvico.com\/blog\/?s={search_term_string}"},"query-input":{"@type":"PropertyValueSpecification","valueRequired":true,"valueName":"search_term_string"}}],"inLanguage":"es"},{"@type":"Organization","@id":"https:\/\/www.jesusvico.com\/blog\/#organization","name":"Jes\u00fas Vico","url":"https:\/\/www.jesusvico.com\/blog\/","logo":{"@type":"ImageObject","inLanguage":"es","@id":"https:\/\/www.jesusvico.com\/blog\/#\/schema\/logo\/image\/","url":"https:\/\/www.jesusvico.com\/blog\/wp-content\/uploads\/2022\/09\/Sin-ti\u0301tulo-1-1.png","contentUrl":"https:\/\/www.jesusvico.com\/blog\/wp-content\/uploads\/2022\/09\/Sin-ti\u0301tulo-1-1.png","width":800,"height":200,"caption":"Jes\u00fas Vico"},"image":{"@id":"https:\/\/www.jesusvico.com\/blog\/#\/schema\/logo\/image\/"},"sameAs":["https:\/\/www.facebook.com\/JesusVicoNumismatica","https:\/\/www.instagram.com\/jesusvico_numismatica"]},{"@type":"Person","@id":"https:\/\/www.jesusvico.com\/blog\/#\/schema\/person\/387cca63b8a523b97f8417ba2ea4898d","name":"Beatriz Camino Rodr\u00edguez","image":{"@type":"ImageObject","inLanguage":"es","@id":"https:\/\/www.jesusvico.com\/blog\/#\/schema\/person\/image\/","url":"https:\/\/secure.gravatar.com\/avatar\/209f7097263408e99625109131235b0ad575b41781a227cf958390d2adc61dbb?s=96&d=mm&r=g","contentUrl":"https:\/\/secure.gravatar.com\/avatar\/209f7097263408e99625109131235b0ad575b41781a227cf958390d2adc61dbb?s=96&d=mm&r=g","caption":"Beatriz Camino Rodr\u00edguez"},"url":"https:\/\/www.jesusvico.com\/blog\/author\/beatriz\/"}]}},"_links":{"self":[{"href":"https:\/\/www.jesusvico.com\/blog\/wp-json\/wp\/v2\/posts\/551","targetHints":{"allow":["GET"]}}],"collection":[{"href":"https:\/\/www.jesusvico.com\/blog\/wp-json\/wp\/v2\/posts"}],"about":[{"href":"https:\/\/www.jesusvico.com\/blog\/wp-json\/wp\/v2\/types\/post"}],"author":[{"embeddable":true,"href":"https:\/\/www.jesusvico.com\/blog\/wp-json\/wp\/v2\/users\/5"}],"replies":[{"embeddable":true,"href":"https:\/\/www.jesusvico.com\/blog\/wp-json\/wp\/v2\/comments?post=551"}],"version-history":[{"count":6,"href":"https:\/\/www.jesusvico.com\/blog\/wp-json\/wp\/v2\/posts\/551\/revisions"}],"predecessor-version":[{"id":745,"href":"https:\/\/www.jesusvico.com\/blog\/wp-json\/wp\/v2\/posts\/551\/revisions\/745"}],"wp:featuredmedia":[{"embeddable":true,"href":"https:\/\/www.jesusvico.com\/blog\/wp-json\/wp\/v2\/media\/554"}],"wp:attachment":[{"href":"https:\/\/www.jesusvico.com\/blog\/wp-json\/wp\/v2\/media?parent=551"}],"wp:term":[{"taxonomy":"category","embeddable":true,"href":"https:\/\/www.jesusvico.com\/blog\/wp-json\/wp\/v2\/categories?post=551"},{"taxonomy":"post_tag","embeddable":true,"href":"https:\/\/www.jesusvico.com\/blog\/wp-json\/wp\/v2\/tags?post=551"}],"curies":[{"name":"wp","href":"https:\/\/api.w.org\/{rel}","templated":true}]}}