{"id":559,"date":"2023-04-25T12:20:21","date_gmt":"2023-04-25T12:20:21","guid":{"rendered":"https:\/\/www.jesusvico.com\/blog\/?p=559"},"modified":"2024-03-20T09:15:57","modified_gmt":"2024-03-20T09:15:57","slug":"el-nacimiento-de-napoleon-iii","status":"publish","type":"post","link":"https:\/\/www.jesusvico.com\/blog\/el-nacimiento-de-napoleon-iii\/","title":{"rendered":"El nacimiento de Napole\u00f3n III"},"content":{"rendered":"\n[et_pb_section fb_built=\u00bb1&#8243; _builder_version=\u00bb4.14.8&#8243; _module_preset=\u00bbdefault\u00bb global_colors_info=\u00bb{}\u00bb][et_pb_row _builder_version=\u00bb4.14.8&#8243; _module_preset=\u00bbdefault\u00bb global_colors_info=\u00bb{}\u00bb][et_pb_column type=\u00bb4_4&#8243; _builder_version=\u00bb4.14.8&#8243; _module_preset=\u00bbdefault\u00bb global_colors_info=\u00bb{}\u00bb][et_pb_text _builder_version=\u00bb4.14.8&#8243; _module_preset=\u00bbdefault\u00bb global_colors_info=\u00bb{}\u00bb]<p>Napole\u00f3n III, tambi\u00e9n conocido como Luis Napole\u00f3n Bonaparte (20 de abril de 1808 &#8211; 9 de enero de 1873) fue el primer Presidente de Francia de 1848 a 1852, y el \u00faltimo monarca de Francia como Emperador de 1852 a 1870. Durante su gobierno promovi\u00f3 la industrializaci\u00f3n y modernizaci\u00f3n del pa\u00eds.<\/p>\n<h2><strong>Vida temprana<\/strong><\/h2>\n<p>Charles Louis Napoleon Bonaparte naci\u00f3 en Par\u00eds el 20 de abril de 1808. Su padre, Luis Bonaparte, era el hermano menor de Napole\u00f3n Bonaparte y rey de Holanda desde 1806 hasta 1810. Su madre era Hortense de Beauharnais, hija \u00fanica de Jos\u00e9phine, esposa de Napole\u00f3n, fruto de su primer matrimonio con Alexandre de Beauharnais.<\/p>\n<p>Tras la ca\u00edda de Napole\u00f3n Bonaparte en 1815, la familia Bonaparte se exili\u00f3 a Suiza. Como consecuencia, Napole\u00f3n III pas\u00f3 la mayor parte de su infancia en Suiza y Alemania, donde recibi\u00f3 su educaci\u00f3n. Durante este tiempo, estuvo muy influenciado por su t\u00edo y sus ideas revolucionarias.<\/p>\n<p>Seg\u00fan la ley de sucesi\u00f3n que Napole\u00f3n estableci\u00f3 durante el Primer Imperio, su hijo, Napole\u00f3n II, fue el primero en el orden de sucesi\u00f3n. Le segu\u00edan Jos\u00e9 Bonaparte, rey de N\u00e1poles y Espa\u00f1a, Luis Bonaparte, rey de Holanda, y sus hijos. Como Jos\u00e9 no tuvo hijos y Luis Bonaparte y su primo Napole\u00f3n II murieron antes que \u00e9l, Napole\u00f3n III se convirti\u00f3 en el heredero de Bonaparte.<\/p>\n<p>En 1836 regres\u00f3 en secreto a Francia para intentar dar un golpe de Estado en Estrasburgo. Aunque fracas\u00f3, pudo escapar. Cuatro a\u00f1os m\u00e1s tarde, intent\u00f3 otro golpe, pero esta vez fue encarcelado en la ciudad fortaleza de Ham, de la que logr\u00f3 escapar en 1846.<\/p>\n<h2><strong>Su reinado<\/strong><\/h2>\n<p>En 1848 estalla una revoluci\u00f3n en Francia y Napole\u00f3n III presenta su candidatura a la presidencia de la nueva rep\u00fablica. Tras ganar las elecciones por un amplio margen, se convirti\u00f3 en el primer presidente de la Segunda Rep\u00fablica Francesa. Durante su presidencia, se centr\u00f3 en la reconstrucci\u00f3n de Francia, la expansi\u00f3n del imperio y la promoci\u00f3n del crecimiento econ\u00f3mico. En este sentido, aplic\u00f3 varias pol\u00edticas para modernizar el pa\u00eds, entre ellas la construcci\u00f3n de ferrocarriles y el desarrollo de nuevas industrias.<\/p>\n<p>Aunque la constituci\u00f3n de la Segunda Rep\u00fablica limitaba el ejercicio del cargo presidencial a cuatro a\u00f1os sin posibilidad de reelecci\u00f3n, Napole\u00f3n presion\u00f3 para aumentar la duraci\u00f3n de su mandato. El 2 de diciembre de 1851 dio un golpe de Estado, present\u00e1ndose ante los franceses como el defensor de la democracia frente a la Asamblea. El 14 de enero de 1852 promulg\u00f3 una nueva Constituci\u00f3n que reforzaba los poderes del ejecutivo y reduc\u00eda los del legislativo, que dividi\u00f3 en tres c\u00e1maras: la Asamblea, el Senado y el Consejo de Estado. Finalmente, el Segundo Imperio fue proclamado solemnemente el 2 de diciembre de 1852.<\/p>\n<p>Hasta 1860, Napole\u00f3n III gobern\u00f3 sin oposici\u00f3n, en parte gracias al control policial y a la censura de prensa, y en parte a la mejora econ\u00f3mica de Francia. Durante este tiempo, el Emperador promovi\u00f3 el imperialismo franc\u00e9s y dirigi\u00f3 su atenci\u00f3n hacia Asia. Con el pretexto de la expedici\u00f3n franco-espa\u00f1ola a Cochinchina -Vietnam y Laos-, el Imperio procedi\u00f3 a la anexi\u00f3n de Indochina entre 1862 y 1867 y a la ocupaci\u00f3n de Camboya en 1863. Adem\u00e1s, el Emperador particip\u00f3 activamente en la unificaci\u00f3n de Italia debido al apoyo de \u00e9sta a Francia durante la guerra de Crimea. Durante este conflicto, Francia se ali\u00f3 con el Reino Unido en apoyo de Turqu\u00eda e intervino en la guerra, que termin\u00f3 en el Congreso de Par\u00eds de 1856, estableciendo a Napole\u00f3n III como \u00ab\u00e1rbitro de Europa\u00bb.<\/p>\n<p>A partir de 1867, el malestar por la pol\u00edtica exterior e interior oblig\u00f3 al r\u00e9gimen a hacer concesiones. En 1867, se concedi\u00f3 al poder legislativo el derecho de interpelaci\u00f3n y la responsabilidad ministerial ante las c\u00e1maras. Asimismo, se suavizaron las leyes sobre la prensa y las asambleas. En las \u00faltimas elecciones de 1869, el avance de la oposici\u00f3n fue evidente y se acentuaron las reformas desde el poder. Se modific\u00f3 la Constituci\u00f3n, reforzando el parlamentarismo y reduciendo los poderes constitucionales de la pareja imperial.<\/p>\n<h2><strong>Muerte y legado<\/strong><\/h2>\n<p>En 1870, Francia entra en guerra con Prusia, lo que resulta desastroso para el pa\u00eds y abre el camino a la formaci\u00f3n del Segundo Reich. Napole\u00f3n fue capturado en la batalla de Sed\u00e1n el 2 de septiembre y depuesto por las fuerzas de la Tercera Rep\u00fablica en Par\u00eds dos d\u00edas despu\u00e9s. Se exili\u00f3 a Inglaterra, donde muri\u00f3 en 1873.<\/p>\n<p>A pesar de su ca\u00edda, el legado de Napole\u00f3n III perdur\u00f3. Fue una de las figuras m\u00e1s influyentes del siglo XIX y sus pol\u00edticas contribuyeron a transformar Francia en una naci\u00f3n moderna e industrializada. En este sentido, el Segundo Imperio se considera uno de los periodos de desarrollo y prosperidad m\u00e1s formidables que ha conocido Francia. Adem\u00e1s, Napole\u00f3n desempe\u00f1\u00f3 un papel importante en la pol\u00edtica europea, promoviendo la paz y la estabilidad en el continente.<\/p>\n<p>Autora: Beatriz Camino Rodr\u00edguez<\/p>\n<p>&nbsp;<\/p>[\/et_pb_text][\/et_pb_column][\/et_pb_row][\/et_pb_section]\n","protected":false},"excerpt":{"rendered":"<p>Napole\u00f3n III, tambi\u00e9n conocido como Luis Napole\u00f3n Bonaparte (20 de abril de 1808 &#8211; 9 de enero de 1873) fue el primer Presidente de Francia de 1848 a 1852, y el \u00faltimo monarca de Francia como Emperador de 1852 a 1870. Durante su gobierno promovi\u00f3 la industrializaci\u00f3n y modernizaci\u00f3n del pa\u00eds. Vida temprana Charles Louis [&hellip;]<\/p>\n","protected":false},"author":5,"featured_media":564,"comment_status":"closed","ping_status":"open","sticky":false,"template":"","format":"standard","meta":{"_et_pb_use_builder":"on","_et_pb_old_content":"","_et_gb_content_width":"","footnotes":""},"categories":[1],"tags":[],"class_list":["post-559","post","type-post","status-publish","format-standard","has-post-thumbnail","hentry","category-sin-categoria"],"yoast_head":"<!-- This site is optimized with the Yoast SEO Premium plugin v19.3 (Yoast SEO v24.2) - https:\/\/yoast.com\/wordpress\/plugins\/seo\/ -->\n<title>El nacimiento de Napole\u00f3n III | Jes\u00fas Vico<\/title>\n<meta name=\"robots\" content=\"index, follow, max-snippet:-1, max-image-preview:large, max-video-preview:-1\" \/>\n<link rel=\"canonical\" href=\"https:\/\/www.jesusvico.com\/blog\/el-nacimiento-de-napoleon-iii\/\" \/>\n<meta property=\"og:locale\" content=\"es_ES\" \/>\n<meta property=\"og:type\" content=\"article\" \/>\n<meta property=\"og:title\" content=\"El nacimiento de Napole\u00f3n III\" \/>\n<meta property=\"og:description\" content=\"Napole\u00f3n III, tambi\u00e9n conocido como Luis Napole\u00f3n Bonaparte (20 de abril de 1808 - 9 de enero de 1873) fue el primer Presidente de Francia de 1848 a 1852, y el \u00faltimo monarca de Francia como Emperador de 1852 a 1870. Durante su gobierno promovi\u00f3 la industrializaci\u00f3n y modernizaci\u00f3n del pa\u00eds. Vida temprana Charles Louis [&hellip;]\" \/>\n<meta property=\"og:url\" content=\"https:\/\/www.jesusvico.com\/blog\/el-nacimiento-de-napoleon-iii\/\" \/>\n<meta property=\"og:site_name\" content=\"Jes\u00fas Vico\" \/>\n<meta property=\"article:publisher\" content=\"https:\/\/www.facebook.com\/JesusVicoNumismatica\" \/>\n<meta property=\"article:published_time\" content=\"2023-04-25T12:20:21+00:00\" \/>\n<meta property=\"article:modified_time\" content=\"2024-03-20T09:15:57+00:00\" \/>\n<meta property=\"og:image\" content=\"https:\/\/www.jesusvico.com\/blog\/wp-content\/uploads\/2023\/04\/banner3-3-1080x675-2-2.jpg\" \/>\n\t<meta property=\"og:image:width\" content=\"1080\" \/>\n\t<meta property=\"og:image:height\" content=\"675\" \/>\n\t<meta property=\"og:image:type\" content=\"image\/jpeg\" \/>\n<meta name=\"author\" content=\"Beatriz Camino Rodr\u00edguez\" \/>\n<meta name=\"twitter:card\" content=\"summary_large_image\" \/>\n<meta name=\"twitter:label1\" content=\"Escrito por\" \/>\n\t<meta name=\"twitter:data1\" content=\"Beatriz Camino Rodr\u00edguez\" \/>\n\t<meta name=\"twitter:label2\" content=\"Tiempo de lectura\" \/>\n\t<meta name=\"twitter:data2\" content=\"5 minutos\" \/>\n<script type=\"application\/ld+json\" class=\"yoast-schema-graph\">{\"@context\":\"https:\/\/schema.org\",\"@graph\":[{\"@type\":\"Article\",\"@id\":\"https:\/\/www.jesusvico.com\/blog\/el-nacimiento-de-napoleon-iii\/#article\",\"isPartOf\":{\"@id\":\"https:\/\/www.jesusvico.com\/blog\/el-nacimiento-de-napoleon-iii\/\"},\"author\":{\"name\":\"Beatriz Camino Rodr\u00edguez\",\"@id\":\"https:\/\/www.jesusvico.com\/blog\/#\/schema\/person\/387cca63b8a523b97f8417ba2ea4898d\"},\"headline\":\"El nacimiento de Napole\u00f3n III\",\"datePublished\":\"2023-04-25T12:20:21+00:00\",\"dateModified\":\"2024-03-20T09:15:57+00:00\",\"mainEntityOfPage\":{\"@id\":\"https:\/\/www.jesusvico.com\/blog\/el-nacimiento-de-napoleon-iii\/\"},\"wordCount\":928,\"publisher\":{\"@id\":\"https:\/\/www.jesusvico.com\/blog\/#organization\"},\"image\":{\"@id\":\"https:\/\/www.jesusvico.com\/blog\/el-nacimiento-de-napoleon-iii\/#primaryimage\"},\"thumbnailUrl\":\"https:\/\/www.jesusvico.com\/blog\/wp-content\/uploads\/2023\/04\/banner3-3-1080x675-2-2.jpg\",\"articleSection\":[\".\"],\"inLanguage\":\"es\"},{\"@type\":\"WebPage\",\"@id\":\"https:\/\/www.jesusvico.com\/blog\/el-nacimiento-de-napoleon-iii\/\",\"url\":\"https:\/\/www.jesusvico.com\/blog\/el-nacimiento-de-napoleon-iii\/\",\"name\":\"El nacimiento de Napole\u00f3n III | Jes\u00fas Vico\",\"isPartOf\":{\"@id\":\"https:\/\/www.jesusvico.com\/blog\/#website\"},\"primaryImageOfPage\":{\"@id\":\"https:\/\/www.jesusvico.com\/blog\/el-nacimiento-de-napoleon-iii\/#primaryimage\"},\"image\":{\"@id\":\"https:\/\/www.jesusvico.com\/blog\/el-nacimiento-de-napoleon-iii\/#primaryimage\"},\"thumbnailUrl\":\"https:\/\/www.jesusvico.com\/blog\/wp-content\/uploads\/2023\/04\/banner3-3-1080x675-2-2.jpg\",\"datePublished\":\"2023-04-25T12:20:21+00:00\",\"dateModified\":\"2024-03-20T09:15:57+00:00\",\"breadcrumb\":{\"@id\":\"https:\/\/www.jesusvico.com\/blog\/el-nacimiento-de-napoleon-iii\/#breadcrumb\"},\"inLanguage\":\"es\",\"potentialAction\":[{\"@type\":\"ReadAction\",\"target\":[\"https:\/\/www.jesusvico.com\/blog\/el-nacimiento-de-napoleon-iii\/\"]}]},{\"@type\":\"ImageObject\",\"inLanguage\":\"es\",\"@id\":\"https:\/\/www.jesusvico.com\/blog\/el-nacimiento-de-napoleon-iii\/#primaryimage\",\"url\":\"https:\/\/www.jesusvico.com\/blog\/wp-content\/uploads\/2023\/04\/banner3-3-1080x675-2-2.jpg\",\"contentUrl\":\"https:\/\/www.jesusvico.com\/blog\/wp-content\/uploads\/2023\/04\/banner3-3-1080x675-2-2.jpg\",\"width\":1080,\"height\":675},{\"@type\":\"BreadcrumbList\",\"@id\":\"https:\/\/www.jesusvico.com\/blog\/el-nacimiento-de-napoleon-iii\/#breadcrumb\",\"itemListElement\":[{\"@type\":\"ListItem\",\"position\":1,\"name\":\"Portada\",\"item\":\"https:\/\/www.jesusvico.com\/blog\/\"},{\"@type\":\"ListItem\",\"position\":2,\"name\":\"El nacimiento de Napole\u00f3n III\"}]},{\"@type\":\"WebSite\",\"@id\":\"https:\/\/www.jesusvico.com\/blog\/#website\",\"url\":\"https:\/\/www.jesusvico.com\/blog\/\",\"name\":\"Jes\u00fas Vico\",\"description\":\"Blog - Jes\u00fas Vico\",\"publisher\":{\"@id\":\"https:\/\/www.jesusvico.com\/blog\/#organization\"},\"potentialAction\":[{\"@type\":\"SearchAction\",\"target\":{\"@type\":\"EntryPoint\",\"urlTemplate\":\"https:\/\/www.jesusvico.com\/blog\/?s={search_term_string}\"},\"query-input\":{\"@type\":\"PropertyValueSpecification\",\"valueRequired\":true,\"valueName\":\"search_term_string\"}}],\"inLanguage\":\"es\"},{\"@type\":\"Organization\",\"@id\":\"https:\/\/www.jesusvico.com\/blog\/#organization\",\"name\":\"Jes\u00fas Vico\",\"url\":\"https:\/\/www.jesusvico.com\/blog\/\",\"logo\":{\"@type\":\"ImageObject\",\"inLanguage\":\"es\",\"@id\":\"https:\/\/www.jesusvico.com\/blog\/#\/schema\/logo\/image\/\",\"url\":\"https:\/\/www.jesusvico.com\/blog\/wp-content\/uploads\/2022\/09\/Sin-ti\u0301tulo-1-1.png\",\"contentUrl\":\"https:\/\/www.jesusvico.com\/blog\/wp-content\/uploads\/2022\/09\/Sin-ti\u0301tulo-1-1.png\",\"width\":800,\"height\":200,\"caption\":\"Jes\u00fas Vico\"},\"image\":{\"@id\":\"https:\/\/www.jesusvico.com\/blog\/#\/schema\/logo\/image\/\"},\"sameAs\":[\"https:\/\/www.facebook.com\/JesusVicoNumismatica\",\"https:\/\/www.instagram.com\/jesusvico_numismatica\"]},{\"@type\":\"Person\",\"@id\":\"https:\/\/www.jesusvico.com\/blog\/#\/schema\/person\/387cca63b8a523b97f8417ba2ea4898d\",\"name\":\"Beatriz Camino Rodr\u00edguez\",\"image\":{\"@type\":\"ImageObject\",\"inLanguage\":\"es\",\"@id\":\"https:\/\/www.jesusvico.com\/blog\/#\/schema\/person\/image\/\",\"url\":\"https:\/\/secure.gravatar.com\/avatar\/209f7097263408e99625109131235b0ad575b41781a227cf958390d2adc61dbb?s=96&d=mm&r=g\",\"contentUrl\":\"https:\/\/secure.gravatar.com\/avatar\/209f7097263408e99625109131235b0ad575b41781a227cf958390d2adc61dbb?s=96&d=mm&r=g\",\"caption\":\"Beatriz Camino Rodr\u00edguez\"},\"url\":\"https:\/\/www.jesusvico.com\/blog\/author\/beatriz\/\"}]}<\/script>\n<!-- \/ Yoast SEO Premium plugin. -->","yoast_head_json":{"title":"El nacimiento de Napole\u00f3n III | Jes\u00fas Vico","robots":{"index":"index","follow":"follow","max-snippet":"max-snippet:-1","max-image-preview":"max-image-preview:large","max-video-preview":"max-video-preview:-1"},"canonical":"https:\/\/www.jesusvico.com\/blog\/el-nacimiento-de-napoleon-iii\/","og_locale":"es_ES","og_type":"article","og_title":"El nacimiento de Napole\u00f3n III","og_description":"Napole\u00f3n III, tambi\u00e9n conocido como Luis Napole\u00f3n Bonaparte (20 de abril de 1808 - 9 de enero de 1873) fue el primer Presidente de Francia de 1848 a 1852, y el \u00faltimo monarca de Francia como Emperador de 1852 a 1870. Durante su gobierno promovi\u00f3 la industrializaci\u00f3n y modernizaci\u00f3n del pa\u00eds. Vida temprana Charles Louis [&hellip;]","og_url":"https:\/\/www.jesusvico.com\/blog\/el-nacimiento-de-napoleon-iii\/","og_site_name":"Jes\u00fas Vico","article_publisher":"https:\/\/www.facebook.com\/JesusVicoNumismatica","article_published_time":"2023-04-25T12:20:21+00:00","article_modified_time":"2024-03-20T09:15:57+00:00","og_image":[{"width":1080,"height":675,"url":"https:\/\/www.jesusvico.com\/blog\/wp-content\/uploads\/2023\/04\/banner3-3-1080x675-2-2.jpg","type":"image\/jpeg"}],"author":"Beatriz Camino Rodr\u00edguez","twitter_card":"summary_large_image","twitter_misc":{"Escrito por":"Beatriz Camino Rodr\u00edguez","Tiempo de lectura":"5 minutos"},"schema":{"@context":"https:\/\/schema.org","@graph":[{"@type":"Article","@id":"https:\/\/www.jesusvico.com\/blog\/el-nacimiento-de-napoleon-iii\/#article","isPartOf":{"@id":"https:\/\/www.jesusvico.com\/blog\/el-nacimiento-de-napoleon-iii\/"},"author":{"name":"Beatriz Camino Rodr\u00edguez","@id":"https:\/\/www.jesusvico.com\/blog\/#\/schema\/person\/387cca63b8a523b97f8417ba2ea4898d"},"headline":"El nacimiento de Napole\u00f3n III","datePublished":"2023-04-25T12:20:21+00:00","dateModified":"2024-03-20T09:15:57+00:00","mainEntityOfPage":{"@id":"https:\/\/www.jesusvico.com\/blog\/el-nacimiento-de-napoleon-iii\/"},"wordCount":928,"publisher":{"@id":"https:\/\/www.jesusvico.com\/blog\/#organization"},"image":{"@id":"https:\/\/www.jesusvico.com\/blog\/el-nacimiento-de-napoleon-iii\/#primaryimage"},"thumbnailUrl":"https:\/\/www.jesusvico.com\/blog\/wp-content\/uploads\/2023\/04\/banner3-3-1080x675-2-2.jpg","articleSection":["."],"inLanguage":"es"},{"@type":"WebPage","@id":"https:\/\/www.jesusvico.com\/blog\/el-nacimiento-de-napoleon-iii\/","url":"https:\/\/www.jesusvico.com\/blog\/el-nacimiento-de-napoleon-iii\/","name":"El nacimiento de Napole\u00f3n III | Jes\u00fas Vico","isPartOf":{"@id":"https:\/\/www.jesusvico.com\/blog\/#website"},"primaryImageOfPage":{"@id":"https:\/\/www.jesusvico.com\/blog\/el-nacimiento-de-napoleon-iii\/#primaryimage"},"image":{"@id":"https:\/\/www.jesusvico.com\/blog\/el-nacimiento-de-napoleon-iii\/#primaryimage"},"thumbnailUrl":"https:\/\/www.jesusvico.com\/blog\/wp-content\/uploads\/2023\/04\/banner3-3-1080x675-2-2.jpg","datePublished":"2023-04-25T12:20:21+00:00","dateModified":"2024-03-20T09:15:57+00:00","breadcrumb":{"@id":"https:\/\/www.jesusvico.com\/blog\/el-nacimiento-de-napoleon-iii\/#breadcrumb"},"inLanguage":"es","potentialAction":[{"@type":"ReadAction","target":["https:\/\/www.jesusvico.com\/blog\/el-nacimiento-de-napoleon-iii\/"]}]},{"@type":"ImageObject","inLanguage":"es","@id":"https:\/\/www.jesusvico.com\/blog\/el-nacimiento-de-napoleon-iii\/#primaryimage","url":"https:\/\/www.jesusvico.com\/blog\/wp-content\/uploads\/2023\/04\/banner3-3-1080x675-2-2.jpg","contentUrl":"https:\/\/www.jesusvico.com\/blog\/wp-content\/uploads\/2023\/04\/banner3-3-1080x675-2-2.jpg","width":1080,"height":675},{"@type":"BreadcrumbList","@id":"https:\/\/www.jesusvico.com\/blog\/el-nacimiento-de-napoleon-iii\/#breadcrumb","itemListElement":[{"@type":"ListItem","position":1,"name":"Portada","item":"https:\/\/www.jesusvico.com\/blog\/"},{"@type":"ListItem","position":2,"name":"El nacimiento de Napole\u00f3n III"}]},{"@type":"WebSite","@id":"https:\/\/www.jesusvico.com\/blog\/#website","url":"https:\/\/www.jesusvico.com\/blog\/","name":"Jes\u00fas Vico","description":"Blog - Jes\u00fas Vico","publisher":{"@id":"https:\/\/www.jesusvico.com\/blog\/#organization"},"potentialAction":[{"@type":"SearchAction","target":{"@type":"EntryPoint","urlTemplate":"https:\/\/www.jesusvico.com\/blog\/?s={search_term_string}"},"query-input":{"@type":"PropertyValueSpecification","valueRequired":true,"valueName":"search_term_string"}}],"inLanguage":"es"},{"@type":"Organization","@id":"https:\/\/www.jesusvico.com\/blog\/#organization","name":"Jes\u00fas Vico","url":"https:\/\/www.jesusvico.com\/blog\/","logo":{"@type":"ImageObject","inLanguage":"es","@id":"https:\/\/www.jesusvico.com\/blog\/#\/schema\/logo\/image\/","url":"https:\/\/www.jesusvico.com\/blog\/wp-content\/uploads\/2022\/09\/Sin-ti\u0301tulo-1-1.png","contentUrl":"https:\/\/www.jesusvico.com\/blog\/wp-content\/uploads\/2022\/09\/Sin-ti\u0301tulo-1-1.png","width":800,"height":200,"caption":"Jes\u00fas Vico"},"image":{"@id":"https:\/\/www.jesusvico.com\/blog\/#\/schema\/logo\/image\/"},"sameAs":["https:\/\/www.facebook.com\/JesusVicoNumismatica","https:\/\/www.instagram.com\/jesusvico_numismatica"]},{"@type":"Person","@id":"https:\/\/www.jesusvico.com\/blog\/#\/schema\/person\/387cca63b8a523b97f8417ba2ea4898d","name":"Beatriz Camino Rodr\u00edguez","image":{"@type":"ImageObject","inLanguage":"es","@id":"https:\/\/www.jesusvico.com\/blog\/#\/schema\/person\/image\/","url":"https:\/\/secure.gravatar.com\/avatar\/209f7097263408e99625109131235b0ad575b41781a227cf958390d2adc61dbb?s=96&d=mm&r=g","contentUrl":"https:\/\/secure.gravatar.com\/avatar\/209f7097263408e99625109131235b0ad575b41781a227cf958390d2adc61dbb?s=96&d=mm&r=g","caption":"Beatriz Camino Rodr\u00edguez"},"url":"https:\/\/www.jesusvico.com\/blog\/author\/beatriz\/"}]}},"_links":{"self":[{"href":"https:\/\/www.jesusvico.com\/blog\/wp-json\/wp\/v2\/posts\/559","targetHints":{"allow":["GET"]}}],"collection":[{"href":"https:\/\/www.jesusvico.com\/blog\/wp-json\/wp\/v2\/posts"}],"about":[{"href":"https:\/\/www.jesusvico.com\/blog\/wp-json\/wp\/v2\/types\/post"}],"author":[{"embeddable":true,"href":"https:\/\/www.jesusvico.com\/blog\/wp-json\/wp\/v2\/users\/5"}],"replies":[{"embeddable":true,"href":"https:\/\/www.jesusvico.com\/blog\/wp-json\/wp\/v2\/comments?post=559"}],"version-history":[{"count":6,"href":"https:\/\/www.jesusvico.com\/blog\/wp-json\/wp\/v2\/posts\/559\/revisions"}],"predecessor-version":[{"id":567,"href":"https:\/\/www.jesusvico.com\/blog\/wp-json\/wp\/v2\/posts\/559\/revisions\/567"}],"wp:featuredmedia":[{"embeddable":true,"href":"https:\/\/www.jesusvico.com\/blog\/wp-json\/wp\/v2\/media\/564"}],"wp:attachment":[{"href":"https:\/\/www.jesusvico.com\/blog\/wp-json\/wp\/v2\/media?parent=559"}],"wp:term":[{"taxonomy":"category","embeddable":true,"href":"https:\/\/www.jesusvico.com\/blog\/wp-json\/wp\/v2\/categories?post=559"},{"taxonomy":"post_tag","embeddable":true,"href":"https:\/\/www.jesusvico.com\/blog\/wp-json\/wp\/v2\/tags?post=559"}],"curies":[{"name":"wp","href":"https:\/\/api.w.org\/{rel}","templated":true}]}}