{"id":572,"date":"2023-05-09T21:20:13","date_gmt":"2023-05-09T21:20:13","guid":{"rendered":"https:\/\/www.jesusvico.com\/blog\/?p=572"},"modified":"2024-03-20T09:15:51","modified_gmt":"2024-03-20T09:15:51","slug":"la-exposicion-mundial-de-1851","status":"publish","type":"post","link":"https:\/\/www.jesusvico.com\/blog\/la-exposicion-mundial-de-1851\/","title":{"rendered":"La Exposici\u00f3n Mundial de 1851"},"content":{"rendered":"<p>[et_pb_section fb_built=\u00bb1&#8243; _builder_version=\u00bb4.14.8&#8243; _module_preset=\u00bbdefault\u00bb global_colors_info=\u00bb{}\u00bb][et_pb_row _builder_version=\u00bb4.14.8&#8243; _module_preset=\u00bbdefault\u00bb global_colors_info=\u00bb{}\u00bb][et_pb_column type=\u00bb4_4&#8243; _builder_version=\u00bb4.14.8&#8243; _module_preset=\u00bbdefault\u00bb global_colors_info=\u00bb{}\u00bb][et_pb_text _builder_version=\u00bb4.14.8&#8243; _module_preset=\u00bbdefault\u00bb global_colors_info=\u00bb{}\u00bb]<\/p>\n<p>La Gran Exposici\u00f3n de las Obras de la Industria de Todas las Naciones, tambi\u00e9n conocida como la Gran Exposici\u00f3n o la Exposici\u00f3n del Palacio de Cristal, fue una exposici\u00f3n internacional que tuvo lugar en Londres, del 1 de mayo al 15 de octubre de 1851. Fue la primera de las Ferias Mundiales, muestras de cultura e industria que se popularizaron en el siglo XIX.<\/p>\n<h2><strong>Antecedentes<\/strong><\/h2>\n<p>La Gran Exposici\u00f3n de 1851 fue organizada por el Pr\u00edncipe Alberto, esposo de la Reina Victoria del Reino Unido, en colaboraci\u00f3n con un comit\u00e9 de personas influyentes miembros de la Real Sociedad para el Fomento de las Artes, las Manufacturas y el Comercio. Tras el \u00e9xito de la Exposici\u00f3n Industrial Francesa de 1844, el Pr\u00edncipe Alberto decidi\u00f3 que ya era hora de celebrar una exposici\u00f3n internacional que reflejara el poder y el alcance del Imperio Brit\u00e1nico. Al celebrar este acontecimiento, tambi\u00e9n quiso demostrar que la innovaci\u00f3n humana, la comunicaci\u00f3n y el entendimiento entre las naciones pod\u00edan hacer del mundo un lugar mejor.<\/p>\n<p>Para albergar la exposici\u00f3n, se construy\u00f3 un edificio especial, el Gran Shalimar, en Hyde Park, Londres. Se trataba de una enorme estructura de cristal y acero dise\u00f1ada por Joseph Paxton, un arquitecto ingl\u00e9s con experiencia en el dise\u00f1o de grandes invernaderos. El edificio era una impresionante proeza de ingenier\u00eda y dise\u00f1o y demostraba el triunfo del hombre sobre la naturaleza. En 1854 fue rebautizado como Crystal Palace y reedificado en el sur de Londres. Sin embargo, fue destruido por un incendio el 30 de noviembre de 1936.<\/p>\n<h2><strong>La Exposici\u00f3n<\/strong><\/h2>\n<p>La reina Victoria y el pr\u00edncipe Alberto inauguraron oficialmente la Gran Exposici\u00f3n en una gran ceremonia el 1 de mayo de 1851. El acontecimiento fue una empresa masiva que requiri\u00f3 la cooperaci\u00f3n de muchos pa\u00edses diferentes. M\u00e1s de 14.000 expositores de todo el mundo participaron en ella, mostrando sus productos e inventos a un p\u00fablico internacional. La exposici\u00f3n cont\u00f3 con la participaci\u00f3n de m\u00e1s de 34 pa\u00edses, con m\u00e1s de la mitad de los expositores procedentes de Gran Breta\u00f1a y una importante representaci\u00f3n de 500 expositores de Estados Unidos.<\/p>\n<p>Las obras expuestas se divid\u00edan en cuatro secciones: materias primas, maquinaria e invenciones mec\u00e1nicas, manufacturas y escultura y artes pl\u00e1sticas. Entre los objetos expuestos se encontraban las \u00faltimas m\u00e1quinas de vapor, hiladoras autom\u00e1ticas y bombas de agua. Tambi\u00e9n hab\u00eda maquetas de nuevos edificios, herramientas de \u00faltima generaci\u00f3n, aperos agr\u00edcolas y armas. Uno de los objetos m\u00e1s populares de la Gran Exposici\u00f3n fue el diamante Koh-i-Noor, prestado por la India. El diamante era uno de los m\u00e1s grandes del mundo en aquella \u00e9poca y hab\u00eda pertenecido a muchos gobernantes a lo largo de los a\u00f1os.<\/p>\n<p>La Gran Exposici\u00f3n recibi\u00f3 cr\u00edticas muy positivas de la prensa y el p\u00fablico y atrajo a grandes multitudes de visitantes. Pronto se pusieron en marcha trenes especiales para traer a gente de toda Gran Breta\u00f1a que quer\u00eda ver el acontecimiento. Entre los numerosos visitantes se encontraban Charles Darwin, Karl Marx, Michael Faraday, Samuel Colt, Charlotte Bront\u00eb, Charles Dickens, Lewis Carroll, George Eliot, Alfred Tennyson y William Makepeace Thackeray.<\/p>\n<h2><strong>\u00c9xito y legado<\/strong><\/h2>\n<p>La Gran Exposici\u00f3n de 1851 fue un tremendo \u00e9xito, tanto en t\u00e9rminos de asistencia como de su impacto en la sociedad. M\u00e1s de seis millones de personas visitaron la exposici\u00f3n durante sus seis meses de duraci\u00f3n. Con los beneficios obtenidos se fundaron el Victoria &amp; Albert Museum, el Museo de la Ciencia, el Museo de Historia Natural, el Royal College of Music, el Imperial College of Science and Technology y otras instituciones educativas. Como muchos de estos museos se construyeron en la zona londinense de Kensington, ese barrio pas\u00f3 a llamarse \u00abAlbertopolis\u00bb en honor al pr\u00edncipe Alberto. Adem\u00e1s, el Palacio de Cristal influy\u00f3 notablemente en la arquitectura brit\u00e1nica, ya que las grandes casas empezaron a incorporar grandes invernaderos en sus dise\u00f1os.<\/p>\n<p>La exposici\u00f3n foment\u00f3 el comercio y el intercambio entre naciones y puso de relieve el potencial de progreso e innovaci\u00f3n que pod\u00eda lograrse mediante su colaboraci\u00f3n. A lo largo de las d\u00e9cadas, ha inspirado muchas exposiciones, como la Feria Mundial, la Exposici\u00f3n Universal o la EXPO, que siguen celebr\u00e1ndose peri\u00f3dicamente en todo el mundo. \u00c9stas siguen compartiendo el objetivo de promover los logros colectivos de la humanidad y el entendimiento mutuo entre culturas.<\/p>\n<p>Autora: Beatriz Camino Rodr\u00edguez<\/p>\n<p>&nbsp;<\/p>\n<p>[\/et_pb_text][\/et_pb_column][\/et_pb_row][\/et_pb_section]<\/p>\n","protected":false},"excerpt":{"rendered":"<p>La Gran Exposici\u00f3n de las Obras de la Industria de Todas las Naciones, tambi\u00e9n conocida como la Gran Exposici\u00f3n o la Exposici\u00f3n del Palacio de Cristal, fue una exposici\u00f3n internacional que tuvo lugar en Londres, del 1 de mayo al 15 de octubre de 1851. Fue la primera de las Ferias Mundiales, muestras de cultura [&hellip;]<\/p>\n","protected":false},"author":5,"featured_media":576,"comment_status":"closed","ping_status":"open","sticky":false,"template":"","format":"standard","meta":{"_et_pb_use_builder":"on","_et_pb_old_content":"","_et_gb_content_width":"","footnotes":""},"categories":[1],"tags":[],"class_list":["post-572","post","type-post","status-publish","format-standard","has-post-thumbnail","hentry","category-sin-categoria"],"yoast_head":"<!-- This site is optimized with the Yoast SEO Premium plugin v19.3 (Yoast SEO v24.2) - https:\/\/yoast.com\/wordpress\/plugins\/seo\/ -->\n<title>La Exposici\u00f3n Mundial de 1851 | Jes\u00fas Vico<\/title>\n<meta name=\"robots\" content=\"index, follow, max-snippet:-1, max-image-preview:large, max-video-preview:-1\" \/>\n<link rel=\"canonical\" href=\"https:\/\/www.jesusvico.com\/blog\/la-exposicion-mundial-de-1851\/\" \/>\n<meta property=\"og:locale\" content=\"es_ES\" \/>\n<meta property=\"og:type\" content=\"article\" \/>\n<meta property=\"og:title\" content=\"La Exposici\u00f3n Mundial de 1851\" \/>\n<meta property=\"og:description\" content=\"La Gran Exposici\u00f3n de las Obras de la Industria de Todas las Naciones, tambi\u00e9n conocida como la Gran Exposici\u00f3n o la Exposici\u00f3n del Palacio de Cristal, fue una exposici\u00f3n internacional que tuvo lugar en Londres, del 1 de mayo al 15 de octubre de 1851. Fue la primera de las Ferias Mundiales, muestras de cultura [&hellip;]\" \/>\n<meta property=\"og:url\" content=\"https:\/\/www.jesusvico.com\/blog\/la-exposicion-mundial-de-1851\/\" \/>\n<meta property=\"og:site_name\" content=\"Jes\u00fas Vico\" \/>\n<meta property=\"article:publisher\" content=\"https:\/\/www.facebook.com\/JesusVicoNumismatica\" \/>\n<meta property=\"article:published_time\" content=\"2023-05-09T21:20:13+00:00\" \/>\n<meta property=\"article:modified_time\" content=\"2024-03-20T09:15:51+00:00\" \/>\n<meta property=\"og:image\" content=\"https:\/\/www.jesusvico.com\/blog\/wp-content\/uploads\/2023\/05\/banner3-3-1080x675-2.jpg\" \/>\n\t<meta property=\"og:image:width\" content=\"1080\" \/>\n\t<meta property=\"og:image:height\" content=\"675\" \/>\n\t<meta property=\"og:image:type\" content=\"image\/jpeg\" \/>\n<meta name=\"author\" content=\"Beatriz Camino Rodr\u00edguez\" \/>\n<meta name=\"twitter:card\" content=\"summary_large_image\" \/>\n<meta name=\"twitter:label1\" content=\"Escrito por\" \/>\n\t<meta name=\"twitter:data1\" content=\"Beatriz Camino Rodr\u00edguez\" \/>\n\t<meta name=\"twitter:label2\" content=\"Tiempo de lectura\" \/>\n\t<meta name=\"twitter:data2\" content=\"4 minutos\" \/>\n<script type=\"application\/ld+json\" class=\"yoast-schema-graph\">{\"@context\":\"https:\/\/schema.org\",\"@graph\":[{\"@type\":\"Article\",\"@id\":\"https:\/\/www.jesusvico.com\/blog\/la-exposicion-mundial-de-1851\/#article\",\"isPartOf\":{\"@id\":\"https:\/\/www.jesusvico.com\/blog\/la-exposicion-mundial-de-1851\/\"},\"author\":{\"name\":\"Beatriz Camino Rodr\u00edguez\",\"@id\":\"https:\/\/www.jesusvico.com\/blog\/#\/schema\/person\/387cca63b8a523b97f8417ba2ea4898d\"},\"headline\":\"La Exposici\u00f3n Mundial de 1851\",\"datePublished\":\"2023-05-09T21:20:13+00:00\",\"dateModified\":\"2024-03-20T09:15:51+00:00\",\"mainEntityOfPage\":{\"@id\":\"https:\/\/www.jesusvico.com\/blog\/la-exposicion-mundial-de-1851\/\"},\"wordCount\":832,\"publisher\":{\"@id\":\"https:\/\/www.jesusvico.com\/blog\/#organization\"},\"image\":{\"@id\":\"https:\/\/www.jesusvico.com\/blog\/la-exposicion-mundial-de-1851\/#primaryimage\"},\"thumbnailUrl\":\"https:\/\/www.jesusvico.com\/blog\/wp-content\/uploads\/2023\/05\/banner3-3-1080x675-2.jpg\",\"articleSection\":[\".\"],\"inLanguage\":\"es\"},{\"@type\":\"WebPage\",\"@id\":\"https:\/\/www.jesusvico.com\/blog\/la-exposicion-mundial-de-1851\/\",\"url\":\"https:\/\/www.jesusvico.com\/blog\/la-exposicion-mundial-de-1851\/\",\"name\":\"La Exposici\u00f3n Mundial de 1851 | Jes\u00fas Vico\",\"isPartOf\":{\"@id\":\"https:\/\/www.jesusvico.com\/blog\/#website\"},\"primaryImageOfPage\":{\"@id\":\"https:\/\/www.jesusvico.com\/blog\/la-exposicion-mundial-de-1851\/#primaryimage\"},\"image\":{\"@id\":\"https:\/\/www.jesusvico.com\/blog\/la-exposicion-mundial-de-1851\/#primaryimage\"},\"thumbnailUrl\":\"https:\/\/www.jesusvico.com\/blog\/wp-content\/uploads\/2023\/05\/banner3-3-1080x675-2.jpg\",\"datePublished\":\"2023-05-09T21:20:13+00:00\",\"dateModified\":\"2024-03-20T09:15:51+00:00\",\"breadcrumb\":{\"@id\":\"https:\/\/www.jesusvico.com\/blog\/la-exposicion-mundial-de-1851\/#breadcrumb\"},\"inLanguage\":\"es\",\"potentialAction\":[{\"@type\":\"ReadAction\",\"target\":[\"https:\/\/www.jesusvico.com\/blog\/la-exposicion-mundial-de-1851\/\"]}]},{\"@type\":\"ImageObject\",\"inLanguage\":\"es\",\"@id\":\"https:\/\/www.jesusvico.com\/blog\/la-exposicion-mundial-de-1851\/#primaryimage\",\"url\":\"https:\/\/www.jesusvico.com\/blog\/wp-content\/uploads\/2023\/05\/banner3-3-1080x675-2.jpg\",\"contentUrl\":\"https:\/\/www.jesusvico.com\/blog\/wp-content\/uploads\/2023\/05\/banner3-3-1080x675-2.jpg\",\"width\":1080,\"height\":675},{\"@type\":\"BreadcrumbList\",\"@id\":\"https:\/\/www.jesusvico.com\/blog\/la-exposicion-mundial-de-1851\/#breadcrumb\",\"itemListElement\":[{\"@type\":\"ListItem\",\"position\":1,\"name\":\"Portada\",\"item\":\"https:\/\/www.jesusvico.com\/blog\/\"},{\"@type\":\"ListItem\",\"position\":2,\"name\":\"La Exposici\u00f3n Mundial de 1851\"}]},{\"@type\":\"WebSite\",\"@id\":\"https:\/\/www.jesusvico.com\/blog\/#website\",\"url\":\"https:\/\/www.jesusvico.com\/blog\/\",\"name\":\"Jes\u00fas Vico\",\"description\":\"Blog - Jes\u00fas Vico\",\"publisher\":{\"@id\":\"https:\/\/www.jesusvico.com\/blog\/#organization\"},\"potentialAction\":[{\"@type\":\"SearchAction\",\"target\":{\"@type\":\"EntryPoint\",\"urlTemplate\":\"https:\/\/www.jesusvico.com\/blog\/?s={search_term_string}\"},\"query-input\":{\"@type\":\"PropertyValueSpecification\",\"valueRequired\":true,\"valueName\":\"search_term_string\"}}],\"inLanguage\":\"es\"},{\"@type\":\"Organization\",\"@id\":\"https:\/\/www.jesusvico.com\/blog\/#organization\",\"name\":\"Jes\u00fas Vico\",\"url\":\"https:\/\/www.jesusvico.com\/blog\/\",\"logo\":{\"@type\":\"ImageObject\",\"inLanguage\":\"es\",\"@id\":\"https:\/\/www.jesusvico.com\/blog\/#\/schema\/logo\/image\/\",\"url\":\"https:\/\/www.jesusvico.com\/blog\/wp-content\/uploads\/2022\/09\/Sin-ti\u0301tulo-1-1.png\",\"contentUrl\":\"https:\/\/www.jesusvico.com\/blog\/wp-content\/uploads\/2022\/09\/Sin-ti\u0301tulo-1-1.png\",\"width\":800,\"height\":200,\"caption\":\"Jes\u00fas Vico\"},\"image\":{\"@id\":\"https:\/\/www.jesusvico.com\/blog\/#\/schema\/logo\/image\/\"},\"sameAs\":[\"https:\/\/www.facebook.com\/JesusVicoNumismatica\",\"https:\/\/www.instagram.com\/jesusvico_numismatica\"]},{\"@type\":\"Person\",\"@id\":\"https:\/\/www.jesusvico.com\/blog\/#\/schema\/person\/387cca63b8a523b97f8417ba2ea4898d\",\"name\":\"Beatriz Camino Rodr\u00edguez\",\"image\":{\"@type\":\"ImageObject\",\"inLanguage\":\"es\",\"@id\":\"https:\/\/www.jesusvico.com\/blog\/#\/schema\/person\/image\/\",\"url\":\"https:\/\/secure.gravatar.com\/avatar\/209f7097263408e99625109131235b0ad575b41781a227cf958390d2adc61dbb?s=96&d=mm&r=g\",\"contentUrl\":\"https:\/\/secure.gravatar.com\/avatar\/209f7097263408e99625109131235b0ad575b41781a227cf958390d2adc61dbb?s=96&d=mm&r=g\",\"caption\":\"Beatriz Camino Rodr\u00edguez\"},\"url\":\"https:\/\/www.jesusvico.com\/blog\/author\/beatriz\/\"}]}<\/script>\n<!-- \/ Yoast SEO Premium plugin. -->","yoast_head_json":{"title":"La Exposici\u00f3n Mundial de 1851 | Jes\u00fas Vico","robots":{"index":"index","follow":"follow","max-snippet":"max-snippet:-1","max-image-preview":"max-image-preview:large","max-video-preview":"max-video-preview:-1"},"canonical":"https:\/\/www.jesusvico.com\/blog\/la-exposicion-mundial-de-1851\/","og_locale":"es_ES","og_type":"article","og_title":"La Exposici\u00f3n Mundial de 1851","og_description":"La Gran Exposici\u00f3n de las Obras de la Industria de Todas las Naciones, tambi\u00e9n conocida como la Gran Exposici\u00f3n o la Exposici\u00f3n del Palacio de Cristal, fue una exposici\u00f3n internacional que tuvo lugar en Londres, del 1 de mayo al 15 de octubre de 1851. Fue la primera de las Ferias Mundiales, muestras de cultura [&hellip;]","og_url":"https:\/\/www.jesusvico.com\/blog\/la-exposicion-mundial-de-1851\/","og_site_name":"Jes\u00fas Vico","article_publisher":"https:\/\/www.facebook.com\/JesusVicoNumismatica","article_published_time":"2023-05-09T21:20:13+00:00","article_modified_time":"2024-03-20T09:15:51+00:00","og_image":[{"width":1080,"height":675,"url":"https:\/\/www.jesusvico.com\/blog\/wp-content\/uploads\/2023\/05\/banner3-3-1080x675-2.jpg","type":"image\/jpeg"}],"author":"Beatriz Camino Rodr\u00edguez","twitter_card":"summary_large_image","twitter_misc":{"Escrito por":"Beatriz Camino Rodr\u00edguez","Tiempo de lectura":"4 minutos"},"schema":{"@context":"https:\/\/schema.org","@graph":[{"@type":"Article","@id":"https:\/\/www.jesusvico.com\/blog\/la-exposicion-mundial-de-1851\/#article","isPartOf":{"@id":"https:\/\/www.jesusvico.com\/blog\/la-exposicion-mundial-de-1851\/"},"author":{"name":"Beatriz Camino Rodr\u00edguez","@id":"https:\/\/www.jesusvico.com\/blog\/#\/schema\/person\/387cca63b8a523b97f8417ba2ea4898d"},"headline":"La Exposici\u00f3n Mundial de 1851","datePublished":"2023-05-09T21:20:13+00:00","dateModified":"2024-03-20T09:15:51+00:00","mainEntityOfPage":{"@id":"https:\/\/www.jesusvico.com\/blog\/la-exposicion-mundial-de-1851\/"},"wordCount":832,"publisher":{"@id":"https:\/\/www.jesusvico.com\/blog\/#organization"},"image":{"@id":"https:\/\/www.jesusvico.com\/blog\/la-exposicion-mundial-de-1851\/#primaryimage"},"thumbnailUrl":"https:\/\/www.jesusvico.com\/blog\/wp-content\/uploads\/2023\/05\/banner3-3-1080x675-2.jpg","articleSection":["."],"inLanguage":"es"},{"@type":"WebPage","@id":"https:\/\/www.jesusvico.com\/blog\/la-exposicion-mundial-de-1851\/","url":"https:\/\/www.jesusvico.com\/blog\/la-exposicion-mundial-de-1851\/","name":"La Exposici\u00f3n Mundial de 1851 | Jes\u00fas Vico","isPartOf":{"@id":"https:\/\/www.jesusvico.com\/blog\/#website"},"primaryImageOfPage":{"@id":"https:\/\/www.jesusvico.com\/blog\/la-exposicion-mundial-de-1851\/#primaryimage"},"image":{"@id":"https:\/\/www.jesusvico.com\/blog\/la-exposicion-mundial-de-1851\/#primaryimage"},"thumbnailUrl":"https:\/\/www.jesusvico.com\/blog\/wp-content\/uploads\/2023\/05\/banner3-3-1080x675-2.jpg","datePublished":"2023-05-09T21:20:13+00:00","dateModified":"2024-03-20T09:15:51+00:00","breadcrumb":{"@id":"https:\/\/www.jesusvico.com\/blog\/la-exposicion-mundial-de-1851\/#breadcrumb"},"inLanguage":"es","potentialAction":[{"@type":"ReadAction","target":["https:\/\/www.jesusvico.com\/blog\/la-exposicion-mundial-de-1851\/"]}]},{"@type":"ImageObject","inLanguage":"es","@id":"https:\/\/www.jesusvico.com\/blog\/la-exposicion-mundial-de-1851\/#primaryimage","url":"https:\/\/www.jesusvico.com\/blog\/wp-content\/uploads\/2023\/05\/banner3-3-1080x675-2.jpg","contentUrl":"https:\/\/www.jesusvico.com\/blog\/wp-content\/uploads\/2023\/05\/banner3-3-1080x675-2.jpg","width":1080,"height":675},{"@type":"BreadcrumbList","@id":"https:\/\/www.jesusvico.com\/blog\/la-exposicion-mundial-de-1851\/#breadcrumb","itemListElement":[{"@type":"ListItem","position":1,"name":"Portada","item":"https:\/\/www.jesusvico.com\/blog\/"},{"@type":"ListItem","position":2,"name":"La Exposici\u00f3n Mundial de 1851"}]},{"@type":"WebSite","@id":"https:\/\/www.jesusvico.com\/blog\/#website","url":"https:\/\/www.jesusvico.com\/blog\/","name":"Jes\u00fas Vico","description":"Blog - Jes\u00fas Vico","publisher":{"@id":"https:\/\/www.jesusvico.com\/blog\/#organization"},"potentialAction":[{"@type":"SearchAction","target":{"@type":"EntryPoint","urlTemplate":"https:\/\/www.jesusvico.com\/blog\/?s={search_term_string}"},"query-input":{"@type":"PropertyValueSpecification","valueRequired":true,"valueName":"search_term_string"}}],"inLanguage":"es"},{"@type":"Organization","@id":"https:\/\/www.jesusvico.com\/blog\/#organization","name":"Jes\u00fas Vico","url":"https:\/\/www.jesusvico.com\/blog\/","logo":{"@type":"ImageObject","inLanguage":"es","@id":"https:\/\/www.jesusvico.com\/blog\/#\/schema\/logo\/image\/","url":"https:\/\/www.jesusvico.com\/blog\/wp-content\/uploads\/2022\/09\/Sin-ti\u0301tulo-1-1.png","contentUrl":"https:\/\/www.jesusvico.com\/blog\/wp-content\/uploads\/2022\/09\/Sin-ti\u0301tulo-1-1.png","width":800,"height":200,"caption":"Jes\u00fas Vico"},"image":{"@id":"https:\/\/www.jesusvico.com\/blog\/#\/schema\/logo\/image\/"},"sameAs":["https:\/\/www.facebook.com\/JesusVicoNumismatica","https:\/\/www.instagram.com\/jesusvico_numismatica"]},{"@type":"Person","@id":"https:\/\/www.jesusvico.com\/blog\/#\/schema\/person\/387cca63b8a523b97f8417ba2ea4898d","name":"Beatriz Camino Rodr\u00edguez","image":{"@type":"ImageObject","inLanguage":"es","@id":"https:\/\/www.jesusvico.com\/blog\/#\/schema\/person\/image\/","url":"https:\/\/secure.gravatar.com\/avatar\/209f7097263408e99625109131235b0ad575b41781a227cf958390d2adc61dbb?s=96&d=mm&r=g","contentUrl":"https:\/\/secure.gravatar.com\/avatar\/209f7097263408e99625109131235b0ad575b41781a227cf958390d2adc61dbb?s=96&d=mm&r=g","caption":"Beatriz Camino Rodr\u00edguez"},"url":"https:\/\/www.jesusvico.com\/blog\/author\/beatriz\/"}]}},"_links":{"self":[{"href":"https:\/\/www.jesusvico.com\/blog\/wp-json\/wp\/v2\/posts\/572","targetHints":{"allow":["GET"]}}],"collection":[{"href":"https:\/\/www.jesusvico.com\/blog\/wp-json\/wp\/v2\/posts"}],"about":[{"href":"https:\/\/www.jesusvico.com\/blog\/wp-json\/wp\/v2\/types\/post"}],"author":[{"embeddable":true,"href":"https:\/\/www.jesusvico.com\/blog\/wp-json\/wp\/v2\/users\/5"}],"replies":[{"embeddable":true,"href":"https:\/\/www.jesusvico.com\/blog\/wp-json\/wp\/v2\/comments?post=572"}],"version-history":[{"count":4,"href":"https:\/\/www.jesusvico.com\/blog\/wp-json\/wp\/v2\/posts\/572\/revisions"}],"predecessor-version":[{"id":578,"href":"https:\/\/www.jesusvico.com\/blog\/wp-json\/wp\/v2\/posts\/572\/revisions\/578"}],"wp:featuredmedia":[{"embeddable":true,"href":"https:\/\/www.jesusvico.com\/blog\/wp-json\/wp\/v2\/media\/576"}],"wp:attachment":[{"href":"https:\/\/www.jesusvico.com\/blog\/wp-json\/wp\/v2\/media?parent=572"}],"wp:term":[{"taxonomy":"category","embeddable":true,"href":"https:\/\/www.jesusvico.com\/blog\/wp-json\/wp\/v2\/categories?post=572"},{"taxonomy":"post_tag","embeddable":true,"href":"https:\/\/www.jesusvico.com\/blog\/wp-json\/wp\/v2\/tags?post=572"}],"curies":[{"name":"wp","href":"https:\/\/api.w.org\/{rel}","templated":true}]}}