{"id":604,"date":"2023-06-19T18:43:58","date_gmt":"2023-06-19T18:43:58","guid":{"rendered":"https:\/\/www.jesusvico.com\/blog\/?p=604"},"modified":"2024-03-20T09:14:21","modified_gmt":"2024-03-20T09:14:21","slug":"la-muerte-de-alejandro","status":"publish","type":"post","link":"https:\/\/www.jesusvico.com\/blog\/la-muerte-de-alejandro\/","title":{"rendered":"La Muerte de Alejandro"},"content":{"rendered":"\n[et_pb_section fb_built=\u00bb1&#8243; theme_builder_area=\u00bbpost_content\u00bb _builder_version=\u00bb4.14.8&#8243; _module_preset=\u00bbdefault\u00bb][et_pb_row _builder_version=\u00bb4.14.8&#8243; _module_preset=\u00bbdefault\u00bb theme_builder_area=\u00bbpost_content\u00bb][et_pb_column _builder_version=\u00bb4.14.8&#8243; _module_preset=\u00bbdefault\u00bb type=\u00bb4_4&#8243; theme_builder_area=\u00bbpost_content\u00bb][et_pb_text _builder_version=\u00bb4.14.8&#8243; _module_preset=\u00bbdefault\u00bb theme_builder_area=\u00bbpost_content\u00bb hover_enabled=\u00bb0&#8243; sticky_enabled=\u00bb0&#8243;]<p>Alejandro III de Macedonia (356 a.C.-323 a.C.), conocido com\u00fanmente como Alejandro Magno, fue el rey del reino griego de Macedonia. Cre\u00f3 uno de los mayores imperios de la historia y est\u00e1 considerado como uno de los m\u00e1s grandes y exitosos comandantes militares.<\/p>\n<p><strong>Primeros a\u00f1os<\/strong><\/p>\n<p>Nacido en 356 a.C. en Pella (Macedonia), Alejandro era hijo del rey Filipo II y de la reina Olimpia. Desde muy temprana edad mostr\u00f3 cualidades excepcionales y sed de conocimiento. Bajo la tutela del fil\u00f3sofo Arist\u00f3teles, adquiri\u00f3 un profundo conocimiento de la filosof\u00eda, la literatura y las artes. En particular, la influencia del fil\u00f3sofo reson\u00f3 en el enfoque que Alejandro dio a las tierras que conquist\u00f3. En este sentido, en lugar de imponer la cultura griega por la fuerza, la introdujo gradualmente, al igual que hizo Arist\u00f3teles con sus alumnos.<\/p>\n<p>Aunque la influencia de su padre y sus tutores le molde\u00f3 significativamente, Alejandro percib\u00eda sus logros como divinamente ordenados. Reclamaba un linaje divino, proclam\u00e1ndose hijo de Zeus y elevando su estatus al de semidi\u00f3s. Adem\u00e1s, vincul\u00f3 su linaje con el de Aquiles y H\u00e9rcules y emul\u00f3 su conducta. Esta convicci\u00f3n en su propia divinidad se la inculc\u00f3 Olimpia, que afirm\u00f3 que el propio Zeus la hab\u00eda fecundado milagrosamente.<\/p>\n<p><strong>Su reinado<\/strong><\/p>\n<p>Tras asumir el trono en el 336 a.C. despu\u00e9s del asesinato de su padre, Alejandro uni\u00f3 las ciudades-estado griegas bajo el dominio macedonio y se lanz\u00f3 a la conquista del Imperio Persa. Cruz\u00f3 a Asia Menor en el 334 a.C. y logr\u00f3 una importante victoria contra los persas en la batalla de Gr\u00e1nico. Un a\u00f1o m\u00e1s tarde, triunf\u00f3 sobre el rey Dar\u00edo III de Persia en la batalla de Issos. En 331 a.C. conquist\u00f3 Egipto, donde fund\u00f3 la ciudad de Alejandr\u00eda. Tras dise\u00f1ar el plano de la ciudad, abandon\u00f3 Egipto rumbo a Siria y el norte de Mesopotamia para continuar las campa\u00f1as contra Persia.<\/p>\n<p>En 331 a.C., Alejandro derrot\u00f3 decisivamente a Dar\u00edo III en Gaugamela y captur\u00f3 Babilonia y Susa sin resistencia. En el 330 a.C., tras tomar Pers\u00e9polis, se proclam\u00f3 rey de Asia y prosigui\u00f3 sus campa\u00f1as, llegando hasta el actual Afganist\u00e1n. Por el camino, fund\u00f3 ciudades que llevaban su nombre, enfatizando su papel de libertador y utilizando el t\u00edtulo de Shahanshah (Rey de Reyes) empleado por los gobernantes del Primer Imperio Persa. Esta aparente deificaci\u00f3n y adopci\u00f3n de costumbres persas provoc\u00f3 malestar entre sus tropas macedonias, lo que llev\u00f3 a varios complots de asesinato fallidos.<\/p>\n<p>En el 327 a.C., con el Imperio persa firmemente bajo su control, Alejandro dirigi\u00f3 su atenci\u00f3n a la India. Durante el 327 a.C. y el 326 a.C., Alejandro someti\u00f3 a las tribus Aspasioi y Assakenoi, y finalmente se enfrent\u00f3 al rey Poro de Paurava en la batalla del r\u00edo Hydaspes. A continuaci\u00f3n pretend\u00eda cruzar el r\u00edo Ganges para proseguir sus conquistas, pero sus tropas, agotadas por el cansancio, se amotinaron y le obligaron a poner fin a sus campa\u00f1as. A su regreso a casa, descubri\u00f3 que muchos de los s\u00e1trapas a los que hab\u00eda confiado el gobierno hab\u00edan abusado de su poder y orden\u00f3 su ejecuci\u00f3n.<\/p>\n<p><strong>Muerte y legado<\/strong><\/p>\n<p>Pocos d\u00edas despu\u00e9s de regresar a Babilonia en el 323 a.C., Alejandro falleci\u00f3, aunque la causa exacta de su muerte sigue siendo incierta. Tras su muerte, su imperio se dividi\u00f3 entre cuatro de sus generales: Casandro, Ptolomeo, Ant\u00edgono y Seleuco (conocidos como los Diadocos o \u00absucesores\u00bb). Algunos historiadores, sin embargo, afirman que Alejandro traspas\u00f3 su reinado a P\u00e9rdicas, amigo de Alejandro adem\u00e1s de su guardaespaldas y compa\u00f1ero de caballer\u00eda, pero los generales lo asesinaron en el 321 a.C. Casandro orden\u00f3 entonces la ejecuci\u00f3n de la esposa de Alejandro, Roxana, de su hijo y de Olimpia para consolidar su poder como nuevo rey de Macedonia. Seleuco fund\u00f3 el Imperio Sel\u00e9ucida, que comprend\u00eda Mesopotamia, Anatolia y partes de la India, y ser\u00eda el \u00faltimo que quedar\u00eda de los Diadocos tras los incesantes 40 a\u00f1os de guerra entre ellos y sus herederos.<\/p>\n<p>La muerte de Alejandro marc\u00f3 el fin de una era, pero su legado perdur\u00f3 durante siglos. Su influencia no s\u00f3lo se dej\u00f3 sentir en los vastos territorios que conquist\u00f3, sino tambi\u00e9n en los \u00e1mbitos de la cultura, el arte y el conocimiento. Las ciudades que fund\u00f3 se convirtieron en vibrantes centros culturales en los que se mezclaban las tradiciones griegas y locales. \u00c9stas fomentaron el intercambio intelectual y la expresi\u00f3n art\u00edstica, dando origen a una nueva era conocida como el periodo helen\u00edstico.<\/p>\n<p>Autora: Beatriz Camino Rodr\u00edguez<\/p>[\/et_pb_text][\/et_pb_column][\/et_pb_row][\/et_pb_section]\n","protected":false},"excerpt":{"rendered":"<p>Alejandro III de Macedonia (356 a.C.-323 a.C.), conocido com\u00fanmente como Alejandro Magno, fue el rey del reino griego de Macedonia. Cre\u00f3 uno de los mayores imperios de la historia y est\u00e1 considerado como uno de los m\u00e1s grandes y exitosos comandantes militares. Primeros a\u00f1os Nacido en 356 a.C. en Pella (Macedonia), Alejandro era hijo del [&hellip;]<\/p>\n","protected":false},"author":5,"featured_media":608,"comment_status":"closed","ping_status":"open","sticky":false,"template":"","format":"standard","meta":{"_et_pb_use_builder":"on","_et_pb_old_content":"","_et_gb_content_width":"","footnotes":""},"categories":[1],"tags":[],"class_list":["post-604","post","type-post","status-publish","format-standard","has-post-thumbnail","hentry","category-sin-categoria"],"yoast_head":"<!-- This site is optimized with the Yoast SEO Premium plugin v19.3 (Yoast SEO v24.2) - https:\/\/yoast.com\/wordpress\/plugins\/seo\/ -->\n<title>La Muerte de Alejandro | Jes\u00fas Vico<\/title>\n<meta name=\"robots\" content=\"index, follow, max-snippet:-1, max-image-preview:large, max-video-preview:-1\" \/>\n<link rel=\"canonical\" href=\"https:\/\/www.jesusvico.com\/blog\/la-muerte-de-alejandro\/\" \/>\n<meta property=\"og:locale\" content=\"es_ES\" \/>\n<meta property=\"og:type\" content=\"article\" \/>\n<meta property=\"og:title\" content=\"La Muerte de Alejandro\" \/>\n<meta property=\"og:description\" content=\"Alejandro III de Macedonia (356 a.C.-323 a.C.), conocido com\u00fanmente como Alejandro Magno, fue el rey del reino griego de Macedonia. Cre\u00f3 uno de los mayores imperios de la historia y est\u00e1 considerado como uno de los m\u00e1s grandes y exitosos comandantes militares. Primeros a\u00f1os Nacido en 356 a.C. en Pella (Macedonia), Alejandro era hijo del [&hellip;]\" \/>\n<meta property=\"og:url\" content=\"https:\/\/www.jesusvico.com\/blog\/la-muerte-de-alejandro\/\" \/>\n<meta property=\"og:site_name\" content=\"Jes\u00fas Vico\" \/>\n<meta property=\"article:publisher\" content=\"https:\/\/www.facebook.com\/JesusVicoNumismatica\" \/>\n<meta property=\"article:published_time\" content=\"2023-06-19T18:43:58+00:00\" \/>\n<meta property=\"article:modified_time\" content=\"2024-03-20T09:14:21+00:00\" \/>\n<meta property=\"og:image\" content=\"https:\/\/www.jesusvico.com\/blog\/wp-content\/uploads\/2023\/06\/banner3-3-1080x675-2-1.jpg\" \/>\n\t<meta property=\"og:image:width\" content=\"1080\" \/>\n\t<meta property=\"og:image:height\" content=\"675\" \/>\n\t<meta property=\"og:image:type\" content=\"image\/jpeg\" \/>\n<meta name=\"author\" content=\"Beatriz Camino Rodr\u00edguez\" \/>\n<meta name=\"twitter:card\" content=\"summary_large_image\" \/>\n<meta name=\"twitter:label1\" content=\"Escrito por\" \/>\n\t<meta name=\"twitter:data1\" content=\"Beatriz Camino Rodr\u00edguez\" \/>\n\t<meta name=\"twitter:label2\" content=\"Tiempo de lectura\" \/>\n\t<meta name=\"twitter:data2\" content=\"4 minutos\" \/>\n<script type=\"application\/ld+json\" class=\"yoast-schema-graph\">{\"@context\":\"https:\/\/schema.org\",\"@graph\":[{\"@type\":\"Article\",\"@id\":\"https:\/\/www.jesusvico.com\/blog\/la-muerte-de-alejandro\/#article\",\"isPartOf\":{\"@id\":\"https:\/\/www.jesusvico.com\/blog\/la-muerte-de-alejandro\/\"},\"author\":{\"name\":\"Beatriz Camino Rodr\u00edguez\",\"@id\":\"https:\/\/www.jesusvico.com\/blog\/#\/schema\/person\/387cca63b8a523b97f8417ba2ea4898d\"},\"headline\":\"La Muerte de Alejandro\",\"datePublished\":\"2023-06-19T18:43:58+00:00\",\"dateModified\":\"2024-03-20T09:14:21+00:00\",\"mainEntityOfPage\":{\"@id\":\"https:\/\/www.jesusvico.com\/blog\/la-muerte-de-alejandro\/\"},\"wordCount\":870,\"publisher\":{\"@id\":\"https:\/\/www.jesusvico.com\/blog\/#organization\"},\"image\":{\"@id\":\"https:\/\/www.jesusvico.com\/blog\/la-muerte-de-alejandro\/#primaryimage\"},\"thumbnailUrl\":\"https:\/\/www.jesusvico.com\/blog\/wp-content\/uploads\/2023\/06\/banner3-3-1080x675-2-1.jpg\",\"articleSection\":[\".\"],\"inLanguage\":\"es\"},{\"@type\":\"WebPage\",\"@id\":\"https:\/\/www.jesusvico.com\/blog\/la-muerte-de-alejandro\/\",\"url\":\"https:\/\/www.jesusvico.com\/blog\/la-muerte-de-alejandro\/\",\"name\":\"La Muerte de Alejandro | Jes\u00fas Vico\",\"isPartOf\":{\"@id\":\"https:\/\/www.jesusvico.com\/blog\/#website\"},\"primaryImageOfPage\":{\"@id\":\"https:\/\/www.jesusvico.com\/blog\/la-muerte-de-alejandro\/#primaryimage\"},\"image\":{\"@id\":\"https:\/\/www.jesusvico.com\/blog\/la-muerte-de-alejandro\/#primaryimage\"},\"thumbnailUrl\":\"https:\/\/www.jesusvico.com\/blog\/wp-content\/uploads\/2023\/06\/banner3-3-1080x675-2-1.jpg\",\"datePublished\":\"2023-06-19T18:43:58+00:00\",\"dateModified\":\"2024-03-20T09:14:21+00:00\",\"breadcrumb\":{\"@id\":\"https:\/\/www.jesusvico.com\/blog\/la-muerte-de-alejandro\/#breadcrumb\"},\"inLanguage\":\"es\",\"potentialAction\":[{\"@type\":\"ReadAction\",\"target\":[\"https:\/\/www.jesusvico.com\/blog\/la-muerte-de-alejandro\/\"]}]},{\"@type\":\"ImageObject\",\"inLanguage\":\"es\",\"@id\":\"https:\/\/www.jesusvico.com\/blog\/la-muerte-de-alejandro\/#primaryimage\",\"url\":\"https:\/\/www.jesusvico.com\/blog\/wp-content\/uploads\/2023\/06\/banner3-3-1080x675-2-1.jpg\",\"contentUrl\":\"https:\/\/www.jesusvico.com\/blog\/wp-content\/uploads\/2023\/06\/banner3-3-1080x675-2-1.jpg\",\"width\":1080,\"height\":675},{\"@type\":\"BreadcrumbList\",\"@id\":\"https:\/\/www.jesusvico.com\/blog\/la-muerte-de-alejandro\/#breadcrumb\",\"itemListElement\":[{\"@type\":\"ListItem\",\"position\":1,\"name\":\"Portada\",\"item\":\"https:\/\/www.jesusvico.com\/blog\/\"},{\"@type\":\"ListItem\",\"position\":2,\"name\":\"La Muerte de Alejandro\"}]},{\"@type\":\"WebSite\",\"@id\":\"https:\/\/www.jesusvico.com\/blog\/#website\",\"url\":\"https:\/\/www.jesusvico.com\/blog\/\",\"name\":\"Jes\u00fas Vico\",\"description\":\"Blog - Jes\u00fas Vico\",\"publisher\":{\"@id\":\"https:\/\/www.jesusvico.com\/blog\/#organization\"},\"potentialAction\":[{\"@type\":\"SearchAction\",\"target\":{\"@type\":\"EntryPoint\",\"urlTemplate\":\"https:\/\/www.jesusvico.com\/blog\/?s={search_term_string}\"},\"query-input\":{\"@type\":\"PropertyValueSpecification\",\"valueRequired\":true,\"valueName\":\"search_term_string\"}}],\"inLanguage\":\"es\"},{\"@type\":\"Organization\",\"@id\":\"https:\/\/www.jesusvico.com\/blog\/#organization\",\"name\":\"Jes\u00fas Vico\",\"url\":\"https:\/\/www.jesusvico.com\/blog\/\",\"logo\":{\"@type\":\"ImageObject\",\"inLanguage\":\"es\",\"@id\":\"https:\/\/www.jesusvico.com\/blog\/#\/schema\/logo\/image\/\",\"url\":\"https:\/\/www.jesusvico.com\/blog\/wp-content\/uploads\/2022\/09\/Sin-ti\u0301tulo-1-1.png\",\"contentUrl\":\"https:\/\/www.jesusvico.com\/blog\/wp-content\/uploads\/2022\/09\/Sin-ti\u0301tulo-1-1.png\",\"width\":800,\"height\":200,\"caption\":\"Jes\u00fas Vico\"},\"image\":{\"@id\":\"https:\/\/www.jesusvico.com\/blog\/#\/schema\/logo\/image\/\"},\"sameAs\":[\"https:\/\/www.facebook.com\/JesusVicoNumismatica\",\"https:\/\/www.instagram.com\/jesusvico_numismatica\"]},{\"@type\":\"Person\",\"@id\":\"https:\/\/www.jesusvico.com\/blog\/#\/schema\/person\/387cca63b8a523b97f8417ba2ea4898d\",\"name\":\"Beatriz Camino Rodr\u00edguez\",\"image\":{\"@type\":\"ImageObject\",\"inLanguage\":\"es\",\"@id\":\"https:\/\/www.jesusvico.com\/blog\/#\/schema\/person\/image\/\",\"url\":\"https:\/\/secure.gravatar.com\/avatar\/209f7097263408e99625109131235b0ad575b41781a227cf958390d2adc61dbb?s=96&d=mm&r=g\",\"contentUrl\":\"https:\/\/secure.gravatar.com\/avatar\/209f7097263408e99625109131235b0ad575b41781a227cf958390d2adc61dbb?s=96&d=mm&r=g\",\"caption\":\"Beatriz Camino Rodr\u00edguez\"},\"url\":\"https:\/\/www.jesusvico.com\/blog\/author\/beatriz\/\"}]}<\/script>\n<!-- \/ Yoast SEO Premium plugin. -->","yoast_head_json":{"title":"La Muerte de Alejandro | Jes\u00fas Vico","robots":{"index":"index","follow":"follow","max-snippet":"max-snippet:-1","max-image-preview":"max-image-preview:large","max-video-preview":"max-video-preview:-1"},"canonical":"https:\/\/www.jesusvico.com\/blog\/la-muerte-de-alejandro\/","og_locale":"es_ES","og_type":"article","og_title":"La Muerte de Alejandro","og_description":"Alejandro III de Macedonia (356 a.C.-323 a.C.), conocido com\u00fanmente como Alejandro Magno, fue el rey del reino griego de Macedonia. Cre\u00f3 uno de los mayores imperios de la historia y est\u00e1 considerado como uno de los m\u00e1s grandes y exitosos comandantes militares. Primeros a\u00f1os Nacido en 356 a.C. en Pella (Macedonia), Alejandro era hijo del [&hellip;]","og_url":"https:\/\/www.jesusvico.com\/blog\/la-muerte-de-alejandro\/","og_site_name":"Jes\u00fas Vico","article_publisher":"https:\/\/www.facebook.com\/JesusVicoNumismatica","article_published_time":"2023-06-19T18:43:58+00:00","article_modified_time":"2024-03-20T09:14:21+00:00","og_image":[{"width":1080,"height":675,"url":"https:\/\/www.jesusvico.com\/blog\/wp-content\/uploads\/2023\/06\/banner3-3-1080x675-2-1.jpg","type":"image\/jpeg"}],"author":"Beatriz Camino Rodr\u00edguez","twitter_card":"summary_large_image","twitter_misc":{"Escrito por":"Beatriz Camino Rodr\u00edguez","Tiempo de lectura":"4 minutos"},"schema":{"@context":"https:\/\/schema.org","@graph":[{"@type":"Article","@id":"https:\/\/www.jesusvico.com\/blog\/la-muerte-de-alejandro\/#article","isPartOf":{"@id":"https:\/\/www.jesusvico.com\/blog\/la-muerte-de-alejandro\/"},"author":{"name":"Beatriz Camino Rodr\u00edguez","@id":"https:\/\/www.jesusvico.com\/blog\/#\/schema\/person\/387cca63b8a523b97f8417ba2ea4898d"},"headline":"La Muerte de Alejandro","datePublished":"2023-06-19T18:43:58+00:00","dateModified":"2024-03-20T09:14:21+00:00","mainEntityOfPage":{"@id":"https:\/\/www.jesusvico.com\/blog\/la-muerte-de-alejandro\/"},"wordCount":870,"publisher":{"@id":"https:\/\/www.jesusvico.com\/blog\/#organization"},"image":{"@id":"https:\/\/www.jesusvico.com\/blog\/la-muerte-de-alejandro\/#primaryimage"},"thumbnailUrl":"https:\/\/www.jesusvico.com\/blog\/wp-content\/uploads\/2023\/06\/banner3-3-1080x675-2-1.jpg","articleSection":["."],"inLanguage":"es"},{"@type":"WebPage","@id":"https:\/\/www.jesusvico.com\/blog\/la-muerte-de-alejandro\/","url":"https:\/\/www.jesusvico.com\/blog\/la-muerte-de-alejandro\/","name":"La Muerte de Alejandro | Jes\u00fas Vico","isPartOf":{"@id":"https:\/\/www.jesusvico.com\/blog\/#website"},"primaryImageOfPage":{"@id":"https:\/\/www.jesusvico.com\/blog\/la-muerte-de-alejandro\/#primaryimage"},"image":{"@id":"https:\/\/www.jesusvico.com\/blog\/la-muerte-de-alejandro\/#primaryimage"},"thumbnailUrl":"https:\/\/www.jesusvico.com\/blog\/wp-content\/uploads\/2023\/06\/banner3-3-1080x675-2-1.jpg","datePublished":"2023-06-19T18:43:58+00:00","dateModified":"2024-03-20T09:14:21+00:00","breadcrumb":{"@id":"https:\/\/www.jesusvico.com\/blog\/la-muerte-de-alejandro\/#breadcrumb"},"inLanguage":"es","potentialAction":[{"@type":"ReadAction","target":["https:\/\/www.jesusvico.com\/blog\/la-muerte-de-alejandro\/"]}]},{"@type":"ImageObject","inLanguage":"es","@id":"https:\/\/www.jesusvico.com\/blog\/la-muerte-de-alejandro\/#primaryimage","url":"https:\/\/www.jesusvico.com\/blog\/wp-content\/uploads\/2023\/06\/banner3-3-1080x675-2-1.jpg","contentUrl":"https:\/\/www.jesusvico.com\/blog\/wp-content\/uploads\/2023\/06\/banner3-3-1080x675-2-1.jpg","width":1080,"height":675},{"@type":"BreadcrumbList","@id":"https:\/\/www.jesusvico.com\/blog\/la-muerte-de-alejandro\/#breadcrumb","itemListElement":[{"@type":"ListItem","position":1,"name":"Portada","item":"https:\/\/www.jesusvico.com\/blog\/"},{"@type":"ListItem","position":2,"name":"La Muerte de Alejandro"}]},{"@type":"WebSite","@id":"https:\/\/www.jesusvico.com\/blog\/#website","url":"https:\/\/www.jesusvico.com\/blog\/","name":"Jes\u00fas Vico","description":"Blog - Jes\u00fas Vico","publisher":{"@id":"https:\/\/www.jesusvico.com\/blog\/#organization"},"potentialAction":[{"@type":"SearchAction","target":{"@type":"EntryPoint","urlTemplate":"https:\/\/www.jesusvico.com\/blog\/?s={search_term_string}"},"query-input":{"@type":"PropertyValueSpecification","valueRequired":true,"valueName":"search_term_string"}}],"inLanguage":"es"},{"@type":"Organization","@id":"https:\/\/www.jesusvico.com\/blog\/#organization","name":"Jes\u00fas Vico","url":"https:\/\/www.jesusvico.com\/blog\/","logo":{"@type":"ImageObject","inLanguage":"es","@id":"https:\/\/www.jesusvico.com\/blog\/#\/schema\/logo\/image\/","url":"https:\/\/www.jesusvico.com\/blog\/wp-content\/uploads\/2022\/09\/Sin-ti\u0301tulo-1-1.png","contentUrl":"https:\/\/www.jesusvico.com\/blog\/wp-content\/uploads\/2022\/09\/Sin-ti\u0301tulo-1-1.png","width":800,"height":200,"caption":"Jes\u00fas Vico"},"image":{"@id":"https:\/\/www.jesusvico.com\/blog\/#\/schema\/logo\/image\/"},"sameAs":["https:\/\/www.facebook.com\/JesusVicoNumismatica","https:\/\/www.instagram.com\/jesusvico_numismatica"]},{"@type":"Person","@id":"https:\/\/www.jesusvico.com\/blog\/#\/schema\/person\/387cca63b8a523b97f8417ba2ea4898d","name":"Beatriz Camino Rodr\u00edguez","image":{"@type":"ImageObject","inLanguage":"es","@id":"https:\/\/www.jesusvico.com\/blog\/#\/schema\/person\/image\/","url":"https:\/\/secure.gravatar.com\/avatar\/209f7097263408e99625109131235b0ad575b41781a227cf958390d2adc61dbb?s=96&d=mm&r=g","contentUrl":"https:\/\/secure.gravatar.com\/avatar\/209f7097263408e99625109131235b0ad575b41781a227cf958390d2adc61dbb?s=96&d=mm&r=g","caption":"Beatriz Camino Rodr\u00edguez"},"url":"https:\/\/www.jesusvico.com\/blog\/author\/beatriz\/"}]}},"_links":{"self":[{"href":"https:\/\/www.jesusvico.com\/blog\/wp-json\/wp\/v2\/posts\/604","targetHints":{"allow":["GET"]}}],"collection":[{"href":"https:\/\/www.jesusvico.com\/blog\/wp-json\/wp\/v2\/posts"}],"about":[{"href":"https:\/\/www.jesusvico.com\/blog\/wp-json\/wp\/v2\/types\/post"}],"author":[{"embeddable":true,"href":"https:\/\/www.jesusvico.com\/blog\/wp-json\/wp\/v2\/users\/5"}],"replies":[{"embeddable":true,"href":"https:\/\/www.jesusvico.com\/blog\/wp-json\/wp\/v2\/comments?post=604"}],"version-history":[{"count":3,"href":"https:\/\/www.jesusvico.com\/blog\/wp-json\/wp\/v2\/posts\/604\/revisions"}],"predecessor-version":[{"id":609,"href":"https:\/\/www.jesusvico.com\/blog\/wp-json\/wp\/v2\/posts\/604\/revisions\/609"}],"wp:featuredmedia":[{"embeddable":true,"href":"https:\/\/www.jesusvico.com\/blog\/wp-json\/wp\/v2\/media\/608"}],"wp:attachment":[{"href":"https:\/\/www.jesusvico.com\/blog\/wp-json\/wp\/v2\/media?parent=604"}],"wp:term":[{"taxonomy":"category","embeddable":true,"href":"https:\/\/www.jesusvico.com\/blog\/wp-json\/wp\/v2\/categories?post=604"},{"taxonomy":"post_tag","embeddable":true,"href":"https:\/\/www.jesusvico.com\/blog\/wp-json\/wp\/v2\/tags?post=604"}],"curies":[{"name":"wp","href":"https:\/\/api.w.org\/{rel}","templated":true}]}}