{"id":610,"date":"2023-06-27T15:25:10","date_gmt":"2023-06-27T15:25:10","guid":{"rendered":"https:\/\/www.jesusvico.com\/blog\/?p=610"},"modified":"2023-06-27T15:25:11","modified_gmt":"2023-06-27T15:25:11","slug":"la-batalla-de-pidna","status":"publish","type":"post","link":"https:\/\/www.jesusvico.com\/blog\/la-batalla-de-pidna\/","title":{"rendered":"La Batalla De Pidna"},"content":{"rendered":"\n[et_pb_section fb_built=\u00bb1&#8243; theme_builder_area=\u00bbpost_content\u00bb _builder_version=\u00bb4.14.8&#8243; _module_preset=\u00bbdefault\u00bb][et_pb_row _builder_version=\u00bb4.14.8&#8243; _module_preset=\u00bbdefault\u00bb theme_builder_area=\u00bbpost_content\u00bb][et_pb_column _builder_version=\u00bb4.14.8&#8243; _module_preset=\u00bbdefault\u00bb type=\u00bb4_4&#8243; theme_builder_area=\u00bbpost_content\u00bb][et_pb_text _builder_version=\u00bb4.14.8&#8243; _module_preset=\u00bbdefault\u00bb theme_builder_area=\u00bbpost_content\u00bb hover_enabled=\u00bb0&#8243; sticky_enabled=\u00bb0&#8243;]<p>La batalla de Pydna tuvo lugar en el a\u00f1o 168 a.C. entre romanos y macedonios en plena Tercera Guerra Maced\u00f3nica. La victoria de Roma supuso la anexi\u00f3n de Macedonia y su posterior ascenso en el mundo helen\u00edstico.<\/p>\n<h2><strong>Preludio<\/strong><\/h2>\n<p>La batalla de Pydna marc\u00f3 el enfrentamiento final entre macedonios y romanos, concluyendo un prolongado conflicto que comenz\u00f3 alrededor del a\u00f1o 215 a.C.. Roma pretend\u00eda expandir su influencia en Oriente. Sin embargo, el reino de Macedonia, anta\u00f1o un formidable imperio bajo Alejandro Magno, segu\u00eda ambicionando mantener su dominio en Grecia.<\/p>\n<p>La implicaci\u00f3n de Roma en Grecia tuvo su origen en la guerra que manten\u00eda con Cartago, ya que An\u00edbal forj\u00f3 una alianza con el rey Filipo V de Macedonia. Al mismo tiempo, la Rep\u00fablica Romana se ali\u00f3 con la Liga Etolia y Atalo I de P\u00e9rgamo contra Filipo, lo que dio lugar a la Primera Guerra Maced\u00f3nica. El conflicto termin\u00f3 con una paz dif\u00edcil negociada por Roma. Sin embargo, las renovadas ambiciones de Filipo por expandir sus territorios desencadenaron la Segunda Guerra Maced\u00f3nica. Sin embargo, en 197 a.C. los romanos salieron victoriosos en Cinosc\u00e9fala, oblig\u00e1ndole a abandonar sus planes.<\/p>\n<p>Tras la muerte de Filipo en el 179 a.C., su hijo Perseo ascendi\u00f3 al poder y se convirti\u00f3 en el nuevo rey de Macedonia. Perseo era antirromano y despert\u00f3 sentimientos antirromanos en torno a su reino, lo que provoc\u00f3 una escalada de tensiones entre Macedonia y Roma. En 171 a.C., Roma declar\u00f3 la guerra a Macedonia, marcando el inicio de la Tercera Guerra Maced\u00f3nica.<\/p>\n<h2><strong>La batalla de Pydna<\/strong><\/h2>\n<p>En el a\u00f1o 168 a.C., el c\u00f3nsul romano Lucio Emilio Paulo envi\u00f3 sus legiones a Macedonia con el objetivo de acabar con la amenaza del rey Perseo. Paulo era un general experimentado, que hab\u00eda luchado en numerosas campa\u00f1as. Dirig\u00eda un disciplinado ej\u00e9rcito de 25.000 soldados (junto con 34 elefantes), mientras que Perseo contaba con 40.000 infanter\u00edas y 4.000 caballer\u00edas. Cuando las fuerzas romanas avanzaban, se encontraron con el ej\u00e9rcito de Perseo cerca de la ciudad de Pydna, en el noreste de Grecia, el 22 de junio.<\/p>\n<p>El campo de batalla fue elegido por Perseo, que trat\u00f3 de explotar el terreno monta\u00f1oso para anular la ventaja romana en infanter\u00eda pesada. El rey macedonio situ\u00f3 su falange, compuesta por piqueros armados con sarissa, en un terreno m\u00e1s elevado, creando una posici\u00f3n defensiva. Paulo reconoci\u00f3 el desaf\u00edo que supon\u00eda la falange, pero ide\u00f3 un inteligente plan para superarlo. Orden\u00f3 a sus tropas cavar trincheras y construir muros bajos, creando una serie de fortificaciones que perturbar\u00edan la cohesi\u00f3n de los macedonios.<\/p>\n<p>La batalla s\u00f3lo dur\u00f3 una hora. Hubo cierto \u00e9xito macedonio al principio, pero pronto se desvaneci\u00f3 cuando el ej\u00e9rcito de Perseo march\u00f3 sobre el terreno roto, lo que hizo que su avance se ralentizara y cre\u00f3 una brecha vulnerable. Paulo envi\u00f3 entonces a sus elefantes a atacar el flanco izquierdo de Perseo, que se derrumb\u00f3 de inmediato, y orden\u00f3 a sus legiones que entraran en la brecha. Los macedonios se vieron obligados a arrojar sus armas, lo que dio lugar a un combate cuerpo a cuerpo.<\/p>\n<p>Al darse cuenta de que la derrota era inminente, Perseo huy\u00f3 primero a Pella y despu\u00e9s a la isla de Samotracia. Los romanos masacraron a los macedonios restantes, con un balance de m\u00e1s de 20.000 muertos y unos 6.000 prisioneros. Por el contrario, las bajas romanas fueron m\u00ednimas, con s\u00f3lo 100 soldados perdidos y 400 heridos. Perseo fue finalmente capturado y paseado por las calles de Roma, soportando una humillaci\u00f3n total que sirvi\u00f3 como triunfo simb\u00f3lico para los romanos.<\/p>\n<h2><strong>Consecuencias<\/strong><\/h2>\n<p>La victoria romana en la batalla de Pydna marc\u00f3 el final de la Tercera Guerra Maced\u00f3nica y la derrota final de Macedonia. M\u00e1s all\u00e1 del campo de batalla, las ramificaciones fueron profundas, ya que efectivamente marc\u00f3 la desaparici\u00f3n de la independencia macedonia. El reino se disolvi\u00f3 y su estructura gubernamental fue sustituida por cuatro rep\u00fablicas restringidas, a las que se prohibi\u00f3 cualquier tipo de relaci\u00f3n o comercio entre s\u00ed. Con el paso del tiempo, incluso estas rep\u00fablicas fueron disueltas, y Macedonia se convirti\u00f3 en una provincia romana.<\/p>\n<p>Con la ocupaci\u00f3n de Grecia y Macedonia, el Senado romano extendi\u00f3 su dominio sobre el Adri\u00e1tico, anunciando el comienzo de la supremac\u00eda romana sobre el Mediterr\u00e1neo. Este acontecimiento marcar\u00eda el curso de la historia durante siglos, ya que Roma consolid\u00f3 su dominio sobre la extensi\u00f3n mar\u00edtima, ejerciendo su influencia y control sobre las tierras y pueblos que bordeaban sus costas.<\/p>\n<p>Autora: Beatriz Camino Rodr\u00edguez.<\/p>[\/et_pb_text][\/et_pb_column][\/et_pb_row][\/et_pb_section]\n","protected":false},"excerpt":{"rendered":"<p>La batalla de Pydna tuvo lugar en el a\u00f1o 168 a.C. entre romanos y macedonios en plena Tercera Guerra Maced\u00f3nica. La victoria de Roma supuso la anexi\u00f3n de Macedonia y su posterior ascenso en el mundo helen\u00edstico. Preludio La batalla de Pydna marc\u00f3 el enfrentamiento final entre macedonios y romanos, concluyendo un prolongado conflicto que [&hellip;]<\/p>\n","protected":false},"author":5,"featured_media":613,"comment_status":"open","ping_status":"open","sticky":false,"template":"","format":"standard","meta":{"_et_pb_use_builder":"on","_et_pb_old_content":"","_et_gb_content_width":"","footnotes":""},"categories":[1],"tags":[],"class_list":["post-610","post","type-post","status-publish","format-standard","has-post-thumbnail","hentry","category-sin-categoria"],"yoast_head":"<!-- This site is optimized with the Yoast SEO Premium plugin v19.3 (Yoast SEO v24.2) - https:\/\/yoast.com\/wordpress\/plugins\/seo\/ -->\n<title>La Batalla De Pidna | Jes\u00fas Vico<\/title>\n<meta name=\"robots\" content=\"index, follow, max-snippet:-1, max-image-preview:large, max-video-preview:-1\" \/>\n<link rel=\"canonical\" href=\"https:\/\/www.jesusvico.com\/blog\/la-batalla-de-pidna\/\" \/>\n<meta property=\"og:locale\" content=\"es_ES\" \/>\n<meta property=\"og:type\" content=\"article\" \/>\n<meta property=\"og:title\" content=\"La Batalla De Pidna\" \/>\n<meta property=\"og:description\" content=\"La batalla de Pydna tuvo lugar en el a\u00f1o 168 a.C. entre romanos y macedonios en plena Tercera Guerra Maced\u00f3nica. La victoria de Roma supuso la anexi\u00f3n de Macedonia y su posterior ascenso en el mundo helen\u00edstico. Preludio La batalla de Pydna marc\u00f3 el enfrentamiento final entre macedonios y romanos, concluyendo un prolongado conflicto que [&hellip;]\" \/>\n<meta property=\"og:url\" content=\"https:\/\/www.jesusvico.com\/blog\/la-batalla-de-pidna\/\" \/>\n<meta property=\"og:site_name\" content=\"Jes\u00fas Vico\" \/>\n<meta property=\"article:publisher\" content=\"https:\/\/www.facebook.com\/JesusVicoNumismatica\" \/>\n<meta property=\"article:published_time\" content=\"2023-06-27T15:25:10+00:00\" \/>\n<meta property=\"article:modified_time\" content=\"2023-06-27T15:25:11+00:00\" \/>\n<meta property=\"og:image\" content=\"https:\/\/www.jesusvico.com\/blog\/wp-content\/uploads\/2023\/06\/banner3-3-1080x675-2-2.jpg\" \/>\n\t<meta property=\"og:image:width\" content=\"1080\" \/>\n\t<meta property=\"og:image:height\" content=\"675\" \/>\n\t<meta property=\"og:image:type\" content=\"image\/jpeg\" \/>\n<meta name=\"author\" content=\"Beatriz Camino Rodr\u00edguez\" \/>\n<meta name=\"twitter:card\" content=\"summary_large_image\" \/>\n<meta name=\"twitter:label1\" content=\"Escrito por\" \/>\n\t<meta name=\"twitter:data1\" content=\"Beatriz Camino Rodr\u00edguez\" \/>\n\t<meta name=\"twitter:label2\" content=\"Tiempo de lectura\" \/>\n\t<meta name=\"twitter:data2\" content=\"4 minutos\" \/>\n<script type=\"application\/ld+json\" class=\"yoast-schema-graph\">{\"@context\":\"https:\/\/schema.org\",\"@graph\":[{\"@type\":\"Article\",\"@id\":\"https:\/\/www.jesusvico.com\/blog\/la-batalla-de-pidna\/#article\",\"isPartOf\":{\"@id\":\"https:\/\/www.jesusvico.com\/blog\/la-batalla-de-pidna\/\"},\"author\":{\"name\":\"Beatriz Camino Rodr\u00edguez\",\"@id\":\"https:\/\/www.jesusvico.com\/blog\/#\/schema\/person\/387cca63b8a523b97f8417ba2ea4898d\"},\"headline\":\"La Batalla De Pidna\",\"datePublished\":\"2023-06-27T15:25:10+00:00\",\"dateModified\":\"2023-06-27T15:25:11+00:00\",\"mainEntityOfPage\":{\"@id\":\"https:\/\/www.jesusvico.com\/blog\/la-batalla-de-pidna\/\"},\"wordCount\":863,\"commentCount\":0,\"publisher\":{\"@id\":\"https:\/\/www.jesusvico.com\/blog\/#organization\"},\"image\":{\"@id\":\"https:\/\/www.jesusvico.com\/blog\/la-batalla-de-pidna\/#primaryimage\"},\"thumbnailUrl\":\"https:\/\/www.jesusvico.com\/blog\/wp-content\/uploads\/2023\/06\/banner3-3-1080x675-2-2.jpg\",\"articleSection\":[\".\"],\"inLanguage\":\"es\",\"potentialAction\":[{\"@type\":\"CommentAction\",\"name\":\"Comment\",\"target\":[\"https:\/\/www.jesusvico.com\/blog\/la-batalla-de-pidna\/#respond\"]}]},{\"@type\":\"WebPage\",\"@id\":\"https:\/\/www.jesusvico.com\/blog\/la-batalla-de-pidna\/\",\"url\":\"https:\/\/www.jesusvico.com\/blog\/la-batalla-de-pidna\/\",\"name\":\"La Batalla De Pidna | Jes\u00fas Vico\",\"isPartOf\":{\"@id\":\"https:\/\/www.jesusvico.com\/blog\/#website\"},\"primaryImageOfPage\":{\"@id\":\"https:\/\/www.jesusvico.com\/blog\/la-batalla-de-pidna\/#primaryimage\"},\"image\":{\"@id\":\"https:\/\/www.jesusvico.com\/blog\/la-batalla-de-pidna\/#primaryimage\"},\"thumbnailUrl\":\"https:\/\/www.jesusvico.com\/blog\/wp-content\/uploads\/2023\/06\/banner3-3-1080x675-2-2.jpg\",\"datePublished\":\"2023-06-27T15:25:10+00:00\",\"dateModified\":\"2023-06-27T15:25:11+00:00\",\"breadcrumb\":{\"@id\":\"https:\/\/www.jesusvico.com\/blog\/la-batalla-de-pidna\/#breadcrumb\"},\"inLanguage\":\"es\",\"potentialAction\":[{\"@type\":\"ReadAction\",\"target\":[\"https:\/\/www.jesusvico.com\/blog\/la-batalla-de-pidna\/\"]}]},{\"@type\":\"ImageObject\",\"inLanguage\":\"es\",\"@id\":\"https:\/\/www.jesusvico.com\/blog\/la-batalla-de-pidna\/#primaryimage\",\"url\":\"https:\/\/www.jesusvico.com\/blog\/wp-content\/uploads\/2023\/06\/banner3-3-1080x675-2-2.jpg\",\"contentUrl\":\"https:\/\/www.jesusvico.com\/blog\/wp-content\/uploads\/2023\/06\/banner3-3-1080x675-2-2.jpg\",\"width\":1080,\"height\":675},{\"@type\":\"BreadcrumbList\",\"@id\":\"https:\/\/www.jesusvico.com\/blog\/la-batalla-de-pidna\/#breadcrumb\",\"itemListElement\":[{\"@type\":\"ListItem\",\"position\":1,\"name\":\"Portada\",\"item\":\"https:\/\/www.jesusvico.com\/blog\/\"},{\"@type\":\"ListItem\",\"position\":2,\"name\":\"La Batalla De Pidna\"}]},{\"@type\":\"WebSite\",\"@id\":\"https:\/\/www.jesusvico.com\/blog\/#website\",\"url\":\"https:\/\/www.jesusvico.com\/blog\/\",\"name\":\"Jes\u00fas Vico\",\"description\":\"Blog - Jes\u00fas Vico\",\"publisher\":{\"@id\":\"https:\/\/www.jesusvico.com\/blog\/#organization\"},\"potentialAction\":[{\"@type\":\"SearchAction\",\"target\":{\"@type\":\"EntryPoint\",\"urlTemplate\":\"https:\/\/www.jesusvico.com\/blog\/?s={search_term_string}\"},\"query-input\":{\"@type\":\"PropertyValueSpecification\",\"valueRequired\":true,\"valueName\":\"search_term_string\"}}],\"inLanguage\":\"es\"},{\"@type\":\"Organization\",\"@id\":\"https:\/\/www.jesusvico.com\/blog\/#organization\",\"name\":\"Jes\u00fas Vico\",\"url\":\"https:\/\/www.jesusvico.com\/blog\/\",\"logo\":{\"@type\":\"ImageObject\",\"inLanguage\":\"es\",\"@id\":\"https:\/\/www.jesusvico.com\/blog\/#\/schema\/logo\/image\/\",\"url\":\"https:\/\/www.jesusvico.com\/blog\/wp-content\/uploads\/2022\/09\/Sin-ti\u0301tulo-1-1.png\",\"contentUrl\":\"https:\/\/www.jesusvico.com\/blog\/wp-content\/uploads\/2022\/09\/Sin-ti\u0301tulo-1-1.png\",\"width\":800,\"height\":200,\"caption\":\"Jes\u00fas Vico\"},\"image\":{\"@id\":\"https:\/\/www.jesusvico.com\/blog\/#\/schema\/logo\/image\/\"},\"sameAs\":[\"https:\/\/www.facebook.com\/JesusVicoNumismatica\",\"https:\/\/www.instagram.com\/jesusvico_numismatica\"]},{\"@type\":\"Person\",\"@id\":\"https:\/\/www.jesusvico.com\/blog\/#\/schema\/person\/387cca63b8a523b97f8417ba2ea4898d\",\"name\":\"Beatriz Camino Rodr\u00edguez\",\"image\":{\"@type\":\"ImageObject\",\"inLanguage\":\"es\",\"@id\":\"https:\/\/www.jesusvico.com\/blog\/#\/schema\/person\/image\/\",\"url\":\"https:\/\/secure.gravatar.com\/avatar\/209f7097263408e99625109131235b0ad575b41781a227cf958390d2adc61dbb?s=96&d=mm&r=g\",\"contentUrl\":\"https:\/\/secure.gravatar.com\/avatar\/209f7097263408e99625109131235b0ad575b41781a227cf958390d2adc61dbb?s=96&d=mm&r=g\",\"caption\":\"Beatriz Camino Rodr\u00edguez\"},\"url\":\"https:\/\/www.jesusvico.com\/blog\/author\/beatriz\/\"}]}<\/script>\n<!-- \/ Yoast SEO Premium plugin. -->","yoast_head_json":{"title":"La Batalla De Pidna | Jes\u00fas Vico","robots":{"index":"index","follow":"follow","max-snippet":"max-snippet:-1","max-image-preview":"max-image-preview:large","max-video-preview":"max-video-preview:-1"},"canonical":"https:\/\/www.jesusvico.com\/blog\/la-batalla-de-pidna\/","og_locale":"es_ES","og_type":"article","og_title":"La Batalla De Pidna","og_description":"La batalla de Pydna tuvo lugar en el a\u00f1o 168 a.C. entre romanos y macedonios en plena Tercera Guerra Maced\u00f3nica. La victoria de Roma supuso la anexi\u00f3n de Macedonia y su posterior ascenso en el mundo helen\u00edstico. Preludio La batalla de Pydna marc\u00f3 el enfrentamiento final entre macedonios y romanos, concluyendo un prolongado conflicto que [&hellip;]","og_url":"https:\/\/www.jesusvico.com\/blog\/la-batalla-de-pidna\/","og_site_name":"Jes\u00fas Vico","article_publisher":"https:\/\/www.facebook.com\/JesusVicoNumismatica","article_published_time":"2023-06-27T15:25:10+00:00","article_modified_time":"2023-06-27T15:25:11+00:00","og_image":[{"width":1080,"height":675,"url":"https:\/\/www.jesusvico.com\/blog\/wp-content\/uploads\/2023\/06\/banner3-3-1080x675-2-2.jpg","type":"image\/jpeg"}],"author":"Beatriz Camino Rodr\u00edguez","twitter_card":"summary_large_image","twitter_misc":{"Escrito por":"Beatriz Camino Rodr\u00edguez","Tiempo de lectura":"4 minutos"},"schema":{"@context":"https:\/\/schema.org","@graph":[{"@type":"Article","@id":"https:\/\/www.jesusvico.com\/blog\/la-batalla-de-pidna\/#article","isPartOf":{"@id":"https:\/\/www.jesusvico.com\/blog\/la-batalla-de-pidna\/"},"author":{"name":"Beatriz Camino Rodr\u00edguez","@id":"https:\/\/www.jesusvico.com\/blog\/#\/schema\/person\/387cca63b8a523b97f8417ba2ea4898d"},"headline":"La Batalla De Pidna","datePublished":"2023-06-27T15:25:10+00:00","dateModified":"2023-06-27T15:25:11+00:00","mainEntityOfPage":{"@id":"https:\/\/www.jesusvico.com\/blog\/la-batalla-de-pidna\/"},"wordCount":863,"commentCount":0,"publisher":{"@id":"https:\/\/www.jesusvico.com\/blog\/#organization"},"image":{"@id":"https:\/\/www.jesusvico.com\/blog\/la-batalla-de-pidna\/#primaryimage"},"thumbnailUrl":"https:\/\/www.jesusvico.com\/blog\/wp-content\/uploads\/2023\/06\/banner3-3-1080x675-2-2.jpg","articleSection":["."],"inLanguage":"es","potentialAction":[{"@type":"CommentAction","name":"Comment","target":["https:\/\/www.jesusvico.com\/blog\/la-batalla-de-pidna\/#respond"]}]},{"@type":"WebPage","@id":"https:\/\/www.jesusvico.com\/blog\/la-batalla-de-pidna\/","url":"https:\/\/www.jesusvico.com\/blog\/la-batalla-de-pidna\/","name":"La Batalla De Pidna | Jes\u00fas Vico","isPartOf":{"@id":"https:\/\/www.jesusvico.com\/blog\/#website"},"primaryImageOfPage":{"@id":"https:\/\/www.jesusvico.com\/blog\/la-batalla-de-pidna\/#primaryimage"},"image":{"@id":"https:\/\/www.jesusvico.com\/blog\/la-batalla-de-pidna\/#primaryimage"},"thumbnailUrl":"https:\/\/www.jesusvico.com\/blog\/wp-content\/uploads\/2023\/06\/banner3-3-1080x675-2-2.jpg","datePublished":"2023-06-27T15:25:10+00:00","dateModified":"2023-06-27T15:25:11+00:00","breadcrumb":{"@id":"https:\/\/www.jesusvico.com\/blog\/la-batalla-de-pidna\/#breadcrumb"},"inLanguage":"es","potentialAction":[{"@type":"ReadAction","target":["https:\/\/www.jesusvico.com\/blog\/la-batalla-de-pidna\/"]}]},{"@type":"ImageObject","inLanguage":"es","@id":"https:\/\/www.jesusvico.com\/blog\/la-batalla-de-pidna\/#primaryimage","url":"https:\/\/www.jesusvico.com\/blog\/wp-content\/uploads\/2023\/06\/banner3-3-1080x675-2-2.jpg","contentUrl":"https:\/\/www.jesusvico.com\/blog\/wp-content\/uploads\/2023\/06\/banner3-3-1080x675-2-2.jpg","width":1080,"height":675},{"@type":"BreadcrumbList","@id":"https:\/\/www.jesusvico.com\/blog\/la-batalla-de-pidna\/#breadcrumb","itemListElement":[{"@type":"ListItem","position":1,"name":"Portada","item":"https:\/\/www.jesusvico.com\/blog\/"},{"@type":"ListItem","position":2,"name":"La Batalla De Pidna"}]},{"@type":"WebSite","@id":"https:\/\/www.jesusvico.com\/blog\/#website","url":"https:\/\/www.jesusvico.com\/blog\/","name":"Jes\u00fas Vico","description":"Blog - Jes\u00fas Vico","publisher":{"@id":"https:\/\/www.jesusvico.com\/blog\/#organization"},"potentialAction":[{"@type":"SearchAction","target":{"@type":"EntryPoint","urlTemplate":"https:\/\/www.jesusvico.com\/blog\/?s={search_term_string}"},"query-input":{"@type":"PropertyValueSpecification","valueRequired":true,"valueName":"search_term_string"}}],"inLanguage":"es"},{"@type":"Organization","@id":"https:\/\/www.jesusvico.com\/blog\/#organization","name":"Jes\u00fas Vico","url":"https:\/\/www.jesusvico.com\/blog\/","logo":{"@type":"ImageObject","inLanguage":"es","@id":"https:\/\/www.jesusvico.com\/blog\/#\/schema\/logo\/image\/","url":"https:\/\/www.jesusvico.com\/blog\/wp-content\/uploads\/2022\/09\/Sin-ti\u0301tulo-1-1.png","contentUrl":"https:\/\/www.jesusvico.com\/blog\/wp-content\/uploads\/2022\/09\/Sin-ti\u0301tulo-1-1.png","width":800,"height":200,"caption":"Jes\u00fas Vico"},"image":{"@id":"https:\/\/www.jesusvico.com\/blog\/#\/schema\/logo\/image\/"},"sameAs":["https:\/\/www.facebook.com\/JesusVicoNumismatica","https:\/\/www.instagram.com\/jesusvico_numismatica"]},{"@type":"Person","@id":"https:\/\/www.jesusvico.com\/blog\/#\/schema\/person\/387cca63b8a523b97f8417ba2ea4898d","name":"Beatriz Camino Rodr\u00edguez","image":{"@type":"ImageObject","inLanguage":"es","@id":"https:\/\/www.jesusvico.com\/blog\/#\/schema\/person\/image\/","url":"https:\/\/secure.gravatar.com\/avatar\/209f7097263408e99625109131235b0ad575b41781a227cf958390d2adc61dbb?s=96&d=mm&r=g","contentUrl":"https:\/\/secure.gravatar.com\/avatar\/209f7097263408e99625109131235b0ad575b41781a227cf958390d2adc61dbb?s=96&d=mm&r=g","caption":"Beatriz Camino Rodr\u00edguez"},"url":"https:\/\/www.jesusvico.com\/blog\/author\/beatriz\/"}]}},"_links":{"self":[{"href":"https:\/\/www.jesusvico.com\/blog\/wp-json\/wp\/v2\/posts\/610","targetHints":{"allow":["GET"]}}],"collection":[{"href":"https:\/\/www.jesusvico.com\/blog\/wp-json\/wp\/v2\/posts"}],"about":[{"href":"https:\/\/www.jesusvico.com\/blog\/wp-json\/wp\/v2\/types\/post"}],"author":[{"embeddable":true,"href":"https:\/\/www.jesusvico.com\/blog\/wp-json\/wp\/v2\/users\/5"}],"replies":[{"embeddable":true,"href":"https:\/\/www.jesusvico.com\/blog\/wp-json\/wp\/v2\/comments?post=610"}],"version-history":[{"count":3,"href":"https:\/\/www.jesusvico.com\/blog\/wp-json\/wp\/v2\/posts\/610\/revisions"}],"predecessor-version":[{"id":614,"href":"https:\/\/www.jesusvico.com\/blog\/wp-json\/wp\/v2\/posts\/610\/revisions\/614"}],"wp:featuredmedia":[{"embeddable":true,"href":"https:\/\/www.jesusvico.com\/blog\/wp-json\/wp\/v2\/media\/613"}],"wp:attachment":[{"href":"https:\/\/www.jesusvico.com\/blog\/wp-json\/wp\/v2\/media?parent=610"}],"wp:term":[{"taxonomy":"category","embeddable":true,"href":"https:\/\/www.jesusvico.com\/blog\/wp-json\/wp\/v2\/categories?post=610"},{"taxonomy":"post_tag","embeddable":true,"href":"https:\/\/www.jesusvico.com\/blog\/wp-json\/wp\/v2\/tags?post=610"}],"curies":[{"name":"wp","href":"https:\/\/api.w.org\/{rel}","templated":true}]}}