{"id":647,"date":"2023-10-02T21:00:47","date_gmt":"2023-10-02T21:00:47","guid":{"rendered":"https:\/\/www.jesusvico.com\/blog\/?p=647"},"modified":"2024-03-20T09:11:55","modified_gmt":"2024-03-20T09:11:55","slug":"la-proclamacion-de-isabel-ii","status":"publish","type":"post","link":"https:\/\/www.jesusvico.com\/blog\/la-proclamacion-de-isabel-ii\/","title":{"rendered":"La proclamaci\u00f3n de Isabel II"},"content":{"rendered":"\n[et_pb_section fb_built=\u00bb1&#8243; theme_builder_area=\u00bbpost_content\u00bb _builder_version=\u00bb4.14.8&#8243; _module_preset=\u00bbdefault\u00bb][et_pb_row _builder_version=\u00bb4.14.8&#8243; _module_preset=\u00bbdefault\u00bb theme_builder_area=\u00bbpost_content\u00bb][et_pb_column _builder_version=\u00bb4.14.8&#8243; _module_preset=\u00bbdefault\u00bb type=\u00bb4_4&#8243; theme_builder_area=\u00bbpost_content\u00bb][et_pb_text _builder_version=\u00bb4.14.8&#8243; _module_preset=\u00bbdefault\u00bb theme_builder_area=\u00bbpost_content\u00bb hover_enabled=\u00bb0&#8243; sticky_enabled=\u00bb0&#8243;]<p>Isabel II (10 de octubre de 1830 &#8211; 9 de abril de 1904) fue reina de Espa\u00f1a desde 1833 hasta su destituci\u00f3n en 1868. Siendo la \u00fanica reina reinante en la historia de la Espa\u00f1a unificada, su reinado estuvo marcado por tumultuosos acontecimientos y convulsiones pol\u00edticas.<\/p>\n<h2><strong>Primeros a\u00f1os: La Primera Guerra Carlista<\/strong><\/h2>\n<p>Isabel II es hija del rey Fernando VII de Espa\u00f1a y de la reina Mar\u00eda Cristina de las Dos Sicilias, en un periodo de agitaci\u00f3n pol\u00edtica. Las secuelas de la Revoluci\u00f3n Francesa y la invasi\u00f3n napole\u00f3nica de la Pen\u00ednsula Ib\u00e9rica desataron una encarnizada lucha entre liberales y conservadores espa\u00f1oles. En 1808, Napole\u00f3n oblig\u00f3 a Fernando VII a abdicar, sumiendo a Espa\u00f1a en el caos y conduciendo a la creaci\u00f3n de una constituci\u00f3n liberal en 1812. Sin embargo, cuando Fernando volvi\u00f3 al poder, intent\u00f3 reinstaurar el absolutismo, provocando nuevas divisiones en la naci\u00f3n.<\/p>\n<p>El nacimiento de Isabel tuvo importantes consecuencias pol\u00edticas. Fernando VII, al no tener hijos supervivientes de sus anteriores matrimonios, no ten\u00eda un heredero claro y su hermano, Carlos, hab\u00eda previsto heredar el trono hasta que el embarazo de Mar\u00eda Cristina amenaz\u00f3 sus ambiciones. \u00c9l y sus partidarios sosten\u00edan que deb\u00eda aplicarse la Ley S\u00e1lica, que prohib\u00eda gobernar a las mujeres. Sin embargo, Fernando hab\u00eda revocado en secreto esta ley en 1829, permitiendo a Isabel subir al trono.<\/p>\n<p>A la muerte de Fernando, el 29 de septiembre de 1833, los carlistas, leales a Carlos, se negaron a reconocer el derecho de Isabel al trono. A\u00fan as\u00ed, las Cortes declararon reina a Isabel II y nombraron regente a su madre, Mar\u00eda Cristina. Mientras Francia, Gran Breta\u00f1a y Portugal reconoc\u00edan la legitimidad de Isabel, el Vaticano y varias naciones cat\u00f3licas conservadoras apoyaban a Carlos, lo que desencaden\u00f3 la Primera Guerra Carlista. Los partidarios de Isabel II, conocidos como los Isabelinos, lucharon ferozmente para defender su derecho al trono, y la guerra termin\u00f3 finalmente a su favor en 1839.<\/p>\n<h2><strong>Su reinado<\/strong><\/h2>\n<p>A pesar de que el reinado de Isabel II comenz\u00f3 oficialmente en 1833, cuando s\u00f3lo ten\u00eda tres a\u00f1os, su madre actu\u00f3 como regente hasta su mayor\u00eda de edad. Desgraciadamente, Mar\u00eda Cristina no orient\u00f3 adecuadamente a la joven reina, dej\u00e1ndola mal preparada para las complejidades del gobierno.<\/p>\n<p>Cuando Isabel alcanz\u00f3 la pubertad, aumentaron las presiones pol\u00edticas para elegirle un marido adecuado. Se cas\u00f3 a rega\u00f1adientes con Francisco de As\u00eds, que result\u00f3 ser un esposo inadecuado y desinteresado. La vida privada de Isabel, marcada por el esc\u00e1ndalo, contrastaba con su imagen p\u00fablica de monarca generosa. Perdon\u00f3 una importante deuda del Estado, hizo donaciones a los pobres y sobrevivi\u00f3 a intentos de asesinato, lo que le granje\u00f3 la simpat\u00eda de la opini\u00f3n p\u00fablica.<\/p>\n<p>A lo largo de su reinado, Isabel II se apoy\u00f3 en l\u00edderes militares como Espartero, Narv\u00e1ez y O&#8217;Donnell, que hab\u00edan protegido a su monarqu\u00eda durante la Guerra Carlista. El sistema pol\u00edtico espa\u00f1ol permit\u00eda al partido gobernante manipular los resultados de las elecciones, lo que dificultaba desbancar al gobierno en funciones, salvo mediante pronunciamientos (levantamientos militares). Sin embargo, la formaci\u00f3n de la Uni\u00f3n Liberal en 1854 condujo a una mayor estabilidad pol\u00edtica. Entre 1854 y 1866, Narv\u00e1ez y O&#8217;Donnell se alternaron como sus ministros principales, ayudados por un auge econ\u00f3mico durante la mitad del siglo XIX, haciendo de este periodo el m\u00e1s pr\u00f3spero del reinado de Isabel.<\/p>\n<p>Los problemas comenzaron a aumentar en 1863, cuando los conservadores organizaron la ca\u00edda del gobierno de O&#8217;Donnell y el exilio de la Uni\u00f3n Liberal. En 1866, Espa\u00f1a se enfrentaba a una crisis, con una depresi\u00f3n que afectaba al pa\u00eds. Los progresistas buscaban el poder, pero se les negaba sistem\u00e1ticamente el acceso debido al control de los conservadores sobre los procesos electorales. Adem\u00e1s, las fuertes creencias cat\u00f3licas de Isabel le imped\u00edan apoyar algunas de las medidas anticlericales defendidas por los progresistas. A medida que crec\u00eda el malestar, los intentos de pronunciamientos progresistas fracasaron, e Isabel fue considerada cada vez m\u00e1s como un obst\u00e1culo para la modernizaci\u00f3n.<\/p>\n<h2><strong>Abdicaci\u00f3n y muerte<\/strong><\/h2>\n<p>En abril de 1868, la \u00abRevoluci\u00f3n de Septiembre\u00bb, encabezada por l\u00edderes como Prim, Topete y Serrano, oblig\u00f3 a Isabel a huir a Francia y a abdicar en favor de su hijo Alfonso en 1870. Sin embargo, las Cortes espa\u00f1olas declararon la exclusi\u00f3n permanente de la reina y su familia del pa\u00eds. Como resultado, el pr\u00edncipe Amadeo de Saboya se convirti\u00f3 en rey en 1870, pero finalmente abdic\u00f3 en 1873, llevando a Espa\u00f1a a una rep\u00fablica.<\/p>\n<p>En 1874 se produjo un pronunciamiento a favor del hijo de Isabel, Alfonso XII. Aunque la temprana muerte de \u00e9ste, en 1885, le dio la oportunidad de volver al trono, Isabel no ten\u00eda ninguna inclinaci\u00f3n a gobernar de nuevo. Su l\u00ednea sucesoria fue finalmente sucedida por su nieto p\u00f3stumo, Alfonso XIII, mientras que ella pas\u00f3 sus \u00faltimos a\u00f1os en Francia hasta su muerte el 10 de abril de 1904.<\/p>\n<p>El legado de Isabel II es complejo y polifac\u00e9tico. Su reinado, marcado por la agitaci\u00f3n pol\u00edtica y la inestabilidad, refleja los retos m\u00e1s amplios a los que se enfrent\u00f3 Espa\u00f1a durante el siglo XIX y fue testigo del surgimiento de ideolog\u00edas pol\u00edticas que dar\u00edan forma al futuro del pa\u00eds.<\/p>\n<p>Autora: Beatriz Camino Rodr\u00edguez<\/p>[\/et_pb_text][\/et_pb_column][\/et_pb_row][\/et_pb_section]\n","protected":false},"excerpt":{"rendered":"<p>Isabel II (10 de octubre de 1830 &#8211; 9 de abril de 1904) fue reina de Espa\u00f1a desde 1833 hasta su destituci\u00f3n en 1868. Siendo la \u00fanica reina reinante en la historia de la Espa\u00f1a unificada, su reinado estuvo marcado por tumultuosos acontecimientos y convulsiones pol\u00edticas. Primeros a\u00f1os: La Primera Guerra Carlista Isabel II es [&hellip;]<\/p>\n","protected":false},"author":5,"featured_media":648,"comment_status":"closed","ping_status":"open","sticky":false,"template":"","format":"standard","meta":{"_et_pb_use_builder":"on","_et_pb_old_content":"","_et_gb_content_width":"","footnotes":""},"categories":[1],"tags":[],"class_list":["post-647","post","type-post","status-publish","format-standard","has-post-thumbnail","hentry","category-sin-categoria"],"yoast_head":"<!-- This site is optimized with the Yoast SEO Premium plugin v19.3 (Yoast SEO v24.2) - https:\/\/yoast.com\/wordpress\/plugins\/seo\/ -->\n<title>La proclamaci\u00f3n de Isabel II | Jes\u00fas Vico<\/title>\n<meta name=\"robots\" content=\"index, follow, max-snippet:-1, max-image-preview:large, max-video-preview:-1\" \/>\n<link rel=\"canonical\" href=\"https:\/\/www.jesusvico.com\/blog\/la-proclamacion-de-isabel-ii\/\" \/>\n<meta property=\"og:locale\" content=\"es_ES\" \/>\n<meta property=\"og:type\" content=\"article\" \/>\n<meta property=\"og:title\" content=\"La proclamaci\u00f3n de Isabel II\" \/>\n<meta property=\"og:description\" content=\"Isabel II (10 de octubre de 1830 - 9 de abril de 1904) fue reina de Espa\u00f1a desde 1833 hasta su destituci\u00f3n en 1868. Siendo la \u00fanica reina reinante en la historia de la Espa\u00f1a unificada, su reinado estuvo marcado por tumultuosos acontecimientos y convulsiones pol\u00edticas. Primeros a\u00f1os: La Primera Guerra Carlista Isabel II es [&hellip;]\" \/>\n<meta property=\"og:url\" content=\"https:\/\/www.jesusvico.com\/blog\/la-proclamacion-de-isabel-ii\/\" \/>\n<meta property=\"og:site_name\" content=\"Jes\u00fas Vico\" \/>\n<meta property=\"article:publisher\" content=\"https:\/\/www.facebook.com\/JesusVicoNumismatica\" \/>\n<meta property=\"article:published_time\" content=\"2023-10-02T21:00:47+00:00\" \/>\n<meta property=\"article:modified_time\" content=\"2024-03-20T09:11:55+00:00\" \/>\n<meta property=\"og:image\" content=\"https:\/\/www.jesusvico.com\/blog\/wp-content\/uploads\/2023\/10\/banner3-3-1080x675-2.jpg\" \/>\n\t<meta property=\"og:image:width\" content=\"1080\" \/>\n\t<meta property=\"og:image:height\" content=\"675\" \/>\n\t<meta property=\"og:image:type\" content=\"image\/jpeg\" \/>\n<meta name=\"author\" content=\"Beatriz Camino Rodr\u00edguez\" \/>\n<meta name=\"twitter:card\" content=\"summary_large_image\" \/>\n<meta name=\"twitter:label1\" content=\"Escrito por\" \/>\n\t<meta name=\"twitter:data1\" content=\"Beatriz Camino Rodr\u00edguez\" \/>\n\t<meta name=\"twitter:label2\" content=\"Tiempo de lectura\" \/>\n\t<meta name=\"twitter:data2\" content=\"5 minutos\" \/>\n<script type=\"application\/ld+json\" class=\"yoast-schema-graph\">{\"@context\":\"https:\/\/schema.org\",\"@graph\":[{\"@type\":\"Article\",\"@id\":\"https:\/\/www.jesusvico.com\/blog\/la-proclamacion-de-isabel-ii\/#article\",\"isPartOf\":{\"@id\":\"https:\/\/www.jesusvico.com\/blog\/la-proclamacion-de-isabel-ii\/\"},\"author\":{\"name\":\"Beatriz Camino Rodr\u00edguez\",\"@id\":\"https:\/\/www.jesusvico.com\/blog\/#\/schema\/person\/387cca63b8a523b97f8417ba2ea4898d\"},\"headline\":\"La proclamaci\u00f3n de Isabel II\",\"datePublished\":\"2023-10-02T21:00:47+00:00\",\"dateModified\":\"2024-03-20T09:11:55+00:00\",\"mainEntityOfPage\":{\"@id\":\"https:\/\/www.jesusvico.com\/blog\/la-proclamacion-de-isabel-ii\/\"},\"wordCount\":1005,\"publisher\":{\"@id\":\"https:\/\/www.jesusvico.com\/blog\/#organization\"},\"image\":{\"@id\":\"https:\/\/www.jesusvico.com\/blog\/la-proclamacion-de-isabel-ii\/#primaryimage\"},\"thumbnailUrl\":\"https:\/\/www.jesusvico.com\/blog\/wp-content\/uploads\/2023\/10\/banner3-3-1080x675-2.jpg\",\"articleSection\":[\".\"],\"inLanguage\":\"es\"},{\"@type\":\"WebPage\",\"@id\":\"https:\/\/www.jesusvico.com\/blog\/la-proclamacion-de-isabel-ii\/\",\"url\":\"https:\/\/www.jesusvico.com\/blog\/la-proclamacion-de-isabel-ii\/\",\"name\":\"La proclamaci\u00f3n de Isabel II | Jes\u00fas Vico\",\"isPartOf\":{\"@id\":\"https:\/\/www.jesusvico.com\/blog\/#website\"},\"primaryImageOfPage\":{\"@id\":\"https:\/\/www.jesusvico.com\/blog\/la-proclamacion-de-isabel-ii\/#primaryimage\"},\"image\":{\"@id\":\"https:\/\/www.jesusvico.com\/blog\/la-proclamacion-de-isabel-ii\/#primaryimage\"},\"thumbnailUrl\":\"https:\/\/www.jesusvico.com\/blog\/wp-content\/uploads\/2023\/10\/banner3-3-1080x675-2.jpg\",\"datePublished\":\"2023-10-02T21:00:47+00:00\",\"dateModified\":\"2024-03-20T09:11:55+00:00\",\"breadcrumb\":{\"@id\":\"https:\/\/www.jesusvico.com\/blog\/la-proclamacion-de-isabel-ii\/#breadcrumb\"},\"inLanguage\":\"es\",\"potentialAction\":[{\"@type\":\"ReadAction\",\"target\":[\"https:\/\/www.jesusvico.com\/blog\/la-proclamacion-de-isabel-ii\/\"]}]},{\"@type\":\"ImageObject\",\"inLanguage\":\"es\",\"@id\":\"https:\/\/www.jesusvico.com\/blog\/la-proclamacion-de-isabel-ii\/#primaryimage\",\"url\":\"https:\/\/www.jesusvico.com\/blog\/wp-content\/uploads\/2023\/10\/banner3-3-1080x675-2.jpg\",\"contentUrl\":\"https:\/\/www.jesusvico.com\/blog\/wp-content\/uploads\/2023\/10\/banner3-3-1080x675-2.jpg\",\"width\":1080,\"height\":675},{\"@type\":\"BreadcrumbList\",\"@id\":\"https:\/\/www.jesusvico.com\/blog\/la-proclamacion-de-isabel-ii\/#breadcrumb\",\"itemListElement\":[{\"@type\":\"ListItem\",\"position\":1,\"name\":\"Portada\",\"item\":\"https:\/\/www.jesusvico.com\/blog\/\"},{\"@type\":\"ListItem\",\"position\":2,\"name\":\"La proclamaci\u00f3n de Isabel II\"}]},{\"@type\":\"WebSite\",\"@id\":\"https:\/\/www.jesusvico.com\/blog\/#website\",\"url\":\"https:\/\/www.jesusvico.com\/blog\/\",\"name\":\"Jes\u00fas Vico\",\"description\":\"Blog - Jes\u00fas Vico\",\"publisher\":{\"@id\":\"https:\/\/www.jesusvico.com\/blog\/#organization\"},\"potentialAction\":[{\"@type\":\"SearchAction\",\"target\":{\"@type\":\"EntryPoint\",\"urlTemplate\":\"https:\/\/www.jesusvico.com\/blog\/?s={search_term_string}\"},\"query-input\":{\"@type\":\"PropertyValueSpecification\",\"valueRequired\":true,\"valueName\":\"search_term_string\"}}],\"inLanguage\":\"es\"},{\"@type\":\"Organization\",\"@id\":\"https:\/\/www.jesusvico.com\/blog\/#organization\",\"name\":\"Jes\u00fas Vico\",\"url\":\"https:\/\/www.jesusvico.com\/blog\/\",\"logo\":{\"@type\":\"ImageObject\",\"inLanguage\":\"es\",\"@id\":\"https:\/\/www.jesusvico.com\/blog\/#\/schema\/logo\/image\/\",\"url\":\"https:\/\/www.jesusvico.com\/blog\/wp-content\/uploads\/2022\/09\/Sin-ti\u0301tulo-1-1.png\",\"contentUrl\":\"https:\/\/www.jesusvico.com\/blog\/wp-content\/uploads\/2022\/09\/Sin-ti\u0301tulo-1-1.png\",\"width\":800,\"height\":200,\"caption\":\"Jes\u00fas Vico\"},\"image\":{\"@id\":\"https:\/\/www.jesusvico.com\/blog\/#\/schema\/logo\/image\/\"},\"sameAs\":[\"https:\/\/www.facebook.com\/JesusVicoNumismatica\",\"https:\/\/www.instagram.com\/jesusvico_numismatica\"]},{\"@type\":\"Person\",\"@id\":\"https:\/\/www.jesusvico.com\/blog\/#\/schema\/person\/387cca63b8a523b97f8417ba2ea4898d\",\"name\":\"Beatriz Camino Rodr\u00edguez\",\"image\":{\"@type\":\"ImageObject\",\"inLanguage\":\"es\",\"@id\":\"https:\/\/www.jesusvico.com\/blog\/#\/schema\/person\/image\/\",\"url\":\"https:\/\/secure.gravatar.com\/avatar\/209f7097263408e99625109131235b0ad575b41781a227cf958390d2adc61dbb?s=96&d=mm&r=g\",\"contentUrl\":\"https:\/\/secure.gravatar.com\/avatar\/209f7097263408e99625109131235b0ad575b41781a227cf958390d2adc61dbb?s=96&d=mm&r=g\",\"caption\":\"Beatriz Camino Rodr\u00edguez\"},\"url\":\"https:\/\/www.jesusvico.com\/blog\/author\/beatriz\/\"}]}<\/script>\n<!-- \/ Yoast SEO Premium plugin. -->","yoast_head_json":{"title":"La proclamaci\u00f3n de Isabel II | Jes\u00fas Vico","robots":{"index":"index","follow":"follow","max-snippet":"max-snippet:-1","max-image-preview":"max-image-preview:large","max-video-preview":"max-video-preview:-1"},"canonical":"https:\/\/www.jesusvico.com\/blog\/la-proclamacion-de-isabel-ii\/","og_locale":"es_ES","og_type":"article","og_title":"La proclamaci\u00f3n de Isabel II","og_description":"Isabel II (10 de octubre de 1830 - 9 de abril de 1904) fue reina de Espa\u00f1a desde 1833 hasta su destituci\u00f3n en 1868. Siendo la \u00fanica reina reinante en la historia de la Espa\u00f1a unificada, su reinado estuvo marcado por tumultuosos acontecimientos y convulsiones pol\u00edticas. Primeros a\u00f1os: La Primera Guerra Carlista Isabel II es [&hellip;]","og_url":"https:\/\/www.jesusvico.com\/blog\/la-proclamacion-de-isabel-ii\/","og_site_name":"Jes\u00fas Vico","article_publisher":"https:\/\/www.facebook.com\/JesusVicoNumismatica","article_published_time":"2023-10-02T21:00:47+00:00","article_modified_time":"2024-03-20T09:11:55+00:00","og_image":[{"width":1080,"height":675,"url":"https:\/\/www.jesusvico.com\/blog\/wp-content\/uploads\/2023\/10\/banner3-3-1080x675-2.jpg","type":"image\/jpeg"}],"author":"Beatriz Camino Rodr\u00edguez","twitter_card":"summary_large_image","twitter_misc":{"Escrito por":"Beatriz Camino Rodr\u00edguez","Tiempo de lectura":"5 minutos"},"schema":{"@context":"https:\/\/schema.org","@graph":[{"@type":"Article","@id":"https:\/\/www.jesusvico.com\/blog\/la-proclamacion-de-isabel-ii\/#article","isPartOf":{"@id":"https:\/\/www.jesusvico.com\/blog\/la-proclamacion-de-isabel-ii\/"},"author":{"name":"Beatriz Camino Rodr\u00edguez","@id":"https:\/\/www.jesusvico.com\/blog\/#\/schema\/person\/387cca63b8a523b97f8417ba2ea4898d"},"headline":"La proclamaci\u00f3n de Isabel II","datePublished":"2023-10-02T21:00:47+00:00","dateModified":"2024-03-20T09:11:55+00:00","mainEntityOfPage":{"@id":"https:\/\/www.jesusvico.com\/blog\/la-proclamacion-de-isabel-ii\/"},"wordCount":1005,"publisher":{"@id":"https:\/\/www.jesusvico.com\/blog\/#organization"},"image":{"@id":"https:\/\/www.jesusvico.com\/blog\/la-proclamacion-de-isabel-ii\/#primaryimage"},"thumbnailUrl":"https:\/\/www.jesusvico.com\/blog\/wp-content\/uploads\/2023\/10\/banner3-3-1080x675-2.jpg","articleSection":["."],"inLanguage":"es"},{"@type":"WebPage","@id":"https:\/\/www.jesusvico.com\/blog\/la-proclamacion-de-isabel-ii\/","url":"https:\/\/www.jesusvico.com\/blog\/la-proclamacion-de-isabel-ii\/","name":"La proclamaci\u00f3n de Isabel II | Jes\u00fas Vico","isPartOf":{"@id":"https:\/\/www.jesusvico.com\/blog\/#website"},"primaryImageOfPage":{"@id":"https:\/\/www.jesusvico.com\/blog\/la-proclamacion-de-isabel-ii\/#primaryimage"},"image":{"@id":"https:\/\/www.jesusvico.com\/blog\/la-proclamacion-de-isabel-ii\/#primaryimage"},"thumbnailUrl":"https:\/\/www.jesusvico.com\/blog\/wp-content\/uploads\/2023\/10\/banner3-3-1080x675-2.jpg","datePublished":"2023-10-02T21:00:47+00:00","dateModified":"2024-03-20T09:11:55+00:00","breadcrumb":{"@id":"https:\/\/www.jesusvico.com\/blog\/la-proclamacion-de-isabel-ii\/#breadcrumb"},"inLanguage":"es","potentialAction":[{"@type":"ReadAction","target":["https:\/\/www.jesusvico.com\/blog\/la-proclamacion-de-isabel-ii\/"]}]},{"@type":"ImageObject","inLanguage":"es","@id":"https:\/\/www.jesusvico.com\/blog\/la-proclamacion-de-isabel-ii\/#primaryimage","url":"https:\/\/www.jesusvico.com\/blog\/wp-content\/uploads\/2023\/10\/banner3-3-1080x675-2.jpg","contentUrl":"https:\/\/www.jesusvico.com\/blog\/wp-content\/uploads\/2023\/10\/banner3-3-1080x675-2.jpg","width":1080,"height":675},{"@type":"BreadcrumbList","@id":"https:\/\/www.jesusvico.com\/blog\/la-proclamacion-de-isabel-ii\/#breadcrumb","itemListElement":[{"@type":"ListItem","position":1,"name":"Portada","item":"https:\/\/www.jesusvico.com\/blog\/"},{"@type":"ListItem","position":2,"name":"La proclamaci\u00f3n de Isabel II"}]},{"@type":"WebSite","@id":"https:\/\/www.jesusvico.com\/blog\/#website","url":"https:\/\/www.jesusvico.com\/blog\/","name":"Jes\u00fas Vico","description":"Blog - Jes\u00fas Vico","publisher":{"@id":"https:\/\/www.jesusvico.com\/blog\/#organization"},"potentialAction":[{"@type":"SearchAction","target":{"@type":"EntryPoint","urlTemplate":"https:\/\/www.jesusvico.com\/blog\/?s={search_term_string}"},"query-input":{"@type":"PropertyValueSpecification","valueRequired":true,"valueName":"search_term_string"}}],"inLanguage":"es"},{"@type":"Organization","@id":"https:\/\/www.jesusvico.com\/blog\/#organization","name":"Jes\u00fas Vico","url":"https:\/\/www.jesusvico.com\/blog\/","logo":{"@type":"ImageObject","inLanguage":"es","@id":"https:\/\/www.jesusvico.com\/blog\/#\/schema\/logo\/image\/","url":"https:\/\/www.jesusvico.com\/blog\/wp-content\/uploads\/2022\/09\/Sin-ti\u0301tulo-1-1.png","contentUrl":"https:\/\/www.jesusvico.com\/blog\/wp-content\/uploads\/2022\/09\/Sin-ti\u0301tulo-1-1.png","width":800,"height":200,"caption":"Jes\u00fas Vico"},"image":{"@id":"https:\/\/www.jesusvico.com\/blog\/#\/schema\/logo\/image\/"},"sameAs":["https:\/\/www.facebook.com\/JesusVicoNumismatica","https:\/\/www.instagram.com\/jesusvico_numismatica"]},{"@type":"Person","@id":"https:\/\/www.jesusvico.com\/blog\/#\/schema\/person\/387cca63b8a523b97f8417ba2ea4898d","name":"Beatriz Camino Rodr\u00edguez","image":{"@type":"ImageObject","inLanguage":"es","@id":"https:\/\/www.jesusvico.com\/blog\/#\/schema\/person\/image\/","url":"https:\/\/secure.gravatar.com\/avatar\/209f7097263408e99625109131235b0ad575b41781a227cf958390d2adc61dbb?s=96&d=mm&r=g","contentUrl":"https:\/\/secure.gravatar.com\/avatar\/209f7097263408e99625109131235b0ad575b41781a227cf958390d2adc61dbb?s=96&d=mm&r=g","caption":"Beatriz Camino Rodr\u00edguez"},"url":"https:\/\/www.jesusvico.com\/blog\/author\/beatriz\/"}]}},"_links":{"self":[{"href":"https:\/\/www.jesusvico.com\/blog\/wp-json\/wp\/v2\/posts\/647","targetHints":{"allow":["GET"]}}],"collection":[{"href":"https:\/\/www.jesusvico.com\/blog\/wp-json\/wp\/v2\/posts"}],"about":[{"href":"https:\/\/www.jesusvico.com\/blog\/wp-json\/wp\/v2\/types\/post"}],"author":[{"embeddable":true,"href":"https:\/\/www.jesusvico.com\/blog\/wp-json\/wp\/v2\/users\/5"}],"replies":[{"embeddable":true,"href":"https:\/\/www.jesusvico.com\/blog\/wp-json\/wp\/v2\/comments?post=647"}],"version-history":[{"count":4,"href":"https:\/\/www.jesusvico.com\/blog\/wp-json\/wp\/v2\/posts\/647\/revisions"}],"predecessor-version":[{"id":742,"href":"https:\/\/www.jesusvico.com\/blog\/wp-json\/wp\/v2\/posts\/647\/revisions\/742"}],"wp:featuredmedia":[{"embeddable":true,"href":"https:\/\/www.jesusvico.com\/blog\/wp-json\/wp\/v2\/media\/648"}],"wp:attachment":[{"href":"https:\/\/www.jesusvico.com\/blog\/wp-json\/wp\/v2\/media?parent=647"}],"wp:term":[{"taxonomy":"category","embeddable":true,"href":"https:\/\/www.jesusvico.com\/blog\/wp-json\/wp\/v2\/categories?post=647"},{"taxonomy":"post_tag","embeddable":true,"href":"https:\/\/www.jesusvico.com\/blog\/wp-json\/wp\/v2\/tags?post=647"}],"curies":[{"name":"wp","href":"https:\/\/api.w.org\/{rel}","templated":true}]}}