{"id":661,"date":"2023-11-22T16:42:22","date_gmt":"2023-11-22T16:42:22","guid":{"rendered":"https:\/\/www.jesusvico.com\/blog\/?p=661"},"modified":"2024-03-20T09:10:54","modified_gmt":"2024-03-20T09:10:54","slug":"diocleciano-es-nombrado-emperador","status":"publish","type":"post","link":"https:\/\/www.jesusvico.com\/blog\/diocleciano-es-nombrado-emperador\/","title":{"rendered":"Diocleciano es nombrado emperador"},"content":{"rendered":"\n[et_pb_section fb_built=\u00bb1&#8243; theme_builder_area=\u00bbpost_content\u00bb _builder_version=\u00bb4.14.8&#8243; _module_preset=\u00bbdefault\u00bb][et_pb_row _builder_version=\u00bb4.14.8&#8243; _module_preset=\u00bbdefault\u00bb theme_builder_area=\u00bbpost_content\u00bb][et_pb_column _builder_version=\u00bb4.14.8&#8243; _module_preset=\u00bbdefault\u00bb type=\u00bb4_4&#8243; theme_builder_area=\u00bbpost_content\u00bb][et_pb_text _builder_version=\u00bb4.14.8&#8243; _module_preset=\u00bbdefault\u00bb theme_builder_area=\u00bbpost_content\u00bb hover_enabled=\u00bb0&#8243; sticky_enabled=\u00bb0&#8243;]<p>Diocleciano (242\/245 &#8211; 311\/312) fue emperador romano desde 284 hasta su abdicaci\u00f3n en 305.<\/p>\n<h2><strong>Primeros a\u00f1os<\/strong><\/h2>\n<p>Diocles, m\u00e1s tarde conocido como Diocleciano, naci\u00f3 de origen humilde en la provincia balc\u00e1nica de Dalmacia. Su fecha oficial de nacimiento fue el 22 de diciembre, y su a\u00f1o de nacimiento se ha estimado entre 242 y 245, bas\u00e1ndose en una afirmaci\u00f3n seg\u00fan la cual ten\u00eda 68 a\u00f1os al morir.<\/p>\n<p>Siguiendo los pasos de sus predecesores, Diocleciano ascendi\u00f3 r\u00e1pidamente en el ej\u00e9rcito romano y se uni\u00f3 a una unidad de \u00e9lite del ej\u00e9rcito ilirio. En 283, acompa\u00f1\u00f3 al emperador romano Carus a Persia, formando parte de la guardia imperial o protectores domesticis. Continu\u00f3 en este puesto bajo el sucesor e hijo de Caro, Numeriano, que muri\u00f3 un a\u00f1o despu\u00e9s. Aunque exist\u00edan sospechas sobre la implicaci\u00f3n de Diocleciano en la muerte de Numeriano, la culpa recay\u00f3 en el comandante de la Guardia Pretoriana Arrio Aper, suegro de Numeriano. Diocleciano, en busca de venganza por la muerte del emperador, mat\u00f3 a Aper delante de sus propias tropas.<\/p>\n<p>Tras ser proclamado emperador en noviembre de 284, Diocleciano cruz\u00f3 el estrecho del B\u00f3sforo hacia Europa. All\u00ed se enfrent\u00f3 y derrot\u00f3 a Carino, hermano de Numeriano, que ejerc\u00eda de co-emperador. Este triunfo marc\u00f3 el control total del imperio por parte de Diocleciano, que asumi\u00f3 el nombre de Cayo Aurelio Valerio Diocleciano.<\/p>\n<h2><strong>Su reinado<\/strong><\/h2>\n<p>Como gobernar todo el Imperio Romano era un reto debido a su inmenso tama\u00f1o, Diocleciano lo dividi\u00f3 estrat\u00e9gicamente en dos partes, nombrando a su yerno Maximiano C\u00e9sar en Occidente. Un a\u00f1o despu\u00e9s, Maximiano fue ascendido a Augusto, asumiendo el nombre de Marco Aurelio Valerio. Diocleciano conserv\u00f3 el cargo de emperador en Oriente y mantuvo una posici\u00f3n superior, lo que le otorgaba autoridad para vetar cualquier decisi\u00f3n de Maximiano.<\/p>\n<p>Sin embargo, la paz en el imperio no dur\u00f3 mucho. Diocleciano pas\u00f3 cinco a\u00f1os haciendo campa\u00f1a en la mitad oriental del imperio, logrando la victoria en 286 y gan\u00e1ndose el t\u00edtulo de Germanicus Maximus. En Occidente, Maximiano se enfrent\u00f3 al comandante de la flota del Mar del Norte, Carausio, que se autoproclam\u00f3 emperador, pero acab\u00f3 muriendo a manos de alguien bajo su mando.<\/p>\n<p>Para abordar la cuesti\u00f3n de la sucesi\u00f3n, Diocleciano implant\u00f3 la tetrarqu\u00eda, dividiendo el imperio con dos Augusti (Diocleciano en Oriente y Maximiano en Occidente) y un C\u00e9sar designado para suceder a cada Augusto. Cada l\u00edder administraba su territorio con su capital, mientras que todos los C\u00e9sares rend\u00edan cuentas a los Augusti. Maximiano nombr\u00f3 C\u00e9sar a su comandante pretoriano Constancio, mientras que Diocleciano eligi\u00f3 a Galerio.<\/p>\n<p>Una vez restablecida la estabilidad, Diocleciano centr\u00f3 su atenci\u00f3n en los asuntos internos. Para minimizar los riesgos de revuelta en las provincias perif\u00e9ricas, duplic\u00f3 el n\u00famero de provincias hasta cien y las organiz\u00f3 en doce di\u00f3cesis, cada una gobernada por vicarios sin responsabilidades militares. Como se necesitaban m\u00e1s fondos para apoyar la reestructuraci\u00f3n provincial y la expansi\u00f3n del ej\u00e9rcito, Diocleciano revis\u00f3 el sistema tributario. Orden\u00f3 un nuevo censo para determinar la poblaci\u00f3n, la propiedad de la tierra y la productividad agr\u00edcola en todo el imperio. Adem\u00e1s, para frenar la inflaci\u00f3n galopante, promulg\u00f3 el Edicto de Precios M\u00e1ximos, que pretend\u00eda establecer precios fijos para bienes, servicios y salarios.<\/p>\n<p>Al mismo tiempo que se enfrentaba a los retos financieros y de seguridad fronteriza, Diocleciano se ocup\u00f3 de la creciente influencia del cristianismo, que percib\u00eda como un obst\u00e1culo para la estabilidad. En 297, orden\u00f3 a todos los soldados y al personal administrativo que ofrecieran sacrificios a los dioses; los que se resist\u00edan eran obligados a dimitir. Unos a\u00f1os m\u00e1s tarde, en 303, promulg\u00f3 un decreto para la destrucci\u00f3n de iglesias y textos cristianos. Durante este periodo, conocido como la Gran Persecuci\u00f3n, las repercusiones fueron graves para los cristianos: se arrest\u00f3 a miembros destacados del clero y se les dio el ultim\u00e1tum de sacrificar a las deidades paganas o enfrentarse a la muerte. La prolongada persecuci\u00f3n termin\u00f3 en el a\u00f1o 305.<\/p>\n<h2><strong>Abdicaci\u00f3n y muerte<\/strong><\/h2>\n<p>En 303, Diocleciano cay\u00f3 gravemente enfermo, lo que le oblig\u00f3 a abdicar en 305. Se retir\u00f3 a su palacio-fortaleza de Spalatum, la actual Split, en Croacia. Diocleciano tambi\u00e9n convenci\u00f3 a Maximiano para que dimitiera, lo que dio lugar a una abdicaci\u00f3n conjunta. Esto allan\u00f3 el camino para que Constancio y Galerio ascendieran como nuevos Augusti, mientras que Maximino y Severo fueron nombrados nuevos C\u00e9sares. Aunque sali\u00f3 brevemente de su retiro en 308, el emperador pas\u00f3 el resto de sus d\u00edas en su palacio, falleciendo en octubre de 311.<\/p>\n<p>La tetrarqu\u00eda de Diocleciano acab\u00f3 desapareciendo. Tras a\u00f1os de conflictos entre sucesores, el hijo de Constancio, Constantino I, logr\u00f3 la reunificaci\u00f3n del imperio tras la batalla del Puente Milvio en 312. Estableciendo su gobierno en una ciudad que llevar\u00eda su nombre, Constantinopla, Constantino concedi\u00f3 al cristianismo el debido reconocimiento e incluso abraz\u00f3 la fe. En 476, con la ca\u00edda del Imperio Romano de Occidente, Oriente, aunque conservaba ecos de la Antigua Roma, experiment\u00f3 un renacimiento como Imperio Bizantino.<\/p>\n<p>Autora: Beatriz Camino Rodr\u00edguez.<\/p>[\/et_pb_text][\/et_pb_column][\/et_pb_row][\/et_pb_section]\n","protected":false},"excerpt":{"rendered":"<p>Diocleciano (242\/245 &#8211; 311\/312) fue emperador romano desde 284 hasta su abdicaci\u00f3n en 305. Primeros a\u00f1os Diocles, m\u00e1s tarde conocido como Diocleciano, naci\u00f3 de origen humilde en la provincia balc\u00e1nica de Dalmacia. Su fecha oficial de nacimiento fue el 22 de diciembre, y su a\u00f1o de nacimiento se ha estimado entre 242 y 245, bas\u00e1ndose [&hellip;]<\/p>\n","protected":false},"author":5,"featured_media":665,"comment_status":"closed","ping_status":"open","sticky":false,"template":"","format":"standard","meta":{"_et_pb_use_builder":"on","_et_pb_old_content":"","_et_gb_content_width":"","footnotes":""},"categories":[1],"tags":[],"class_list":["post-661","post","type-post","status-publish","format-standard","has-post-thumbnail","hentry","category-sin-categoria"],"yoast_head":"<!-- This site is optimized with the Yoast SEO Premium plugin v19.3 (Yoast SEO v24.2) - https:\/\/yoast.com\/wordpress\/plugins\/seo\/ -->\n<title>Diocleciano es nombrado emperador | Jes\u00fas Vico<\/title>\n<meta name=\"robots\" content=\"index, follow, max-snippet:-1, max-image-preview:large, max-video-preview:-1\" \/>\n<link rel=\"canonical\" href=\"https:\/\/www.jesusvico.com\/blog\/diocleciano-es-nombrado-emperador\/\" \/>\n<meta property=\"og:locale\" content=\"es_ES\" \/>\n<meta property=\"og:type\" content=\"article\" \/>\n<meta property=\"og:title\" content=\"Diocleciano es nombrado emperador\" \/>\n<meta property=\"og:description\" content=\"Diocleciano (242\/245 - 311\/312) fue emperador romano desde 284 hasta su abdicaci\u00f3n en 305. Primeros a\u00f1os Diocles, m\u00e1s tarde conocido como Diocleciano, naci\u00f3 de origen humilde en la provincia balc\u00e1nica de Dalmacia. Su fecha oficial de nacimiento fue el 22 de diciembre, y su a\u00f1o de nacimiento se ha estimado entre 242 y 245, bas\u00e1ndose [&hellip;]\" \/>\n<meta property=\"og:url\" content=\"https:\/\/www.jesusvico.com\/blog\/diocleciano-es-nombrado-emperador\/\" \/>\n<meta property=\"og:site_name\" content=\"Jes\u00fas Vico\" \/>\n<meta property=\"article:publisher\" content=\"https:\/\/www.facebook.com\/JesusVicoNumismatica\" \/>\n<meta property=\"article:published_time\" content=\"2023-11-22T16:42:22+00:00\" \/>\n<meta property=\"article:modified_time\" content=\"2024-03-20T09:10:54+00:00\" \/>\n<meta property=\"og:image\" content=\"https:\/\/www.jesusvico.com\/blog\/wp-content\/uploads\/2023\/11\/banner3-3-1080x675-2.jpg\" \/>\n\t<meta property=\"og:image:width\" content=\"1080\" \/>\n\t<meta property=\"og:image:height\" content=\"675\" \/>\n\t<meta property=\"og:image:type\" content=\"image\/jpeg\" \/>\n<meta name=\"author\" content=\"Beatriz Camino Rodr\u00edguez\" \/>\n<meta name=\"twitter:card\" content=\"summary_large_image\" \/>\n<meta name=\"twitter:label1\" content=\"Escrito por\" \/>\n\t<meta name=\"twitter:data1\" content=\"Beatriz Camino Rodr\u00edguez\" \/>\n\t<meta name=\"twitter:label2\" content=\"Tiempo de lectura\" \/>\n\t<meta name=\"twitter:data2\" content=\"5 minutos\" \/>\n<script type=\"application\/ld+json\" class=\"yoast-schema-graph\">{\"@context\":\"https:\/\/schema.org\",\"@graph\":[{\"@type\":\"Article\",\"@id\":\"https:\/\/www.jesusvico.com\/blog\/diocleciano-es-nombrado-emperador\/#article\",\"isPartOf\":{\"@id\":\"https:\/\/www.jesusvico.com\/blog\/diocleciano-es-nombrado-emperador\/\"},\"author\":{\"name\":\"Beatriz Camino Rodr\u00edguez\",\"@id\":\"https:\/\/www.jesusvico.com\/blog\/#\/schema\/person\/387cca63b8a523b97f8417ba2ea4898d\"},\"headline\":\"Diocleciano es nombrado emperador\",\"datePublished\":\"2023-11-22T16:42:22+00:00\",\"dateModified\":\"2024-03-20T09:10:54+00:00\",\"mainEntityOfPage\":{\"@id\":\"https:\/\/www.jesusvico.com\/blog\/diocleciano-es-nombrado-emperador\/\"},\"wordCount\":948,\"publisher\":{\"@id\":\"https:\/\/www.jesusvico.com\/blog\/#organization\"},\"image\":{\"@id\":\"https:\/\/www.jesusvico.com\/blog\/diocleciano-es-nombrado-emperador\/#primaryimage\"},\"thumbnailUrl\":\"https:\/\/www.jesusvico.com\/blog\/wp-content\/uploads\/2023\/11\/banner3-3-1080x675-2.jpg\",\"articleSection\":[\".\"],\"inLanguage\":\"es\"},{\"@type\":\"WebPage\",\"@id\":\"https:\/\/www.jesusvico.com\/blog\/diocleciano-es-nombrado-emperador\/\",\"url\":\"https:\/\/www.jesusvico.com\/blog\/diocleciano-es-nombrado-emperador\/\",\"name\":\"Diocleciano es nombrado emperador | Jes\u00fas Vico\",\"isPartOf\":{\"@id\":\"https:\/\/www.jesusvico.com\/blog\/#website\"},\"primaryImageOfPage\":{\"@id\":\"https:\/\/www.jesusvico.com\/blog\/diocleciano-es-nombrado-emperador\/#primaryimage\"},\"image\":{\"@id\":\"https:\/\/www.jesusvico.com\/blog\/diocleciano-es-nombrado-emperador\/#primaryimage\"},\"thumbnailUrl\":\"https:\/\/www.jesusvico.com\/blog\/wp-content\/uploads\/2023\/11\/banner3-3-1080x675-2.jpg\",\"datePublished\":\"2023-11-22T16:42:22+00:00\",\"dateModified\":\"2024-03-20T09:10:54+00:00\",\"breadcrumb\":{\"@id\":\"https:\/\/www.jesusvico.com\/blog\/diocleciano-es-nombrado-emperador\/#breadcrumb\"},\"inLanguage\":\"es\",\"potentialAction\":[{\"@type\":\"ReadAction\",\"target\":[\"https:\/\/www.jesusvico.com\/blog\/diocleciano-es-nombrado-emperador\/\"]}]},{\"@type\":\"ImageObject\",\"inLanguage\":\"es\",\"@id\":\"https:\/\/www.jesusvico.com\/blog\/diocleciano-es-nombrado-emperador\/#primaryimage\",\"url\":\"https:\/\/www.jesusvico.com\/blog\/wp-content\/uploads\/2023\/11\/banner3-3-1080x675-2.jpg\",\"contentUrl\":\"https:\/\/www.jesusvico.com\/blog\/wp-content\/uploads\/2023\/11\/banner3-3-1080x675-2.jpg\",\"width\":1080,\"height\":675},{\"@type\":\"BreadcrumbList\",\"@id\":\"https:\/\/www.jesusvico.com\/blog\/diocleciano-es-nombrado-emperador\/#breadcrumb\",\"itemListElement\":[{\"@type\":\"ListItem\",\"position\":1,\"name\":\"Portada\",\"item\":\"https:\/\/www.jesusvico.com\/blog\/\"},{\"@type\":\"ListItem\",\"position\":2,\"name\":\"Diocleciano es nombrado emperador\"}]},{\"@type\":\"WebSite\",\"@id\":\"https:\/\/www.jesusvico.com\/blog\/#website\",\"url\":\"https:\/\/www.jesusvico.com\/blog\/\",\"name\":\"Jes\u00fas Vico\",\"description\":\"Blog - Jes\u00fas Vico\",\"publisher\":{\"@id\":\"https:\/\/www.jesusvico.com\/blog\/#organization\"},\"potentialAction\":[{\"@type\":\"SearchAction\",\"target\":{\"@type\":\"EntryPoint\",\"urlTemplate\":\"https:\/\/www.jesusvico.com\/blog\/?s={search_term_string}\"},\"query-input\":{\"@type\":\"PropertyValueSpecification\",\"valueRequired\":true,\"valueName\":\"search_term_string\"}}],\"inLanguage\":\"es\"},{\"@type\":\"Organization\",\"@id\":\"https:\/\/www.jesusvico.com\/blog\/#organization\",\"name\":\"Jes\u00fas Vico\",\"url\":\"https:\/\/www.jesusvico.com\/blog\/\",\"logo\":{\"@type\":\"ImageObject\",\"inLanguage\":\"es\",\"@id\":\"https:\/\/www.jesusvico.com\/blog\/#\/schema\/logo\/image\/\",\"url\":\"https:\/\/www.jesusvico.com\/blog\/wp-content\/uploads\/2022\/09\/Sin-ti\u0301tulo-1-1.png\",\"contentUrl\":\"https:\/\/www.jesusvico.com\/blog\/wp-content\/uploads\/2022\/09\/Sin-ti\u0301tulo-1-1.png\",\"width\":800,\"height\":200,\"caption\":\"Jes\u00fas Vico\"},\"image\":{\"@id\":\"https:\/\/www.jesusvico.com\/blog\/#\/schema\/logo\/image\/\"},\"sameAs\":[\"https:\/\/www.facebook.com\/JesusVicoNumismatica\",\"https:\/\/www.instagram.com\/jesusvico_numismatica\"]},{\"@type\":\"Person\",\"@id\":\"https:\/\/www.jesusvico.com\/blog\/#\/schema\/person\/387cca63b8a523b97f8417ba2ea4898d\",\"name\":\"Beatriz Camino Rodr\u00edguez\",\"image\":{\"@type\":\"ImageObject\",\"inLanguage\":\"es\",\"@id\":\"https:\/\/www.jesusvico.com\/blog\/#\/schema\/person\/image\/\",\"url\":\"https:\/\/secure.gravatar.com\/avatar\/209f7097263408e99625109131235b0ad575b41781a227cf958390d2adc61dbb?s=96&d=mm&r=g\",\"contentUrl\":\"https:\/\/secure.gravatar.com\/avatar\/209f7097263408e99625109131235b0ad575b41781a227cf958390d2adc61dbb?s=96&d=mm&r=g\",\"caption\":\"Beatriz Camino Rodr\u00edguez\"},\"url\":\"https:\/\/www.jesusvico.com\/blog\/author\/beatriz\/\"}]}<\/script>\n<!-- \/ Yoast SEO Premium plugin. -->","yoast_head_json":{"title":"Diocleciano es nombrado emperador | Jes\u00fas Vico","robots":{"index":"index","follow":"follow","max-snippet":"max-snippet:-1","max-image-preview":"max-image-preview:large","max-video-preview":"max-video-preview:-1"},"canonical":"https:\/\/www.jesusvico.com\/blog\/diocleciano-es-nombrado-emperador\/","og_locale":"es_ES","og_type":"article","og_title":"Diocleciano es nombrado emperador","og_description":"Diocleciano (242\/245 - 311\/312) fue emperador romano desde 284 hasta su abdicaci\u00f3n en 305. Primeros a\u00f1os Diocles, m\u00e1s tarde conocido como Diocleciano, naci\u00f3 de origen humilde en la provincia balc\u00e1nica de Dalmacia. Su fecha oficial de nacimiento fue el 22 de diciembre, y su a\u00f1o de nacimiento se ha estimado entre 242 y 245, bas\u00e1ndose [&hellip;]","og_url":"https:\/\/www.jesusvico.com\/blog\/diocleciano-es-nombrado-emperador\/","og_site_name":"Jes\u00fas Vico","article_publisher":"https:\/\/www.facebook.com\/JesusVicoNumismatica","article_published_time":"2023-11-22T16:42:22+00:00","article_modified_time":"2024-03-20T09:10:54+00:00","og_image":[{"width":1080,"height":675,"url":"https:\/\/www.jesusvico.com\/blog\/wp-content\/uploads\/2023\/11\/banner3-3-1080x675-2.jpg","type":"image\/jpeg"}],"author":"Beatriz Camino Rodr\u00edguez","twitter_card":"summary_large_image","twitter_misc":{"Escrito por":"Beatriz Camino Rodr\u00edguez","Tiempo de lectura":"5 minutos"},"schema":{"@context":"https:\/\/schema.org","@graph":[{"@type":"Article","@id":"https:\/\/www.jesusvico.com\/blog\/diocleciano-es-nombrado-emperador\/#article","isPartOf":{"@id":"https:\/\/www.jesusvico.com\/blog\/diocleciano-es-nombrado-emperador\/"},"author":{"name":"Beatriz Camino Rodr\u00edguez","@id":"https:\/\/www.jesusvico.com\/blog\/#\/schema\/person\/387cca63b8a523b97f8417ba2ea4898d"},"headline":"Diocleciano es nombrado emperador","datePublished":"2023-11-22T16:42:22+00:00","dateModified":"2024-03-20T09:10:54+00:00","mainEntityOfPage":{"@id":"https:\/\/www.jesusvico.com\/blog\/diocleciano-es-nombrado-emperador\/"},"wordCount":948,"publisher":{"@id":"https:\/\/www.jesusvico.com\/blog\/#organization"},"image":{"@id":"https:\/\/www.jesusvico.com\/blog\/diocleciano-es-nombrado-emperador\/#primaryimage"},"thumbnailUrl":"https:\/\/www.jesusvico.com\/blog\/wp-content\/uploads\/2023\/11\/banner3-3-1080x675-2.jpg","articleSection":["."],"inLanguage":"es"},{"@type":"WebPage","@id":"https:\/\/www.jesusvico.com\/blog\/diocleciano-es-nombrado-emperador\/","url":"https:\/\/www.jesusvico.com\/blog\/diocleciano-es-nombrado-emperador\/","name":"Diocleciano es nombrado emperador | Jes\u00fas Vico","isPartOf":{"@id":"https:\/\/www.jesusvico.com\/blog\/#website"},"primaryImageOfPage":{"@id":"https:\/\/www.jesusvico.com\/blog\/diocleciano-es-nombrado-emperador\/#primaryimage"},"image":{"@id":"https:\/\/www.jesusvico.com\/blog\/diocleciano-es-nombrado-emperador\/#primaryimage"},"thumbnailUrl":"https:\/\/www.jesusvico.com\/blog\/wp-content\/uploads\/2023\/11\/banner3-3-1080x675-2.jpg","datePublished":"2023-11-22T16:42:22+00:00","dateModified":"2024-03-20T09:10:54+00:00","breadcrumb":{"@id":"https:\/\/www.jesusvico.com\/blog\/diocleciano-es-nombrado-emperador\/#breadcrumb"},"inLanguage":"es","potentialAction":[{"@type":"ReadAction","target":["https:\/\/www.jesusvico.com\/blog\/diocleciano-es-nombrado-emperador\/"]}]},{"@type":"ImageObject","inLanguage":"es","@id":"https:\/\/www.jesusvico.com\/blog\/diocleciano-es-nombrado-emperador\/#primaryimage","url":"https:\/\/www.jesusvico.com\/blog\/wp-content\/uploads\/2023\/11\/banner3-3-1080x675-2.jpg","contentUrl":"https:\/\/www.jesusvico.com\/blog\/wp-content\/uploads\/2023\/11\/banner3-3-1080x675-2.jpg","width":1080,"height":675},{"@type":"BreadcrumbList","@id":"https:\/\/www.jesusvico.com\/blog\/diocleciano-es-nombrado-emperador\/#breadcrumb","itemListElement":[{"@type":"ListItem","position":1,"name":"Portada","item":"https:\/\/www.jesusvico.com\/blog\/"},{"@type":"ListItem","position":2,"name":"Diocleciano es nombrado emperador"}]},{"@type":"WebSite","@id":"https:\/\/www.jesusvico.com\/blog\/#website","url":"https:\/\/www.jesusvico.com\/blog\/","name":"Jes\u00fas Vico","description":"Blog - Jes\u00fas Vico","publisher":{"@id":"https:\/\/www.jesusvico.com\/blog\/#organization"},"potentialAction":[{"@type":"SearchAction","target":{"@type":"EntryPoint","urlTemplate":"https:\/\/www.jesusvico.com\/blog\/?s={search_term_string}"},"query-input":{"@type":"PropertyValueSpecification","valueRequired":true,"valueName":"search_term_string"}}],"inLanguage":"es"},{"@type":"Organization","@id":"https:\/\/www.jesusvico.com\/blog\/#organization","name":"Jes\u00fas Vico","url":"https:\/\/www.jesusvico.com\/blog\/","logo":{"@type":"ImageObject","inLanguage":"es","@id":"https:\/\/www.jesusvico.com\/blog\/#\/schema\/logo\/image\/","url":"https:\/\/www.jesusvico.com\/blog\/wp-content\/uploads\/2022\/09\/Sin-ti\u0301tulo-1-1.png","contentUrl":"https:\/\/www.jesusvico.com\/blog\/wp-content\/uploads\/2022\/09\/Sin-ti\u0301tulo-1-1.png","width":800,"height":200,"caption":"Jes\u00fas Vico"},"image":{"@id":"https:\/\/www.jesusvico.com\/blog\/#\/schema\/logo\/image\/"},"sameAs":["https:\/\/www.facebook.com\/JesusVicoNumismatica","https:\/\/www.instagram.com\/jesusvico_numismatica"]},{"@type":"Person","@id":"https:\/\/www.jesusvico.com\/blog\/#\/schema\/person\/387cca63b8a523b97f8417ba2ea4898d","name":"Beatriz Camino Rodr\u00edguez","image":{"@type":"ImageObject","inLanguage":"es","@id":"https:\/\/www.jesusvico.com\/blog\/#\/schema\/person\/image\/","url":"https:\/\/secure.gravatar.com\/avatar\/209f7097263408e99625109131235b0ad575b41781a227cf958390d2adc61dbb?s=96&d=mm&r=g","contentUrl":"https:\/\/secure.gravatar.com\/avatar\/209f7097263408e99625109131235b0ad575b41781a227cf958390d2adc61dbb?s=96&d=mm&r=g","caption":"Beatriz Camino Rodr\u00edguez"},"url":"https:\/\/www.jesusvico.com\/blog\/author\/beatriz\/"}]}},"_links":{"self":[{"href":"https:\/\/www.jesusvico.com\/blog\/wp-json\/wp\/v2\/posts\/661","targetHints":{"allow":["GET"]}}],"collection":[{"href":"https:\/\/www.jesusvico.com\/blog\/wp-json\/wp\/v2\/posts"}],"about":[{"href":"https:\/\/www.jesusvico.com\/blog\/wp-json\/wp\/v2\/types\/post"}],"author":[{"embeddable":true,"href":"https:\/\/www.jesusvico.com\/blog\/wp-json\/wp\/v2\/users\/5"}],"replies":[{"embeddable":true,"href":"https:\/\/www.jesusvico.com\/blog\/wp-json\/wp\/v2\/comments?post=661"}],"version-history":[{"count":3,"href":"https:\/\/www.jesusvico.com\/blog\/wp-json\/wp\/v2\/posts\/661\/revisions"}],"predecessor-version":[{"id":666,"href":"https:\/\/www.jesusvico.com\/blog\/wp-json\/wp\/v2\/posts\/661\/revisions\/666"}],"wp:featuredmedia":[{"embeddable":true,"href":"https:\/\/www.jesusvico.com\/blog\/wp-json\/wp\/v2\/media\/665"}],"wp:attachment":[{"href":"https:\/\/www.jesusvico.com\/blog\/wp-json\/wp\/v2\/media?parent=661"}],"wp:term":[{"taxonomy":"category","embeddable":true,"href":"https:\/\/www.jesusvico.com\/blog\/wp-json\/wp\/v2\/categories?post=661"},{"taxonomy":"post_tag","embeddable":true,"href":"https:\/\/www.jesusvico.com\/blog\/wp-json\/wp\/v2\/tags?post=661"}],"curies":[{"name":"wp","href":"https:\/\/api.w.org\/{rel}","templated":true}]}}