{"id":673,"date":"2023-12-27T15:39:51","date_gmt":"2023-12-27T15:39:51","guid":{"rendered":"https:\/\/www.jesusvico.com\/blog\/?p=673"},"modified":"2024-03-20T09:09:33","modified_gmt":"2024-03-20T09:09:33","slug":"se-abre-el-concilio-de-trento-el-13-de-diciembre-de-1545","status":"publish","type":"post","link":"https:\/\/www.jesusvico.com\/blog\/se-abre-el-concilio-de-trento-el-13-de-diciembre-de-1545\/","title":{"rendered":"Se abre el Concilio de Trento, el 13 de diciembre de 1545."},"content":{"rendered":"\n[et_pb_section fb_built=\u00bb1&#8243; _builder_version=\u00bb4.14.8&#8243; _module_preset=\u00bbdefault\u00bb global_colors_info=\u00bb{}\u00bb][et_pb_row _builder_version=\u00bb4.14.8&#8243; _module_preset=\u00bbdefault\u00bb global_colors_info=\u00bb{}\u00bb][et_pb_column type=\u00bb4_4&#8243; _builder_version=\u00bb4.14.8&#8243; _module_preset=\u00bbdefault\u00bb global_colors_info=\u00bb{}\u00bb][et_pb_text _builder_version=\u00bb4.14.8&#8243; _module_preset=\u00bbdefault\u00bb global_colors_info=\u00bb{}\u00bb]<p>&nbsp;<\/p>\n<p>El Concilio de Trento (1545 a 1563) reuni\u00f3 al clero cat\u00f3lico bajo el liderazgo del Papa Pablo III como respuesta a la Reforma Protestante. A lo largo de tres sesiones, el Concilio reiter\u00f3 la autoridad de la Iglesia Cat\u00f3lica y denunci\u00f3 la teolog\u00eda protestante, marcando el inicio de la Contrarreforma cat\u00f3lica.<\/p>\n<p>&nbsp;<\/p>\n<p><strong>Antecedentes: La Reforma Protestante<\/strong><\/p>\n<p>La Reforma Protestante comenz\u00f3 en las regiones germ\u00e1nicas del Sacro Imperio Romano Germ\u00e1nico en 1517 cuando Mart\u00edn Lutero public\u00f3 sus 95 Tesis. Su intenci\u00f3n era invitar a otros cl\u00e9rigos a entablar un debate sobre la venta de indulgencias, que eran certificados que promet\u00edan una estancia m\u00e1s corta en el purgatorio despu\u00e9s de la muerte. Al oponerse a su venta, desafi\u00f3 la autoridad del Papa sobre las almas del purgatorio y critic\u00f3 la aparente codicia subyacente a la pr\u00e1ctica. En respuesta, la Iglesia lo excomulg\u00f3 en 1521, tild\u00e1ndolo de hereje. A pesar de ello, las 95 tesis de Lutero y otros escritos ya hab\u00edan sido publicados y difundidos ampliamente.<\/p>\n<p>En un intento por reunificar la Iglesia, Carlos V, Emperador del Sacro Imperio Romano Germ\u00e1nico, convoc\u00f3 la Dieta de Augsburgo en junio de 1530. Los luteranos presentaron la Confesi\u00f3n de Augsburgo, mientras que los cat\u00f3licos ofrecieron la Confutatio Augustana. Sin embargo, ninguna de las partes acept\u00f3 las confesiones de fe de la otra y no se lleg\u00f3 a ninguna resoluci\u00f3n.<\/p>\n<p>Los esfuerzos por la reconciliaci\u00f3n entre cat\u00f3licos y protestantes fueron nuevamente realizados en 1537 por el Papa Pablo III y Carlos V. Sin embargo, este encuentro nunca se realiz\u00f3 debido a los conflictos militares en curso entre este \u00faltimo y el rey Francisco I de Francia. Carlos V, motivado por la necesidad de unidad contra una posible invasi\u00f3n del Imperio Otomano, busc\u00f3 la reconciliaci\u00f3n entre sus s\u00fabditos. El pr\u00f3ximo intento de reconciliaci\u00f3n estaba previsto para el 13 de diciembre de 1545 en Trento, en el norte de Italia.<\/p>\n<p>&nbsp;<\/p>\n<p><strong>La primera sesi\u00f3n<\/strong><\/p>\n<p>A pesar de ser etiquetado como una conferencia ecum\u00e9nica, el Concilio de Trento excluy\u00f3 a los protestantes de una participaci\u00f3n significativa al negarles el derecho a votar o expresar sus opiniones en los procedimientos. En respuesta, el clero protestante opt\u00f3 por abstenerse de asistir. As\u00ed, el Concilio de Trento se transform\u00f3 en una asamblea cat\u00f3lica con el objetivo principal de rectificar los abusos de la Iglesia, en particular la venta de indulgencias, abordar supuestos errores en la ense\u00f1anza y la pr\u00e1ctica de la Iglesia y reforzar su autoridad.<\/p>\n<p>Para empezar, el Concilio tuvo que llegar primero a un consenso un\u00e1nime sobre los libros de la Biblia considerados Sagrada Escritura. A este respecto, afirm\u00f3 la traducci\u00f3n Vulgata de San Jer\u00f3nimo como \u00fanico texto autorizado. Adem\u00e1s, el Concilio refut\u00f3 la afirmaci\u00f3n de Lutero de que la humanidad pecadora no pod\u00eda cumplir la ley y enfatiz\u00f3 la gracia de Dios disponible a trav\u00e9s de las buenas obras.<\/p>\n<p>&nbsp;<\/p>\n<p>El Concilio afirm\u00f3 las ense\u00f1anzas de la Iglesia, abarcando varios aspectos como la impotencia de la naturaleza humana para justificar al hombre, la dispensaci\u00f3n y el misterio del advenimiento de Cristo, y la descripci\u00f3n de la justificaci\u00f3n y su modo en el estado de gracia. Estos c\u00e1nones condenaron la Reforma Protestante como herej\u00eda y etiquetaron a sus partidarios como herejes, destacando la posici\u00f3n de la Iglesia de que la interpretaci\u00f3n individual de la verdad y las Escrituras no era confiable debido a la pecaminosidad inherente a la naturaleza humana. El Concilio tambi\u00e9n subray\u00f3 la importancia de adherirse a las pr\u00e1cticas tradicionales de la Iglesia para garantizar una verdadera comprensi\u00f3n de las Escrituras. Las sesiones posteriores fueron interrumpidas por la peste y el Concilio fue prorrogado en septiembre de 1549.<\/p>\n<p>&nbsp;<\/p>\n<p><strong>Segunda y Tercera Sesiones<\/strong><\/p>\n<p>La segunda sesi\u00f3n del Concilio de Trento, que comenz\u00f3 en mayo de 1551 bajo el Papa Julio III, ten\u00eda como objetivo abordar cuestiones teol\u00f3gicas relacionadas con la Eucarist\u00eda. Ciertas facciones protestantes afirmaron que la Misa era simplemente una conmemoraci\u00f3n del sacrificio de Cristo, rechazando la creencia en la presencia real de Dios durante la consagraci\u00f3n y la transformaci\u00f3n del pan y el vino en cuerpo y sangre de Cristo. El Concilio conden\u00f3 esta opini\u00f3n como herej\u00eda, afirmando inequ\u00edvocamente que Cristo estaba presente en la Eucarist\u00eda.<\/p>\n<p>Bajo el Papa P\u00edo IV, el Concilio se reanud\u00f3 en enero de 1562. Esta sesi\u00f3n se centr\u00f3 en reformar los abusos de la Iglesia, incluido el tratamiento de cuestiones relacionadas con el clero con poca educaci\u00f3n que depend\u00eda de los diezmos de los feligreses sin proporcionar una gu\u00eda espiritual adecuada. El Concilio respald\u00f3 el establecimiento de seminarios adicionales y promovi\u00f3 estudios m\u00e1s profundos para los candidatos clericales. Respecto a la objeci\u00f3n protestante a la venta de indulgencias, el Concilio resolvi\u00f3 que las indulgencias ya no se vender\u00edan sino que podr\u00edan obtenerse mediante donaci\u00f3n, regulando el proceso.<\/p>\n<p>Simult\u00e1neamente, para frenar la difusi\u00f3n de las ideas protestantes, el Concilio aprob\u00f3 el Index Librorum Prohibitorum en 1563, que nombraba expl\u00edcitamente las obras de reformadores como Lutero, Zwinglio, Juan Calvino y otros. Aunque detallado en sus prohibiciones, el \u00cdndice esencialmente transmit\u00eda que cualquier libro condenado por el Papa, el Santo Oficio o las autoridades locales deber\u00eda ser rechazado por los cat\u00f3licos. El \u00cdndice permaneci\u00f3 en vigor hasta su suspensi\u00f3n en 1967.<\/p>\n<p>&nbsp;<\/p>\n<p><strong>Secuelas<\/strong><\/p>\n<p>Las resoluciones, decretos y c\u00e1nones del Concilio de Trento sirvieron de base para la Contrarreforma cat\u00f3lica, restableciendo la autoridad de la Iglesia a trav\u00e9s de reglas, regulaciones y definiciones expl\u00edcitas de la identidad cat\u00f3lica. B\u00e1sicamente, defendi\u00f3 las pol\u00edticas y tradiciones de la Iglesia medieval y al mismo tiempo reafirm\u00f3 el papel central de la Iglesia como \u00fanica autoridad en la visi\u00f3n cristiana. Aunque algunos decretos, como el \u00cdndice, han sido suspendidos, las decisiones del Concilio de Trento continuaron dando forma a las creencias y pr\u00e1cticas cat\u00f3licas hasta la d\u00e9cada de 1960 y todav\u00eda influyen parcialmente en el presente.<\/p>\n<p>Autora: Beatriz Camino Rodr\u00edguez.<\/p>[\/et_pb_text][\/et_pb_column][\/et_pb_row][et_pb_row _builder_version=\u00bb4.14.8&#8243; _module_preset=\u00bbdefault\u00bb global_colors_info=\u00bb{}\u00bb][et_pb_column type=\u00bb4_4&#8243; _builder_version=\u00bb4.14.8&#8243; _module_preset=\u00bbdefault\u00bb global_colors_info=\u00bb{}\u00bb][\/et_pb_column][\/et_pb_row][\/et_pb_section]\n","protected":false},"excerpt":{"rendered":"<p>&nbsp; El Concilio de Trento (1545 a 1563) reuni\u00f3 al clero cat\u00f3lico bajo el liderazgo del Papa Pablo III como respuesta a la Reforma Protestante. A lo largo de tres sesiones, el Concilio reiter\u00f3 la autoridad de la Iglesia Cat\u00f3lica y denunci\u00f3 la teolog\u00eda protestante, marcando el inicio de la Contrarreforma cat\u00f3lica. &nbsp; Antecedentes: La [&hellip;]<\/p>\n","protected":false},"author":5,"featured_media":681,"comment_status":"closed","ping_status":"open","sticky":false,"template":"","format":"standard","meta":{"_et_pb_use_builder":"on","_et_pb_old_content":"","_et_gb_content_width":"","footnotes":""},"categories":[1],"tags":[],"class_list":["post-673","post","type-post","status-publish","format-standard","has-post-thumbnail","hentry","category-sin-categoria"],"yoast_head":"<!-- This site is optimized with the Yoast SEO Premium plugin v19.3 (Yoast SEO v24.2) - https:\/\/yoast.com\/wordpress\/plugins\/seo\/ -->\n<title>Se abre el Concilio de Trento, el 13 de diciembre de 1545. | Jes\u00fas Vico<\/title>\n<meta name=\"robots\" content=\"index, follow, max-snippet:-1, max-image-preview:large, max-video-preview:-1\" \/>\n<link rel=\"canonical\" href=\"https:\/\/www.jesusvico.com\/blog\/se-abre-el-concilio-de-trento-el-13-de-diciembre-de-1545\/\" \/>\n<meta property=\"og:locale\" content=\"es_ES\" \/>\n<meta property=\"og:type\" content=\"article\" \/>\n<meta property=\"og:title\" content=\"Se abre el Concilio de Trento, el 13 de diciembre de 1545.\" \/>\n<meta property=\"og:description\" content=\"&nbsp; El Concilio de Trento (1545 a 1563) reuni\u00f3 al clero cat\u00f3lico bajo el liderazgo del Papa Pablo III como respuesta a la Reforma Protestante. A lo largo de tres sesiones, el Concilio reiter\u00f3 la autoridad de la Iglesia Cat\u00f3lica y denunci\u00f3 la teolog\u00eda protestante, marcando el inicio de la Contrarreforma cat\u00f3lica. &nbsp; Antecedentes: La [&hellip;]\" \/>\n<meta property=\"og:url\" content=\"https:\/\/www.jesusvico.com\/blog\/se-abre-el-concilio-de-trento-el-13-de-diciembre-de-1545\/\" \/>\n<meta property=\"og:site_name\" content=\"Jes\u00fas Vico\" \/>\n<meta property=\"article:publisher\" content=\"https:\/\/www.facebook.com\/JesusVicoNumismatica\" \/>\n<meta property=\"article:published_time\" content=\"2023-12-27T15:39:51+00:00\" \/>\n<meta property=\"article:modified_time\" content=\"2024-03-20T09:09:33+00:00\" \/>\n<meta property=\"og:image\" content=\"https:\/\/www.jesusvico.com\/blog\/wp-content\/uploads\/2023\/12\/banner3-3-1080x675-2-27-12-2023.jpg\" \/>\n\t<meta property=\"og:image:width\" content=\"1080\" \/>\n\t<meta property=\"og:image:height\" content=\"675\" \/>\n\t<meta property=\"og:image:type\" content=\"image\/jpeg\" \/>\n<meta name=\"author\" content=\"Beatriz Camino Rodr\u00edguez\" \/>\n<meta name=\"twitter:card\" content=\"summary_large_image\" \/>\n<meta name=\"twitter:label1\" content=\"Escrito por\" \/>\n\t<meta name=\"twitter:data1\" content=\"Beatriz Camino Rodr\u00edguez\" \/>\n\t<meta name=\"twitter:label2\" content=\"Tiempo de lectura\" \/>\n\t<meta name=\"twitter:data2\" content=\"6 minutos\" \/>\n<script type=\"application\/ld+json\" class=\"yoast-schema-graph\">{\"@context\":\"https:\/\/schema.org\",\"@graph\":[{\"@type\":\"Article\",\"@id\":\"https:\/\/www.jesusvico.com\/blog\/se-abre-el-concilio-de-trento-el-13-de-diciembre-de-1545\/#article\",\"isPartOf\":{\"@id\":\"https:\/\/www.jesusvico.com\/blog\/se-abre-el-concilio-de-trento-el-13-de-diciembre-de-1545\/\"},\"author\":{\"name\":\"Beatriz Camino Rodr\u00edguez\",\"@id\":\"https:\/\/www.jesusvico.com\/blog\/#\/schema\/person\/387cca63b8a523b97f8417ba2ea4898d\"},\"headline\":\"Se abre el Concilio de Trento, el 13 de diciembre de 1545.\",\"datePublished\":\"2023-12-27T15:39:51+00:00\",\"dateModified\":\"2024-03-20T09:09:33+00:00\",\"mainEntityOfPage\":{\"@id\":\"https:\/\/www.jesusvico.com\/blog\/se-abre-el-concilio-de-trento-el-13-de-diciembre-de-1545\/\"},\"wordCount\":1135,\"publisher\":{\"@id\":\"https:\/\/www.jesusvico.com\/blog\/#organization\"},\"image\":{\"@id\":\"https:\/\/www.jesusvico.com\/blog\/se-abre-el-concilio-de-trento-el-13-de-diciembre-de-1545\/#primaryimage\"},\"thumbnailUrl\":\"https:\/\/www.jesusvico.com\/blog\/wp-content\/uploads\/2023\/12\/banner3-3-1080x675-2-27-12-2023.jpg\",\"articleSection\":[\".\"],\"inLanguage\":\"es\"},{\"@type\":\"WebPage\",\"@id\":\"https:\/\/www.jesusvico.com\/blog\/se-abre-el-concilio-de-trento-el-13-de-diciembre-de-1545\/\",\"url\":\"https:\/\/www.jesusvico.com\/blog\/se-abre-el-concilio-de-trento-el-13-de-diciembre-de-1545\/\",\"name\":\"Se abre el Concilio de Trento, el 13 de diciembre de 1545. | Jes\u00fas Vico\",\"isPartOf\":{\"@id\":\"https:\/\/www.jesusvico.com\/blog\/#website\"},\"primaryImageOfPage\":{\"@id\":\"https:\/\/www.jesusvico.com\/blog\/se-abre-el-concilio-de-trento-el-13-de-diciembre-de-1545\/#primaryimage\"},\"image\":{\"@id\":\"https:\/\/www.jesusvico.com\/blog\/se-abre-el-concilio-de-trento-el-13-de-diciembre-de-1545\/#primaryimage\"},\"thumbnailUrl\":\"https:\/\/www.jesusvico.com\/blog\/wp-content\/uploads\/2023\/12\/banner3-3-1080x675-2-27-12-2023.jpg\",\"datePublished\":\"2023-12-27T15:39:51+00:00\",\"dateModified\":\"2024-03-20T09:09:33+00:00\",\"breadcrumb\":{\"@id\":\"https:\/\/www.jesusvico.com\/blog\/se-abre-el-concilio-de-trento-el-13-de-diciembre-de-1545\/#breadcrumb\"},\"inLanguage\":\"es\",\"potentialAction\":[{\"@type\":\"ReadAction\",\"target\":[\"https:\/\/www.jesusvico.com\/blog\/se-abre-el-concilio-de-trento-el-13-de-diciembre-de-1545\/\"]}]},{\"@type\":\"ImageObject\",\"inLanguage\":\"es\",\"@id\":\"https:\/\/www.jesusvico.com\/blog\/se-abre-el-concilio-de-trento-el-13-de-diciembre-de-1545\/#primaryimage\",\"url\":\"https:\/\/www.jesusvico.com\/blog\/wp-content\/uploads\/2023\/12\/banner3-3-1080x675-2-27-12-2023.jpg\",\"contentUrl\":\"https:\/\/www.jesusvico.com\/blog\/wp-content\/uploads\/2023\/12\/banner3-3-1080x675-2-27-12-2023.jpg\",\"width\":1080,\"height\":675},{\"@type\":\"BreadcrumbList\",\"@id\":\"https:\/\/www.jesusvico.com\/blog\/se-abre-el-concilio-de-trento-el-13-de-diciembre-de-1545\/#breadcrumb\",\"itemListElement\":[{\"@type\":\"ListItem\",\"position\":1,\"name\":\"Portada\",\"item\":\"https:\/\/www.jesusvico.com\/blog\/\"},{\"@type\":\"ListItem\",\"position\":2,\"name\":\"Se abre el Concilio de Trento, el 13 de diciembre de 1545.\"}]},{\"@type\":\"WebSite\",\"@id\":\"https:\/\/www.jesusvico.com\/blog\/#website\",\"url\":\"https:\/\/www.jesusvico.com\/blog\/\",\"name\":\"Jes\u00fas Vico\",\"description\":\"Blog - Jes\u00fas Vico\",\"publisher\":{\"@id\":\"https:\/\/www.jesusvico.com\/blog\/#organization\"},\"potentialAction\":[{\"@type\":\"SearchAction\",\"target\":{\"@type\":\"EntryPoint\",\"urlTemplate\":\"https:\/\/www.jesusvico.com\/blog\/?s={search_term_string}\"},\"query-input\":{\"@type\":\"PropertyValueSpecification\",\"valueRequired\":true,\"valueName\":\"search_term_string\"}}],\"inLanguage\":\"es\"},{\"@type\":\"Organization\",\"@id\":\"https:\/\/www.jesusvico.com\/blog\/#organization\",\"name\":\"Jes\u00fas Vico\",\"url\":\"https:\/\/www.jesusvico.com\/blog\/\",\"logo\":{\"@type\":\"ImageObject\",\"inLanguage\":\"es\",\"@id\":\"https:\/\/www.jesusvico.com\/blog\/#\/schema\/logo\/image\/\",\"url\":\"https:\/\/www.jesusvico.com\/blog\/wp-content\/uploads\/2022\/09\/Sin-ti\u0301tulo-1-1.png\",\"contentUrl\":\"https:\/\/www.jesusvico.com\/blog\/wp-content\/uploads\/2022\/09\/Sin-ti\u0301tulo-1-1.png\",\"width\":800,\"height\":200,\"caption\":\"Jes\u00fas Vico\"},\"image\":{\"@id\":\"https:\/\/www.jesusvico.com\/blog\/#\/schema\/logo\/image\/\"},\"sameAs\":[\"https:\/\/www.facebook.com\/JesusVicoNumismatica\",\"https:\/\/www.instagram.com\/jesusvico_numismatica\"]},{\"@type\":\"Person\",\"@id\":\"https:\/\/www.jesusvico.com\/blog\/#\/schema\/person\/387cca63b8a523b97f8417ba2ea4898d\",\"name\":\"Beatriz Camino Rodr\u00edguez\",\"image\":{\"@type\":\"ImageObject\",\"inLanguage\":\"es\",\"@id\":\"https:\/\/www.jesusvico.com\/blog\/#\/schema\/person\/image\/\",\"url\":\"https:\/\/secure.gravatar.com\/avatar\/209f7097263408e99625109131235b0ad575b41781a227cf958390d2adc61dbb?s=96&d=mm&r=g\",\"contentUrl\":\"https:\/\/secure.gravatar.com\/avatar\/209f7097263408e99625109131235b0ad575b41781a227cf958390d2adc61dbb?s=96&d=mm&r=g\",\"caption\":\"Beatriz Camino Rodr\u00edguez\"},\"url\":\"https:\/\/www.jesusvico.com\/blog\/author\/beatriz\/\"}]}<\/script>\n<!-- \/ Yoast SEO Premium plugin. -->","yoast_head_json":{"title":"Se abre el Concilio de Trento, el 13 de diciembre de 1545. | Jes\u00fas Vico","robots":{"index":"index","follow":"follow","max-snippet":"max-snippet:-1","max-image-preview":"max-image-preview:large","max-video-preview":"max-video-preview:-1"},"canonical":"https:\/\/www.jesusvico.com\/blog\/se-abre-el-concilio-de-trento-el-13-de-diciembre-de-1545\/","og_locale":"es_ES","og_type":"article","og_title":"Se abre el Concilio de Trento, el 13 de diciembre de 1545.","og_description":"&nbsp; El Concilio de Trento (1545 a 1563) reuni\u00f3 al clero cat\u00f3lico bajo el liderazgo del Papa Pablo III como respuesta a la Reforma Protestante. A lo largo de tres sesiones, el Concilio reiter\u00f3 la autoridad de la Iglesia Cat\u00f3lica y denunci\u00f3 la teolog\u00eda protestante, marcando el inicio de la Contrarreforma cat\u00f3lica. &nbsp; Antecedentes: La [&hellip;]","og_url":"https:\/\/www.jesusvico.com\/blog\/se-abre-el-concilio-de-trento-el-13-de-diciembre-de-1545\/","og_site_name":"Jes\u00fas Vico","article_publisher":"https:\/\/www.facebook.com\/JesusVicoNumismatica","article_published_time":"2023-12-27T15:39:51+00:00","article_modified_time":"2024-03-20T09:09:33+00:00","og_image":[{"width":1080,"height":675,"url":"https:\/\/www.jesusvico.com\/blog\/wp-content\/uploads\/2023\/12\/banner3-3-1080x675-2-27-12-2023.jpg","type":"image\/jpeg"}],"author":"Beatriz Camino Rodr\u00edguez","twitter_card":"summary_large_image","twitter_misc":{"Escrito por":"Beatriz Camino Rodr\u00edguez","Tiempo de lectura":"6 minutos"},"schema":{"@context":"https:\/\/schema.org","@graph":[{"@type":"Article","@id":"https:\/\/www.jesusvico.com\/blog\/se-abre-el-concilio-de-trento-el-13-de-diciembre-de-1545\/#article","isPartOf":{"@id":"https:\/\/www.jesusvico.com\/blog\/se-abre-el-concilio-de-trento-el-13-de-diciembre-de-1545\/"},"author":{"name":"Beatriz Camino Rodr\u00edguez","@id":"https:\/\/www.jesusvico.com\/blog\/#\/schema\/person\/387cca63b8a523b97f8417ba2ea4898d"},"headline":"Se abre el Concilio de Trento, el 13 de diciembre de 1545.","datePublished":"2023-12-27T15:39:51+00:00","dateModified":"2024-03-20T09:09:33+00:00","mainEntityOfPage":{"@id":"https:\/\/www.jesusvico.com\/blog\/se-abre-el-concilio-de-trento-el-13-de-diciembre-de-1545\/"},"wordCount":1135,"publisher":{"@id":"https:\/\/www.jesusvico.com\/blog\/#organization"},"image":{"@id":"https:\/\/www.jesusvico.com\/blog\/se-abre-el-concilio-de-trento-el-13-de-diciembre-de-1545\/#primaryimage"},"thumbnailUrl":"https:\/\/www.jesusvico.com\/blog\/wp-content\/uploads\/2023\/12\/banner3-3-1080x675-2-27-12-2023.jpg","articleSection":["."],"inLanguage":"es"},{"@type":"WebPage","@id":"https:\/\/www.jesusvico.com\/blog\/se-abre-el-concilio-de-trento-el-13-de-diciembre-de-1545\/","url":"https:\/\/www.jesusvico.com\/blog\/se-abre-el-concilio-de-trento-el-13-de-diciembre-de-1545\/","name":"Se abre el Concilio de Trento, el 13 de diciembre de 1545. | Jes\u00fas Vico","isPartOf":{"@id":"https:\/\/www.jesusvico.com\/blog\/#website"},"primaryImageOfPage":{"@id":"https:\/\/www.jesusvico.com\/blog\/se-abre-el-concilio-de-trento-el-13-de-diciembre-de-1545\/#primaryimage"},"image":{"@id":"https:\/\/www.jesusvico.com\/blog\/se-abre-el-concilio-de-trento-el-13-de-diciembre-de-1545\/#primaryimage"},"thumbnailUrl":"https:\/\/www.jesusvico.com\/blog\/wp-content\/uploads\/2023\/12\/banner3-3-1080x675-2-27-12-2023.jpg","datePublished":"2023-12-27T15:39:51+00:00","dateModified":"2024-03-20T09:09:33+00:00","breadcrumb":{"@id":"https:\/\/www.jesusvico.com\/blog\/se-abre-el-concilio-de-trento-el-13-de-diciembre-de-1545\/#breadcrumb"},"inLanguage":"es","potentialAction":[{"@type":"ReadAction","target":["https:\/\/www.jesusvico.com\/blog\/se-abre-el-concilio-de-trento-el-13-de-diciembre-de-1545\/"]}]},{"@type":"ImageObject","inLanguage":"es","@id":"https:\/\/www.jesusvico.com\/blog\/se-abre-el-concilio-de-trento-el-13-de-diciembre-de-1545\/#primaryimage","url":"https:\/\/www.jesusvico.com\/blog\/wp-content\/uploads\/2023\/12\/banner3-3-1080x675-2-27-12-2023.jpg","contentUrl":"https:\/\/www.jesusvico.com\/blog\/wp-content\/uploads\/2023\/12\/banner3-3-1080x675-2-27-12-2023.jpg","width":1080,"height":675},{"@type":"BreadcrumbList","@id":"https:\/\/www.jesusvico.com\/blog\/se-abre-el-concilio-de-trento-el-13-de-diciembre-de-1545\/#breadcrumb","itemListElement":[{"@type":"ListItem","position":1,"name":"Portada","item":"https:\/\/www.jesusvico.com\/blog\/"},{"@type":"ListItem","position":2,"name":"Se abre el Concilio de Trento, el 13 de diciembre de 1545."}]},{"@type":"WebSite","@id":"https:\/\/www.jesusvico.com\/blog\/#website","url":"https:\/\/www.jesusvico.com\/blog\/","name":"Jes\u00fas Vico","description":"Blog - Jes\u00fas Vico","publisher":{"@id":"https:\/\/www.jesusvico.com\/blog\/#organization"},"potentialAction":[{"@type":"SearchAction","target":{"@type":"EntryPoint","urlTemplate":"https:\/\/www.jesusvico.com\/blog\/?s={search_term_string}"},"query-input":{"@type":"PropertyValueSpecification","valueRequired":true,"valueName":"search_term_string"}}],"inLanguage":"es"},{"@type":"Organization","@id":"https:\/\/www.jesusvico.com\/blog\/#organization","name":"Jes\u00fas Vico","url":"https:\/\/www.jesusvico.com\/blog\/","logo":{"@type":"ImageObject","inLanguage":"es","@id":"https:\/\/www.jesusvico.com\/blog\/#\/schema\/logo\/image\/","url":"https:\/\/www.jesusvico.com\/blog\/wp-content\/uploads\/2022\/09\/Sin-ti\u0301tulo-1-1.png","contentUrl":"https:\/\/www.jesusvico.com\/blog\/wp-content\/uploads\/2022\/09\/Sin-ti\u0301tulo-1-1.png","width":800,"height":200,"caption":"Jes\u00fas Vico"},"image":{"@id":"https:\/\/www.jesusvico.com\/blog\/#\/schema\/logo\/image\/"},"sameAs":["https:\/\/www.facebook.com\/JesusVicoNumismatica","https:\/\/www.instagram.com\/jesusvico_numismatica"]},{"@type":"Person","@id":"https:\/\/www.jesusvico.com\/blog\/#\/schema\/person\/387cca63b8a523b97f8417ba2ea4898d","name":"Beatriz Camino Rodr\u00edguez","image":{"@type":"ImageObject","inLanguage":"es","@id":"https:\/\/www.jesusvico.com\/blog\/#\/schema\/person\/image\/","url":"https:\/\/secure.gravatar.com\/avatar\/209f7097263408e99625109131235b0ad575b41781a227cf958390d2adc61dbb?s=96&d=mm&r=g","contentUrl":"https:\/\/secure.gravatar.com\/avatar\/209f7097263408e99625109131235b0ad575b41781a227cf958390d2adc61dbb?s=96&d=mm&r=g","caption":"Beatriz Camino Rodr\u00edguez"},"url":"https:\/\/www.jesusvico.com\/blog\/author\/beatriz\/"}]}},"_links":{"self":[{"href":"https:\/\/www.jesusvico.com\/blog\/wp-json\/wp\/v2\/posts\/673","targetHints":{"allow":["GET"]}}],"collection":[{"href":"https:\/\/www.jesusvico.com\/blog\/wp-json\/wp\/v2\/posts"}],"about":[{"href":"https:\/\/www.jesusvico.com\/blog\/wp-json\/wp\/v2\/types\/post"}],"author":[{"embeddable":true,"href":"https:\/\/www.jesusvico.com\/blog\/wp-json\/wp\/v2\/users\/5"}],"replies":[{"embeddable":true,"href":"https:\/\/www.jesusvico.com\/blog\/wp-json\/wp\/v2\/comments?post=673"}],"version-history":[{"count":7,"href":"https:\/\/www.jesusvico.com\/blog\/wp-json\/wp\/v2\/posts\/673\/revisions"}],"predecessor-version":[{"id":692,"href":"https:\/\/www.jesusvico.com\/blog\/wp-json\/wp\/v2\/posts\/673\/revisions\/692"}],"wp:featuredmedia":[{"embeddable":true,"href":"https:\/\/www.jesusvico.com\/blog\/wp-json\/wp\/v2\/media\/681"}],"wp:attachment":[{"href":"https:\/\/www.jesusvico.com\/blog\/wp-json\/wp\/v2\/media?parent=673"}],"wp:term":[{"taxonomy":"category","embeddable":true,"href":"https:\/\/www.jesusvico.com\/blog\/wp-json\/wp\/v2\/categories?post=673"},{"taxonomy":"post_tag","embeddable":true,"href":"https:\/\/www.jesusvico.com\/blog\/wp-json\/wp\/v2\/tags?post=673"}],"curies":[{"name":"wp","href":"https:\/\/api.w.org\/{rel}","templated":true}]}}