{"id":700,"date":"2024-01-15T18:14:50","date_gmt":"2024-01-15T18:14:50","guid":{"rendered":"https:\/\/www.jesusvico.com\/blog\/?p=700"},"modified":"2024-03-20T09:08:14","modified_gmt":"2024-03-20T09:08:14","slug":"el-tratado-de-madrid-de-1526","status":"publish","type":"post","link":"https:\/\/www.jesusvico.com\/blog\/el-tratado-de-madrid-de-1526\/","title":{"rendered":"El Tratado de Madrid de 1526"},"content":{"rendered":"\n[et_pb_section fb_built=\u00bb1&#8243; theme_builder_area=\u00bbpost_content\u00bb _builder_version=\u00bb4.14.8&#8243; _module_preset=\u00bbdefault\u00bb][et_pb_row _builder_version=\u00bb4.14.8&#8243; _module_preset=\u00bbdefault\u00bb theme_builder_area=\u00bbpost_content\u00bb][et_pb_column _builder_version=\u00bb4.14.8&#8243; _module_preset=\u00bbdefault\u00bb type=\u00bb4_4&#8243; theme_builder_area=\u00bbpost_content\u00bb][et_pb_text _builder_version=\u00bb4.14.8&#8243; _module_preset=\u00bbdefault\u00bb theme_builder_area=\u00bbpost_content\u00bb hover_enabled=\u00bb0&#8243; sticky_enabled=\u00bb0&#8243;]<p>El Tratado de Madrid fue firmado por el emperador del Sacro Imperio Romano Germ\u00e1nico Carlos V y Francisco I, rey de Francia, que hab\u00eda sido hecho prisionero durante la batalla de Pav\u00eda en febrero de 1525. El acuerdo inclu\u00eda la renuncia de Francia a sus pretensiones en Italia, la entrega de Borgo\u00f1a a Carlos y la renuncia a la soberan\u00eda sobre Flandes y Artois.<\/p>\n<h2><strong>Antecedentes: Las guerras de Italia (1521-1526)<\/strong><\/h2>\n<p>Los or\u00edgenes del tratado se remontan a las Guerras Italianas de 1521-1526, una serie de conflictos que formaron parte de las Guerras Italianas (1494-1559). \u00c9stas marcaron la lucha continua entre Francia y Espa\u00f1a por la supremac\u00eda sobre la Pen\u00ednsula It\u00e1lica. El conflicto tuvo su origen en la elecci\u00f3n de Carlos I de Espa\u00f1a como emperador del Sacro Imperio Romano Germ\u00e1nico tras la muerte del emperador Maximiliano I en 1519. Este cambio de poder supon\u00eda una amenaza directa para Francia, que se encontraba rodeada por el norte, el este y el sur por los territorios de los Habsburgo. En 1521, despu\u00e9s de que Inglaterra intentara sin \u00e9xito mediar en el conflicto, Francia se prepar\u00f3 para entrar en guerra. Se lanzaron dos grandes ofensivas contra los territorios de los Habsburgo: un intento de recuperar Navarra y un ataque al r\u00edo Musa para hacerse con el control de los Pa\u00edses Bajos de los Habsburgo. Sin embargo, ambos intentos fracasan.<\/p>\n<p>Durante este periodo, Carlos V form\u00f3 alianzas con el rey Enrique VIII de Inglaterra y el papa Le\u00f3n X. En consecuencia, Francia se encontr\u00f3 con el apoyo \u00fanicamente de la Rep\u00fablica de Venecia, alianza que se disolvi\u00f3 cuando Venecia hizo las paces por separado tras la derrota y expulsi\u00f3n francesa de Lombard\u00eda en la batalla de Bicocca en 1522.<\/p>\n<p>En 1523, Inglaterra invadi\u00f3 Francia, lo que llev\u00f3 a Francisco I a recaudar fondos para la guerra mediante un pleito contra el duque Carlos de Borb\u00f3n. Enfurecido por esta acci\u00f3n, el duque traicion\u00f3 a Francia, aline\u00e1ndose con el ej\u00e9rcito imperial. En 1524, tras el fallido intento de Francisco I de invadir Italia, Borb\u00f3n invadi\u00f3 Provenza, adoptando posteriormente el t\u00edtulo de Conde de Provenza. El punto de inflexi\u00f3n en el conflicto se produjo en 1525 con la batalla de Pav\u00eda, donde el ej\u00e9rcito franc\u00e9s fue derrotado y Francisco I fue llevado prisionero a Madrid.<\/p>\n<h2><strong>El Tratado de Madrid<\/strong><\/h2>\n<p>Durante el cautiverio de Francisco, Carlos presion\u00f3 no s\u00f3lo para la entrega de Lombard\u00eda, sino tambi\u00e9n de Borgo\u00f1a y Provenza, lo que llev\u00f3 al rey franc\u00e9s a argumentar que la ley francesa le imped\u00eda renunciar a cualquier tierra en manos de la corona sin la aprobaci\u00f3n del Parlamento, una concesi\u00f3n que no se produjo. En los albores de 1526, Carlos se enfrent\u00f3 tambi\u00e9n a las exigencias de Venecia y del Papa para que restituyera a Francisco II Sforza en el trono del ducado de Mil\u00e1n. Sintiendo la urgencia de arreglar las cosas con los franceses antes de que estallara otra guerra, Carlos se sinti\u00f3 motivado para llegar a un acuerdo.<\/p>\n<p>En este contexto, Francisco, que hab\u00eda abogado sin \u00e9xito por conservar Borgo\u00f1a, estaba ahora dispuesto a renunciar a ella para conseguir su liberaci\u00f3n. Esta voluntad prepar\u00f3 el terreno para el Tratado de Madrid, que se firm\u00f3 el 14 de enero de 1526. Los t\u00e9rminos eran favorables a Carlos V, que acept\u00f3 liberar a Francisco tras la conclusi\u00f3n del tratado.<\/p>\n<p>En virtud de las disposiciones del tratado, Francia renunci\u00f3 a sus derechos sobre Mil\u00e1n, G\u00e9nova, Borgo\u00f1a, N\u00e1poles, Artois, Tournai y Flandes en favor del emperador Carlos. Adem\u00e1s, Francisco I se comprometi\u00f3 a casarse con la hermana de Carlos, Leonor, y a enviar a dos de sus hijos a Espa\u00f1a como garant\u00edas del cumplimiento del tratado. Por \u00faltimo, acept\u00f3 persuadir a Enrique II de Navarra para que renunciara al trono de Navarra en favor de Carlos.<\/p>\n<h2><strong>Consecuencias<\/strong><\/h2>\n<p>El 6 de marzo, Francisco fue liberado de su cautiverio, y poco despu\u00e9s, el 17 de marzo, cruz\u00f3 el Bidasoa hacia Francia. Durante este periodo, el rey de Francia tambi\u00e9n consigui\u00f3 la paz con Inglaterra mediante el Tratado de Hampton Court. Firmado en agosto de 1526, este tratado estipulaba que Francia e Inglaterra no formar\u00edan independientemente una alianza con el Imperio.<\/p>\n<p>Mientras tanto, Clemente VII, el Papa, recelaba de la creciente influencia del Emperador en Italia, por lo que enviados venecianos y papales propusieron a Francisco una alianza contra Carlos. Sin embargo, Francisco nunca tuvo intenci\u00f3n de adherirse a las restantes disposiciones del Tratado de Madrid. El 10 de mayo de 1526, el consejo real decidi\u00f3 romper el tratado, afirmando que el rey no estaba obligado por \u00e9l debido a haber estado prisionero bajo coacci\u00f3n durante las negociaciones.<\/p>\n<p>En junio de 1526, Francisco, junto con el Papa y las ciudades del norte de Italia de Mil\u00e1n, Venecia, Florencia y G\u00e9nova, inici\u00f3 la Guerra de la Liga de Cognac en Angulema. El objetivo era recuperar el territorio perdido a manos del Imperio. Sin embargo, Enrique, designado como \u00abprotector\u00bb de la Liga, no particip\u00f3 formalmente en el conflicto.<\/p>\n<p>A lo largo de las posteriores Guerras de Italia, tanto Francisco como su sucesor, Enrique II, reivindicaron insistentemente Mil\u00e1n. Estas reivindicaciones perduraron hasta la Paz de Cateau-Cambr\u00e9sis en 1559. Sin embargo, Francia no logr\u00f3 recuperar ninguna de sus antiguas posesiones en Lombard\u00eda. Los t\u00e9rminos de la Paz que puso fin a las Guerras Italianas concedieron a Espa\u00f1a el control sobre Mil\u00e1n, N\u00e1poles, Sicilia, Cerde\u00f1a, Saboya y Piamonte.<\/p>\n<p>Autora: Beatriz Camino Rodr\u00edguez<\/p>[\/et_pb_text][\/et_pb_column][\/et_pb_row][\/et_pb_section]\n","protected":false},"excerpt":{"rendered":"<p>El Tratado de Madrid fue firmado por el emperador del Sacro Imperio Romano Germ\u00e1nico Carlos V y Francisco I, rey de Francia, que hab\u00eda sido hecho prisionero durante la batalla de Pav\u00eda en febrero de 1525. El acuerdo inclu\u00eda la renuncia de Francia a sus pretensiones en Italia, la entrega de Borgo\u00f1a a Carlos y [&hellip;]<\/p>\n","protected":false},"author":5,"featured_media":703,"comment_status":"closed","ping_status":"open","sticky":false,"template":"","format":"standard","meta":{"_et_pb_use_builder":"on","_et_pb_old_content":"","_et_gb_content_width":"","footnotes":""},"categories":[1],"tags":[],"class_list":["post-700","post","type-post","status-publish","format-standard","has-post-thumbnail","hentry","category-sin-categoria"],"yoast_head":"<!-- This site is optimized with the Yoast SEO Premium plugin v19.3 (Yoast SEO v24.2) - https:\/\/yoast.com\/wordpress\/plugins\/seo\/ -->\n<title>El Tratado de Madrid de 1526 | Jes\u00fas Vico<\/title>\n<meta name=\"robots\" content=\"index, follow, max-snippet:-1, max-image-preview:large, max-video-preview:-1\" \/>\n<link rel=\"canonical\" href=\"https:\/\/www.jesusvico.com\/blog\/el-tratado-de-madrid-de-1526\/\" \/>\n<meta property=\"og:locale\" content=\"es_ES\" \/>\n<meta property=\"og:type\" content=\"article\" \/>\n<meta property=\"og:title\" content=\"El Tratado de Madrid de 1526\" \/>\n<meta property=\"og:description\" content=\"El Tratado de Madrid fue firmado por el emperador del Sacro Imperio Romano Germ\u00e1nico Carlos V y Francisco I, rey de Francia, que hab\u00eda sido hecho prisionero durante la batalla de Pav\u00eda en febrero de 1525. El acuerdo inclu\u00eda la renuncia de Francia a sus pretensiones en Italia, la entrega de Borgo\u00f1a a Carlos y [&hellip;]\" \/>\n<meta property=\"og:url\" content=\"https:\/\/www.jesusvico.com\/blog\/el-tratado-de-madrid-de-1526\/\" \/>\n<meta property=\"og:site_name\" content=\"Jes\u00fas Vico\" \/>\n<meta property=\"article:publisher\" content=\"https:\/\/www.facebook.com\/JesusVicoNumismatica\" \/>\n<meta property=\"article:published_time\" content=\"2024-01-15T18:14:50+00:00\" \/>\n<meta property=\"article:modified_time\" content=\"2024-03-20T09:08:14+00:00\" \/>\n<meta property=\"og:image\" content=\"https:\/\/www.jesusvico.com\/blog\/wp-content\/uploads\/2024\/01\/banner3-3-1080x675-2-1.jpg\" \/>\n\t<meta property=\"og:image:width\" content=\"1080\" \/>\n\t<meta property=\"og:image:height\" content=\"675\" \/>\n\t<meta property=\"og:image:type\" content=\"image\/jpeg\" \/>\n<meta name=\"author\" content=\"Beatriz Camino Rodr\u00edguez\" \/>\n<meta name=\"twitter:card\" content=\"summary_large_image\" \/>\n<meta name=\"twitter:label1\" content=\"Escrito por\" \/>\n\t<meta name=\"twitter:data1\" content=\"Beatriz Camino Rodr\u00edguez\" \/>\n\t<meta name=\"twitter:label2\" content=\"Tiempo de lectura\" \/>\n\t<meta name=\"twitter:data2\" content=\"5 minutos\" \/>\n<script type=\"application\/ld+json\" class=\"yoast-schema-graph\">{\"@context\":\"https:\/\/schema.org\",\"@graph\":[{\"@type\":\"Article\",\"@id\":\"https:\/\/www.jesusvico.com\/blog\/el-tratado-de-madrid-de-1526\/#article\",\"isPartOf\":{\"@id\":\"https:\/\/www.jesusvico.com\/blog\/el-tratado-de-madrid-de-1526\/\"},\"author\":{\"name\":\"Beatriz Camino Rodr\u00edguez\",\"@id\":\"https:\/\/www.jesusvico.com\/blog\/#\/schema\/person\/387cca63b8a523b97f8417ba2ea4898d\"},\"headline\":\"El Tratado de Madrid de 1526\",\"datePublished\":\"2024-01-15T18:14:50+00:00\",\"dateModified\":\"2024-03-20T09:08:14+00:00\",\"mainEntityOfPage\":{\"@id\":\"https:\/\/www.jesusvico.com\/blog\/el-tratado-de-madrid-de-1526\/\"},\"wordCount\":1023,\"publisher\":{\"@id\":\"https:\/\/www.jesusvico.com\/blog\/#organization\"},\"image\":{\"@id\":\"https:\/\/www.jesusvico.com\/blog\/el-tratado-de-madrid-de-1526\/#primaryimage\"},\"thumbnailUrl\":\"https:\/\/www.jesusvico.com\/blog\/wp-content\/uploads\/2024\/01\/banner3-3-1080x675-2-1.jpg\",\"articleSection\":[\".\"],\"inLanguage\":\"es\"},{\"@type\":\"WebPage\",\"@id\":\"https:\/\/www.jesusvico.com\/blog\/el-tratado-de-madrid-de-1526\/\",\"url\":\"https:\/\/www.jesusvico.com\/blog\/el-tratado-de-madrid-de-1526\/\",\"name\":\"El Tratado de Madrid de 1526 | Jes\u00fas Vico\",\"isPartOf\":{\"@id\":\"https:\/\/www.jesusvico.com\/blog\/#website\"},\"primaryImageOfPage\":{\"@id\":\"https:\/\/www.jesusvico.com\/blog\/el-tratado-de-madrid-de-1526\/#primaryimage\"},\"image\":{\"@id\":\"https:\/\/www.jesusvico.com\/blog\/el-tratado-de-madrid-de-1526\/#primaryimage\"},\"thumbnailUrl\":\"https:\/\/www.jesusvico.com\/blog\/wp-content\/uploads\/2024\/01\/banner3-3-1080x675-2-1.jpg\",\"datePublished\":\"2024-01-15T18:14:50+00:00\",\"dateModified\":\"2024-03-20T09:08:14+00:00\",\"breadcrumb\":{\"@id\":\"https:\/\/www.jesusvico.com\/blog\/el-tratado-de-madrid-de-1526\/#breadcrumb\"},\"inLanguage\":\"es\",\"potentialAction\":[{\"@type\":\"ReadAction\",\"target\":[\"https:\/\/www.jesusvico.com\/blog\/el-tratado-de-madrid-de-1526\/\"]}]},{\"@type\":\"ImageObject\",\"inLanguage\":\"es\",\"@id\":\"https:\/\/www.jesusvico.com\/blog\/el-tratado-de-madrid-de-1526\/#primaryimage\",\"url\":\"https:\/\/www.jesusvico.com\/blog\/wp-content\/uploads\/2024\/01\/banner3-3-1080x675-2-1.jpg\",\"contentUrl\":\"https:\/\/www.jesusvico.com\/blog\/wp-content\/uploads\/2024\/01\/banner3-3-1080x675-2-1.jpg\",\"width\":1080,\"height\":675},{\"@type\":\"BreadcrumbList\",\"@id\":\"https:\/\/www.jesusvico.com\/blog\/el-tratado-de-madrid-de-1526\/#breadcrumb\",\"itemListElement\":[{\"@type\":\"ListItem\",\"position\":1,\"name\":\"Portada\",\"item\":\"https:\/\/www.jesusvico.com\/blog\/\"},{\"@type\":\"ListItem\",\"position\":2,\"name\":\"El Tratado de Madrid de 1526\"}]},{\"@type\":\"WebSite\",\"@id\":\"https:\/\/www.jesusvico.com\/blog\/#website\",\"url\":\"https:\/\/www.jesusvico.com\/blog\/\",\"name\":\"Jes\u00fas Vico\",\"description\":\"Blog - Jes\u00fas Vico\",\"publisher\":{\"@id\":\"https:\/\/www.jesusvico.com\/blog\/#organization\"},\"potentialAction\":[{\"@type\":\"SearchAction\",\"target\":{\"@type\":\"EntryPoint\",\"urlTemplate\":\"https:\/\/www.jesusvico.com\/blog\/?s={search_term_string}\"},\"query-input\":{\"@type\":\"PropertyValueSpecification\",\"valueRequired\":true,\"valueName\":\"search_term_string\"}}],\"inLanguage\":\"es\"},{\"@type\":\"Organization\",\"@id\":\"https:\/\/www.jesusvico.com\/blog\/#organization\",\"name\":\"Jes\u00fas Vico\",\"url\":\"https:\/\/www.jesusvico.com\/blog\/\",\"logo\":{\"@type\":\"ImageObject\",\"inLanguage\":\"es\",\"@id\":\"https:\/\/www.jesusvico.com\/blog\/#\/schema\/logo\/image\/\",\"url\":\"https:\/\/www.jesusvico.com\/blog\/wp-content\/uploads\/2022\/09\/Sin-ti\u0301tulo-1-1.png\",\"contentUrl\":\"https:\/\/www.jesusvico.com\/blog\/wp-content\/uploads\/2022\/09\/Sin-ti\u0301tulo-1-1.png\",\"width\":800,\"height\":200,\"caption\":\"Jes\u00fas Vico\"},\"image\":{\"@id\":\"https:\/\/www.jesusvico.com\/blog\/#\/schema\/logo\/image\/\"},\"sameAs\":[\"https:\/\/www.facebook.com\/JesusVicoNumismatica\",\"https:\/\/www.instagram.com\/jesusvico_numismatica\"]},{\"@type\":\"Person\",\"@id\":\"https:\/\/www.jesusvico.com\/blog\/#\/schema\/person\/387cca63b8a523b97f8417ba2ea4898d\",\"name\":\"Beatriz Camino Rodr\u00edguez\",\"image\":{\"@type\":\"ImageObject\",\"inLanguage\":\"es\",\"@id\":\"https:\/\/www.jesusvico.com\/blog\/#\/schema\/person\/image\/\",\"url\":\"https:\/\/secure.gravatar.com\/avatar\/209f7097263408e99625109131235b0ad575b41781a227cf958390d2adc61dbb?s=96&d=mm&r=g\",\"contentUrl\":\"https:\/\/secure.gravatar.com\/avatar\/209f7097263408e99625109131235b0ad575b41781a227cf958390d2adc61dbb?s=96&d=mm&r=g\",\"caption\":\"Beatriz Camino Rodr\u00edguez\"},\"url\":\"https:\/\/www.jesusvico.com\/blog\/author\/beatriz\/\"}]}<\/script>\n<!-- \/ Yoast SEO Premium plugin. -->","yoast_head_json":{"title":"El Tratado de Madrid de 1526 | Jes\u00fas Vico","robots":{"index":"index","follow":"follow","max-snippet":"max-snippet:-1","max-image-preview":"max-image-preview:large","max-video-preview":"max-video-preview:-1"},"canonical":"https:\/\/www.jesusvico.com\/blog\/el-tratado-de-madrid-de-1526\/","og_locale":"es_ES","og_type":"article","og_title":"El Tratado de Madrid de 1526","og_description":"El Tratado de Madrid fue firmado por el emperador del Sacro Imperio Romano Germ\u00e1nico Carlos V y Francisco I, rey de Francia, que hab\u00eda sido hecho prisionero durante la batalla de Pav\u00eda en febrero de 1525. El acuerdo inclu\u00eda la renuncia de Francia a sus pretensiones en Italia, la entrega de Borgo\u00f1a a Carlos y [&hellip;]","og_url":"https:\/\/www.jesusvico.com\/blog\/el-tratado-de-madrid-de-1526\/","og_site_name":"Jes\u00fas Vico","article_publisher":"https:\/\/www.facebook.com\/JesusVicoNumismatica","article_published_time":"2024-01-15T18:14:50+00:00","article_modified_time":"2024-03-20T09:08:14+00:00","og_image":[{"width":1080,"height":675,"url":"https:\/\/www.jesusvico.com\/blog\/wp-content\/uploads\/2024\/01\/banner3-3-1080x675-2-1.jpg","type":"image\/jpeg"}],"author":"Beatriz Camino Rodr\u00edguez","twitter_card":"summary_large_image","twitter_misc":{"Escrito por":"Beatriz Camino Rodr\u00edguez","Tiempo de lectura":"5 minutos"},"schema":{"@context":"https:\/\/schema.org","@graph":[{"@type":"Article","@id":"https:\/\/www.jesusvico.com\/blog\/el-tratado-de-madrid-de-1526\/#article","isPartOf":{"@id":"https:\/\/www.jesusvico.com\/blog\/el-tratado-de-madrid-de-1526\/"},"author":{"name":"Beatriz Camino Rodr\u00edguez","@id":"https:\/\/www.jesusvico.com\/blog\/#\/schema\/person\/387cca63b8a523b97f8417ba2ea4898d"},"headline":"El Tratado de Madrid de 1526","datePublished":"2024-01-15T18:14:50+00:00","dateModified":"2024-03-20T09:08:14+00:00","mainEntityOfPage":{"@id":"https:\/\/www.jesusvico.com\/blog\/el-tratado-de-madrid-de-1526\/"},"wordCount":1023,"publisher":{"@id":"https:\/\/www.jesusvico.com\/blog\/#organization"},"image":{"@id":"https:\/\/www.jesusvico.com\/blog\/el-tratado-de-madrid-de-1526\/#primaryimage"},"thumbnailUrl":"https:\/\/www.jesusvico.com\/blog\/wp-content\/uploads\/2024\/01\/banner3-3-1080x675-2-1.jpg","articleSection":["."],"inLanguage":"es"},{"@type":"WebPage","@id":"https:\/\/www.jesusvico.com\/blog\/el-tratado-de-madrid-de-1526\/","url":"https:\/\/www.jesusvico.com\/blog\/el-tratado-de-madrid-de-1526\/","name":"El Tratado de Madrid de 1526 | Jes\u00fas Vico","isPartOf":{"@id":"https:\/\/www.jesusvico.com\/blog\/#website"},"primaryImageOfPage":{"@id":"https:\/\/www.jesusvico.com\/blog\/el-tratado-de-madrid-de-1526\/#primaryimage"},"image":{"@id":"https:\/\/www.jesusvico.com\/blog\/el-tratado-de-madrid-de-1526\/#primaryimage"},"thumbnailUrl":"https:\/\/www.jesusvico.com\/blog\/wp-content\/uploads\/2024\/01\/banner3-3-1080x675-2-1.jpg","datePublished":"2024-01-15T18:14:50+00:00","dateModified":"2024-03-20T09:08:14+00:00","breadcrumb":{"@id":"https:\/\/www.jesusvico.com\/blog\/el-tratado-de-madrid-de-1526\/#breadcrumb"},"inLanguage":"es","potentialAction":[{"@type":"ReadAction","target":["https:\/\/www.jesusvico.com\/blog\/el-tratado-de-madrid-de-1526\/"]}]},{"@type":"ImageObject","inLanguage":"es","@id":"https:\/\/www.jesusvico.com\/blog\/el-tratado-de-madrid-de-1526\/#primaryimage","url":"https:\/\/www.jesusvico.com\/blog\/wp-content\/uploads\/2024\/01\/banner3-3-1080x675-2-1.jpg","contentUrl":"https:\/\/www.jesusvico.com\/blog\/wp-content\/uploads\/2024\/01\/banner3-3-1080x675-2-1.jpg","width":1080,"height":675},{"@type":"BreadcrumbList","@id":"https:\/\/www.jesusvico.com\/blog\/el-tratado-de-madrid-de-1526\/#breadcrumb","itemListElement":[{"@type":"ListItem","position":1,"name":"Portada","item":"https:\/\/www.jesusvico.com\/blog\/"},{"@type":"ListItem","position":2,"name":"El Tratado de Madrid de 1526"}]},{"@type":"WebSite","@id":"https:\/\/www.jesusvico.com\/blog\/#website","url":"https:\/\/www.jesusvico.com\/blog\/","name":"Jes\u00fas Vico","description":"Blog - Jes\u00fas Vico","publisher":{"@id":"https:\/\/www.jesusvico.com\/blog\/#organization"},"potentialAction":[{"@type":"SearchAction","target":{"@type":"EntryPoint","urlTemplate":"https:\/\/www.jesusvico.com\/blog\/?s={search_term_string}"},"query-input":{"@type":"PropertyValueSpecification","valueRequired":true,"valueName":"search_term_string"}}],"inLanguage":"es"},{"@type":"Organization","@id":"https:\/\/www.jesusvico.com\/blog\/#organization","name":"Jes\u00fas Vico","url":"https:\/\/www.jesusvico.com\/blog\/","logo":{"@type":"ImageObject","inLanguage":"es","@id":"https:\/\/www.jesusvico.com\/blog\/#\/schema\/logo\/image\/","url":"https:\/\/www.jesusvico.com\/blog\/wp-content\/uploads\/2022\/09\/Sin-ti\u0301tulo-1-1.png","contentUrl":"https:\/\/www.jesusvico.com\/blog\/wp-content\/uploads\/2022\/09\/Sin-ti\u0301tulo-1-1.png","width":800,"height":200,"caption":"Jes\u00fas Vico"},"image":{"@id":"https:\/\/www.jesusvico.com\/blog\/#\/schema\/logo\/image\/"},"sameAs":["https:\/\/www.facebook.com\/JesusVicoNumismatica","https:\/\/www.instagram.com\/jesusvico_numismatica"]},{"@type":"Person","@id":"https:\/\/www.jesusvico.com\/blog\/#\/schema\/person\/387cca63b8a523b97f8417ba2ea4898d","name":"Beatriz Camino Rodr\u00edguez","image":{"@type":"ImageObject","inLanguage":"es","@id":"https:\/\/www.jesusvico.com\/blog\/#\/schema\/person\/image\/","url":"https:\/\/secure.gravatar.com\/avatar\/209f7097263408e99625109131235b0ad575b41781a227cf958390d2adc61dbb?s=96&d=mm&r=g","contentUrl":"https:\/\/secure.gravatar.com\/avatar\/209f7097263408e99625109131235b0ad575b41781a227cf958390d2adc61dbb?s=96&d=mm&r=g","caption":"Beatriz Camino Rodr\u00edguez"},"url":"https:\/\/www.jesusvico.com\/blog\/author\/beatriz\/"}]}},"_links":{"self":[{"href":"https:\/\/www.jesusvico.com\/blog\/wp-json\/wp\/v2\/posts\/700","targetHints":{"allow":["GET"]}}],"collection":[{"href":"https:\/\/www.jesusvico.com\/blog\/wp-json\/wp\/v2\/posts"}],"about":[{"href":"https:\/\/www.jesusvico.com\/blog\/wp-json\/wp\/v2\/types\/post"}],"author":[{"embeddable":true,"href":"https:\/\/www.jesusvico.com\/blog\/wp-json\/wp\/v2\/users\/5"}],"replies":[{"embeddable":true,"href":"https:\/\/www.jesusvico.com\/blog\/wp-json\/wp\/v2\/comments?post=700"}],"version-history":[{"count":3,"href":"https:\/\/www.jesusvico.com\/blog\/wp-json\/wp\/v2\/posts\/700\/revisions"}],"predecessor-version":[{"id":704,"href":"https:\/\/www.jesusvico.com\/blog\/wp-json\/wp\/v2\/posts\/700\/revisions\/704"}],"wp:featuredmedia":[{"embeddable":true,"href":"https:\/\/www.jesusvico.com\/blog\/wp-json\/wp\/v2\/media\/703"}],"wp:attachment":[{"href":"https:\/\/www.jesusvico.com\/blog\/wp-json\/wp\/v2\/media?parent=700"}],"wp:term":[{"taxonomy":"category","embeddable":true,"href":"https:\/\/www.jesusvico.com\/blog\/wp-json\/wp\/v2\/categories?post=700"},{"taxonomy":"post_tag","embeddable":true,"href":"https:\/\/www.jesusvico.com\/blog\/wp-json\/wp\/v2\/tags?post=700"}],"curies":[{"name":"wp","href":"https:\/\/api.w.org\/{rel}","templated":true}]}}