{"id":706,"date":"2024-01-26T13:59:19","date_gmt":"2024-01-26T13:59:19","guid":{"rendered":"https:\/\/www.jesusvico.com\/blog\/?p=706"},"modified":"2024-03-13T09:14:09","modified_gmt":"2024-03-13T09:14:09","slug":"el-nacimiento-de-montesquieu","status":"publish","type":"post","link":"https:\/\/www.jesusvico.com\/blog\/el-nacimiento-de-montesquieu\/","title":{"rendered":"El nacimiento de Montesquieu"},"content":{"rendered":"\n[et_pb_section fb_built=\u00bb1&#8243; theme_builder_area=\u00bbpost_content\u00bb _builder_version=\u00bb4.14.8&#8243; _module_preset=\u00bbdefault\u00bb][et_pb_row _builder_version=\u00bb4.14.8&#8243; _module_preset=\u00bbdefault\u00bb theme_builder_area=\u00bbpost_content\u00bb][et_pb_column _builder_version=\u00bb4.14.8&#8243; _module_preset=\u00bbdefault\u00bb type=\u00bb4_4&#8243; theme_builder_area=\u00bbpost_content\u00bb][et_pb_text _builder_version=\u00bb4.14.8&#8243; _module_preset=\u00bbdefault\u00bb theme_builder_area=\u00bbpost_content\u00bb hover_enabled=\u00bb0&#8243; sticky_enabled=\u00bb0&#8243;]<h2><strong>El fil\u00f3sofo franc\u00e9s Montesquieu naci\u00f3 el 18 de enero de 1689.<\/strong><\/h2>\n<p>Montesquieu (1689-1757) fue un fil\u00f3sofo franc\u00e9s que desempe\u00f1\u00f3 un papel fundamental en el inicio del movimiento de la Ilustraci\u00f3n en Europa con sus influyentes obras. Sus conceptos sobre la separaci\u00f3n de poderes tuvieron un profundo impacto en los estudiosos de la Ilustraci\u00f3n y dejaron una huella duradera en las 13 colonias que acabaron formando los Estados Unidos de Am\u00e9rica.<\/p>\n<h2><strong>Vida temprana<\/strong><\/h2>\n<p>Charles-Louis de Secondat, bar\u00f3n de la Br\u00e8de, hoy conocido com\u00fanmente como Montesquieu, naci\u00f3 en el seno de una familia aristocr\u00e1tica cerca de Burdeos, Francia, el 18 de enero de 1689. Educado inicialmente por los Oratorianos en el Coll\u00e9ge de Juilly, curs\u00f3 estudios jur\u00eddicos en la Universidad de Burdeos. Al t\u00e9rmino de sus estudios, en 1708, emprendi\u00f3 la carrera jur\u00eddica, ejerciendo en el Parlamento de Burdeos y llegando a ser juez en 1714. Dos a\u00f1os m\u00e1s tarde, adquiere la baron\u00eda de Montesquieu y el cargo de Presidente de Mortier en el Parlamento de Burdeos. Sin embargo, en 1725, a la edad de 36 a\u00f1os, opt\u00f3 por retirarse de su carrera jur\u00eddica, vendiendo el t\u00edtulo heredado.<\/p>\n<p>En 1721 public\u00f3 su influyente obra \u00abLettres Persanes\u00bb (Cartas Persas), que marc\u00f3 el inicio de las aportaciones de Montesquieu al pensamiento de la Ilustraci\u00f3n. Publicada an\u00f3nimamente en los Pa\u00edses Bajos, la obra criticaba sutilmente el car\u00e1cter autoritario de los monarcas absolutos y propon\u00eda que la raz\u00f3n, y no la fe, rigiera la conducta moral. El fil\u00f3sofo abog\u00f3 por la tolerancia religiosa, haciendo hincapi\u00e9 en la importancia de observar las normas sociales y los deberes humanitarios. El libro se convirti\u00f3 en un \u00e9xito de ventas, experimentando m\u00faltiples reimpresiones en nuevas ediciones.<\/p>\n<h2><strong>Reputaci\u00f3n como intelectual<\/strong><\/h2>\n<p>Durante la d\u00e9cada de 1720, Montesquieu asist\u00eda con frecuencia a los famosos salones de Madame Lambert y Madame Tencin en Par\u00eds, donde las personas adineradas o de gran capacidad intelectual participaban en debates, se enteraban de los \u00faltimos avances intelectuales e intercambiaban ideas. Montesquieu se dedic\u00f3 inicialmente a la historia natural y a la f\u00edsica, pero sus intereses acad\u00e9micos evolucionaron hacia la filosof\u00eda pol\u00edtica. Su reputaci\u00f3n intelectual se consolid\u00f3 en 1727, cuando fue elegido miembro de la prestigiosa Academia Francesa.<\/p>\n<p>Entre 1728 y 1731, Montesquieu viaj\u00f3 a Alemania, Austria, Italia, los Pa\u00edses Bajos e Inglaterra. Establecido en 1731, se centr\u00f3 en conceptualizar el sistema pol\u00edtico ideal, profundizando en el estudio de los sistemas pol\u00edticos hist\u00f3ricos. Sus reflexiones sobre la antigua Roma dieron lugar a la publicaci\u00f3n de \u00abConsid\u00e9rations sur les causes de la grandeur des Romains et de leur d\u00e9cadence\u00bb (Consideraciones sobre las causas de la grandeza y la decadencia de los romanos) en 1734.<\/p>\n<p>La culminaci\u00f3n de las ideas pol\u00edticas de Montesquieu surgi\u00f3 en \u00abDe L&#8217;Esprit des lois\u00bb (El esp\u00edritu de las leyes), publicado en 1748 en Suiza. En este libro fund\u00f3 la ciencia pol\u00edtica y se erigi\u00f3 en figura clave de la Ilustraci\u00f3n. Inspirado por la Revoluci\u00f3n Cient\u00edfica, busc\u00f3 principios universales, aplicando la raz\u00f3n y la \u00abciencia\u00bb para desarrollar un sistema pol\u00edtico ideal. Un tema central fue la separaci\u00f3n de poderes, subrayando la importancia de evitar la concentraci\u00f3n de poder en una sola rama para salvaguardar las libertades individuales.<\/p>\n<p>Las ideas de Montesquieu sobre la separaci\u00f3n de poderes reflejaban los tumultuosos tiempos que corr\u00edan en Francia. Centrado en la preservaci\u00f3n de la clase aristocr\u00e1tica, amenazada por una monarqu\u00eda autoritaria y una poblaci\u00f3n plebeya insumisa, abog\u00f3 por una colaboraci\u00f3n entre la monarqu\u00eda y la aristocracia y rechaz\u00f3 el cambio revolucionario, abogando por una cuidadosa manipulaci\u00f3n del sistema pol\u00edtico existente. A pesar de las cr\u00edticas de la Iglesia y los conservadores, la obra de Montesquieu fue aclamada por los pensadores ilustrados y alcanz\u00f3 una gran popularidad.<\/p>\n<p>Adem\u00e1s, los principios de Montesquieu sobre el car\u00e1cter indispensable de la libertad, la divisi\u00f3n de poderes, la preferencia de los gobiernos por permitir en lugar de dictar y la noci\u00f3n de las rep\u00fablicas unidas en una uni\u00f3n federal para lograr una fuerza colectiva influyeron significativamente en los l\u00edderes de las Trece Colonias de Norteam\u00e9rica. En este sentido, los colonos extrajeron y adoptaron pasajes clave de \u00abEl esp\u00edritu de las leyes\u00bb, sobre todo en relaci\u00f3n con el rey Jorge III de Gran Breta\u00f1a.<\/p>\n<h2><strong>Muerte y legado<\/strong><\/h2>\n<p>Montesquieu falleci\u00f3 en Par\u00eds el 10 de febrero de 1755. Seg\u00fan un jesuita irland\u00e9s, se convirti\u00f3 al catolicismo en su lecho de muerte, un cambio notable si se tiene en cuenta que en vida Montesquieu se identific\u00f3 como de\u00edsta.<\/p>\n<p>A pesar de sus opiniones pol\u00edticas relativamente moderadas, las obras del fil\u00f3sofo gozaron de gran popularidad durante el siglo XVIII. Sus ideas calaron entre los revolucionarios de Francia y Estados Unidos, y despertaron el inter\u00e9s de los gobernantes. Catalina la Grande, por ejemplo, incorpor\u00f3 muchos de los conceptos de Montesquieu de \u00abEl esp\u00edritu de las leyes\u00bb a un nuevo c\u00f3digo legislativo redactado por la Comisi\u00f3n Legislativa en 1767.<\/p>\n<p>El legado perdurable de Montesquieu reside en sus influyentes ideas sobre la separaci\u00f3n de poderes, que inspiran a quienes abogan por un gobierno m\u00e1s justo. Sus principios siguen dando forma a los sistemas pol\u00edticos contempor\u00e1neos que hacen hincapi\u00e9 en la limitaci\u00f3n del poder de uno de los poderes a trav\u00e9s de mecanismos como los parlamentos descentralizados. Montesquieu es una figura clave de la Ilustraci\u00f3n francesa, que forma parte esencial del cuarteto de fil\u00f3sofos junto a Voltaire, Rousseau y Diderot, y ha influido en los planes de estudios de filosof\u00eda pol\u00edtica de todo el mundo.<\/p>\n<p>Autora: Beatriz Camino Rodr\u00edguez<\/p>[\/et_pb_text][\/et_pb_column][\/et_pb_row][\/et_pb_section]\n","protected":false},"excerpt":{"rendered":"<p>El fil\u00f3sofo franc\u00e9s Montesquieu naci\u00f3 el 18 de enero de 1689. Montesquieu (1689-1757) fue un fil\u00f3sofo franc\u00e9s que desempe\u00f1\u00f3 un papel fundamental en el inicio del movimiento de la Ilustraci\u00f3n en Europa con sus influyentes obras. Sus conceptos sobre la separaci\u00f3n de poderes tuvieron un profundo impacto en los estudiosos de la Ilustraci\u00f3n y dejaron [&hellip;]<\/p>\n","protected":false},"author":5,"featured_media":707,"comment_status":"closed","ping_status":"open","sticky":false,"template":"","format":"standard","meta":{"_et_pb_use_builder":"on","_et_pb_old_content":"","_et_gb_content_width":"","footnotes":""},"categories":[1],"tags":[],"class_list":["post-706","post","type-post","status-publish","format-standard","has-post-thumbnail","hentry","category-sin-categoria"],"yoast_head":"<!-- This site is optimized with the Yoast SEO Premium plugin v19.3 (Yoast SEO v24.2) - https:\/\/yoast.com\/wordpress\/plugins\/seo\/ -->\n<title>El nacimiento de Montesquieu | Jes\u00fas Vico<\/title>\n<meta name=\"robots\" content=\"index, follow, max-snippet:-1, max-image-preview:large, max-video-preview:-1\" \/>\n<link rel=\"canonical\" href=\"https:\/\/www.jesusvico.com\/blog\/el-nacimiento-de-montesquieu\/\" \/>\n<meta property=\"og:locale\" content=\"es_ES\" \/>\n<meta property=\"og:type\" content=\"article\" \/>\n<meta property=\"og:title\" content=\"El nacimiento de Montesquieu\" \/>\n<meta property=\"og:description\" content=\"El fil\u00f3sofo franc\u00e9s Montesquieu naci\u00f3 el 18 de enero de 1689. Montesquieu (1689-1757) fue un fil\u00f3sofo franc\u00e9s que desempe\u00f1\u00f3 un papel fundamental en el inicio del movimiento de la Ilustraci\u00f3n en Europa con sus influyentes obras. Sus conceptos sobre la separaci\u00f3n de poderes tuvieron un profundo impacto en los estudiosos de la Ilustraci\u00f3n y dejaron [&hellip;]\" \/>\n<meta property=\"og:url\" content=\"https:\/\/www.jesusvico.com\/blog\/el-nacimiento-de-montesquieu\/\" \/>\n<meta property=\"og:site_name\" content=\"Jes\u00fas Vico\" \/>\n<meta property=\"article:publisher\" content=\"https:\/\/www.facebook.com\/JesusVicoNumismatica\" \/>\n<meta property=\"article:published_time\" content=\"2024-01-26T13:59:19+00:00\" \/>\n<meta property=\"article:modified_time\" content=\"2024-03-13T09:14:09+00:00\" \/>\n<meta property=\"og:image\" content=\"https:\/\/www.jesusvico.com\/blog\/wp-content\/uploads\/2024\/01\/banner3-3-1080x675-2-2.jpg\" \/>\n\t<meta property=\"og:image:width\" content=\"1080\" \/>\n\t<meta property=\"og:image:height\" content=\"675\" \/>\n\t<meta property=\"og:image:type\" content=\"image\/jpeg\" \/>\n<meta name=\"author\" content=\"Beatriz Camino Rodr\u00edguez\" \/>\n<meta name=\"twitter:card\" content=\"summary_large_image\" \/>\n<meta name=\"twitter:label1\" content=\"Escrito por\" \/>\n\t<meta name=\"twitter:data1\" content=\"Beatriz Camino Rodr\u00edguez\" \/>\n\t<meta name=\"twitter:label2\" content=\"Tiempo de lectura\" \/>\n\t<meta name=\"twitter:data2\" content=\"5 minutos\" \/>\n<script type=\"application\/ld+json\" class=\"yoast-schema-graph\">{\"@context\":\"https:\/\/schema.org\",\"@graph\":[{\"@type\":\"Article\",\"@id\":\"https:\/\/www.jesusvico.com\/blog\/el-nacimiento-de-montesquieu\/#article\",\"isPartOf\":{\"@id\":\"https:\/\/www.jesusvico.com\/blog\/el-nacimiento-de-montesquieu\/\"},\"author\":{\"name\":\"Beatriz Camino Rodr\u00edguez\",\"@id\":\"https:\/\/www.jesusvico.com\/blog\/#\/schema\/person\/387cca63b8a523b97f8417ba2ea4898d\"},\"headline\":\"El nacimiento de Montesquieu\",\"datePublished\":\"2024-01-26T13:59:19+00:00\",\"dateModified\":\"2024-03-13T09:14:09+00:00\",\"mainEntityOfPage\":{\"@id\":\"https:\/\/www.jesusvico.com\/blog\/el-nacimiento-de-montesquieu\/\"},\"wordCount\":1051,\"publisher\":{\"@id\":\"https:\/\/www.jesusvico.com\/blog\/#organization\"},\"image\":{\"@id\":\"https:\/\/www.jesusvico.com\/blog\/el-nacimiento-de-montesquieu\/#primaryimage\"},\"thumbnailUrl\":\"https:\/\/www.jesusvico.com\/blog\/wp-content\/uploads\/2024\/01\/banner3-3-1080x675-2-2.jpg\",\"articleSection\":[\".\"],\"inLanguage\":\"es\"},{\"@type\":\"WebPage\",\"@id\":\"https:\/\/www.jesusvico.com\/blog\/el-nacimiento-de-montesquieu\/\",\"url\":\"https:\/\/www.jesusvico.com\/blog\/el-nacimiento-de-montesquieu\/\",\"name\":\"El nacimiento de Montesquieu | Jes\u00fas Vico\",\"isPartOf\":{\"@id\":\"https:\/\/www.jesusvico.com\/blog\/#website\"},\"primaryImageOfPage\":{\"@id\":\"https:\/\/www.jesusvico.com\/blog\/el-nacimiento-de-montesquieu\/#primaryimage\"},\"image\":{\"@id\":\"https:\/\/www.jesusvico.com\/blog\/el-nacimiento-de-montesquieu\/#primaryimage\"},\"thumbnailUrl\":\"https:\/\/www.jesusvico.com\/blog\/wp-content\/uploads\/2024\/01\/banner3-3-1080x675-2-2.jpg\",\"datePublished\":\"2024-01-26T13:59:19+00:00\",\"dateModified\":\"2024-03-13T09:14:09+00:00\",\"breadcrumb\":{\"@id\":\"https:\/\/www.jesusvico.com\/blog\/el-nacimiento-de-montesquieu\/#breadcrumb\"},\"inLanguage\":\"es\",\"potentialAction\":[{\"@type\":\"ReadAction\",\"target\":[\"https:\/\/www.jesusvico.com\/blog\/el-nacimiento-de-montesquieu\/\"]}]},{\"@type\":\"ImageObject\",\"inLanguage\":\"es\",\"@id\":\"https:\/\/www.jesusvico.com\/blog\/el-nacimiento-de-montesquieu\/#primaryimage\",\"url\":\"https:\/\/www.jesusvico.com\/blog\/wp-content\/uploads\/2024\/01\/banner3-3-1080x675-2-2.jpg\",\"contentUrl\":\"https:\/\/www.jesusvico.com\/blog\/wp-content\/uploads\/2024\/01\/banner3-3-1080x675-2-2.jpg\",\"width\":1080,\"height\":675},{\"@type\":\"BreadcrumbList\",\"@id\":\"https:\/\/www.jesusvico.com\/blog\/el-nacimiento-de-montesquieu\/#breadcrumb\",\"itemListElement\":[{\"@type\":\"ListItem\",\"position\":1,\"name\":\"Portada\",\"item\":\"https:\/\/www.jesusvico.com\/blog\/\"},{\"@type\":\"ListItem\",\"position\":2,\"name\":\"El nacimiento de Montesquieu\"}]},{\"@type\":\"WebSite\",\"@id\":\"https:\/\/www.jesusvico.com\/blog\/#website\",\"url\":\"https:\/\/www.jesusvico.com\/blog\/\",\"name\":\"Jes\u00fas Vico\",\"description\":\"Blog - Jes\u00fas Vico\",\"publisher\":{\"@id\":\"https:\/\/www.jesusvico.com\/blog\/#organization\"},\"potentialAction\":[{\"@type\":\"SearchAction\",\"target\":{\"@type\":\"EntryPoint\",\"urlTemplate\":\"https:\/\/www.jesusvico.com\/blog\/?s={search_term_string}\"},\"query-input\":{\"@type\":\"PropertyValueSpecification\",\"valueRequired\":true,\"valueName\":\"search_term_string\"}}],\"inLanguage\":\"es\"},{\"@type\":\"Organization\",\"@id\":\"https:\/\/www.jesusvico.com\/blog\/#organization\",\"name\":\"Jes\u00fas Vico\",\"url\":\"https:\/\/www.jesusvico.com\/blog\/\",\"logo\":{\"@type\":\"ImageObject\",\"inLanguage\":\"es\",\"@id\":\"https:\/\/www.jesusvico.com\/blog\/#\/schema\/logo\/image\/\",\"url\":\"https:\/\/www.jesusvico.com\/blog\/wp-content\/uploads\/2022\/09\/Sin-ti\u0301tulo-1-1.png\",\"contentUrl\":\"https:\/\/www.jesusvico.com\/blog\/wp-content\/uploads\/2022\/09\/Sin-ti\u0301tulo-1-1.png\",\"width\":800,\"height\":200,\"caption\":\"Jes\u00fas Vico\"},\"image\":{\"@id\":\"https:\/\/www.jesusvico.com\/blog\/#\/schema\/logo\/image\/\"},\"sameAs\":[\"https:\/\/www.facebook.com\/JesusVicoNumismatica\",\"https:\/\/www.instagram.com\/jesusvico_numismatica\"]},{\"@type\":\"Person\",\"@id\":\"https:\/\/www.jesusvico.com\/blog\/#\/schema\/person\/387cca63b8a523b97f8417ba2ea4898d\",\"name\":\"Beatriz Camino Rodr\u00edguez\",\"image\":{\"@type\":\"ImageObject\",\"inLanguage\":\"es\",\"@id\":\"https:\/\/www.jesusvico.com\/blog\/#\/schema\/person\/image\/\",\"url\":\"https:\/\/secure.gravatar.com\/avatar\/209f7097263408e99625109131235b0ad575b41781a227cf958390d2adc61dbb?s=96&d=mm&r=g\",\"contentUrl\":\"https:\/\/secure.gravatar.com\/avatar\/209f7097263408e99625109131235b0ad575b41781a227cf958390d2adc61dbb?s=96&d=mm&r=g\",\"caption\":\"Beatriz Camino Rodr\u00edguez\"},\"url\":\"https:\/\/www.jesusvico.com\/blog\/author\/beatriz\/\"}]}<\/script>\n<!-- \/ Yoast SEO Premium plugin. -->","yoast_head_json":{"title":"El nacimiento de Montesquieu | Jes\u00fas Vico","robots":{"index":"index","follow":"follow","max-snippet":"max-snippet:-1","max-image-preview":"max-image-preview:large","max-video-preview":"max-video-preview:-1"},"canonical":"https:\/\/www.jesusvico.com\/blog\/el-nacimiento-de-montesquieu\/","og_locale":"es_ES","og_type":"article","og_title":"El nacimiento de Montesquieu","og_description":"El fil\u00f3sofo franc\u00e9s Montesquieu naci\u00f3 el 18 de enero de 1689. Montesquieu (1689-1757) fue un fil\u00f3sofo franc\u00e9s que desempe\u00f1\u00f3 un papel fundamental en el inicio del movimiento de la Ilustraci\u00f3n en Europa con sus influyentes obras. Sus conceptos sobre la separaci\u00f3n de poderes tuvieron un profundo impacto en los estudiosos de la Ilustraci\u00f3n y dejaron [&hellip;]","og_url":"https:\/\/www.jesusvico.com\/blog\/el-nacimiento-de-montesquieu\/","og_site_name":"Jes\u00fas Vico","article_publisher":"https:\/\/www.facebook.com\/JesusVicoNumismatica","article_published_time":"2024-01-26T13:59:19+00:00","article_modified_time":"2024-03-13T09:14:09+00:00","og_image":[{"width":1080,"height":675,"url":"https:\/\/www.jesusvico.com\/blog\/wp-content\/uploads\/2024\/01\/banner3-3-1080x675-2-2.jpg","type":"image\/jpeg"}],"author":"Beatriz Camino Rodr\u00edguez","twitter_card":"summary_large_image","twitter_misc":{"Escrito por":"Beatriz Camino Rodr\u00edguez","Tiempo de lectura":"5 minutos"},"schema":{"@context":"https:\/\/schema.org","@graph":[{"@type":"Article","@id":"https:\/\/www.jesusvico.com\/blog\/el-nacimiento-de-montesquieu\/#article","isPartOf":{"@id":"https:\/\/www.jesusvico.com\/blog\/el-nacimiento-de-montesquieu\/"},"author":{"name":"Beatriz Camino Rodr\u00edguez","@id":"https:\/\/www.jesusvico.com\/blog\/#\/schema\/person\/387cca63b8a523b97f8417ba2ea4898d"},"headline":"El nacimiento de Montesquieu","datePublished":"2024-01-26T13:59:19+00:00","dateModified":"2024-03-13T09:14:09+00:00","mainEntityOfPage":{"@id":"https:\/\/www.jesusvico.com\/blog\/el-nacimiento-de-montesquieu\/"},"wordCount":1051,"publisher":{"@id":"https:\/\/www.jesusvico.com\/blog\/#organization"},"image":{"@id":"https:\/\/www.jesusvico.com\/blog\/el-nacimiento-de-montesquieu\/#primaryimage"},"thumbnailUrl":"https:\/\/www.jesusvico.com\/blog\/wp-content\/uploads\/2024\/01\/banner3-3-1080x675-2-2.jpg","articleSection":["."],"inLanguage":"es"},{"@type":"WebPage","@id":"https:\/\/www.jesusvico.com\/blog\/el-nacimiento-de-montesquieu\/","url":"https:\/\/www.jesusvico.com\/blog\/el-nacimiento-de-montesquieu\/","name":"El nacimiento de Montesquieu | Jes\u00fas Vico","isPartOf":{"@id":"https:\/\/www.jesusvico.com\/blog\/#website"},"primaryImageOfPage":{"@id":"https:\/\/www.jesusvico.com\/blog\/el-nacimiento-de-montesquieu\/#primaryimage"},"image":{"@id":"https:\/\/www.jesusvico.com\/blog\/el-nacimiento-de-montesquieu\/#primaryimage"},"thumbnailUrl":"https:\/\/www.jesusvico.com\/blog\/wp-content\/uploads\/2024\/01\/banner3-3-1080x675-2-2.jpg","datePublished":"2024-01-26T13:59:19+00:00","dateModified":"2024-03-13T09:14:09+00:00","breadcrumb":{"@id":"https:\/\/www.jesusvico.com\/blog\/el-nacimiento-de-montesquieu\/#breadcrumb"},"inLanguage":"es","potentialAction":[{"@type":"ReadAction","target":["https:\/\/www.jesusvico.com\/blog\/el-nacimiento-de-montesquieu\/"]}]},{"@type":"ImageObject","inLanguage":"es","@id":"https:\/\/www.jesusvico.com\/blog\/el-nacimiento-de-montesquieu\/#primaryimage","url":"https:\/\/www.jesusvico.com\/blog\/wp-content\/uploads\/2024\/01\/banner3-3-1080x675-2-2.jpg","contentUrl":"https:\/\/www.jesusvico.com\/blog\/wp-content\/uploads\/2024\/01\/banner3-3-1080x675-2-2.jpg","width":1080,"height":675},{"@type":"BreadcrumbList","@id":"https:\/\/www.jesusvico.com\/blog\/el-nacimiento-de-montesquieu\/#breadcrumb","itemListElement":[{"@type":"ListItem","position":1,"name":"Portada","item":"https:\/\/www.jesusvico.com\/blog\/"},{"@type":"ListItem","position":2,"name":"El nacimiento de Montesquieu"}]},{"@type":"WebSite","@id":"https:\/\/www.jesusvico.com\/blog\/#website","url":"https:\/\/www.jesusvico.com\/blog\/","name":"Jes\u00fas Vico","description":"Blog - Jes\u00fas Vico","publisher":{"@id":"https:\/\/www.jesusvico.com\/blog\/#organization"},"potentialAction":[{"@type":"SearchAction","target":{"@type":"EntryPoint","urlTemplate":"https:\/\/www.jesusvico.com\/blog\/?s={search_term_string}"},"query-input":{"@type":"PropertyValueSpecification","valueRequired":true,"valueName":"search_term_string"}}],"inLanguage":"es"},{"@type":"Organization","@id":"https:\/\/www.jesusvico.com\/blog\/#organization","name":"Jes\u00fas Vico","url":"https:\/\/www.jesusvico.com\/blog\/","logo":{"@type":"ImageObject","inLanguage":"es","@id":"https:\/\/www.jesusvico.com\/blog\/#\/schema\/logo\/image\/","url":"https:\/\/www.jesusvico.com\/blog\/wp-content\/uploads\/2022\/09\/Sin-ti\u0301tulo-1-1.png","contentUrl":"https:\/\/www.jesusvico.com\/blog\/wp-content\/uploads\/2022\/09\/Sin-ti\u0301tulo-1-1.png","width":800,"height":200,"caption":"Jes\u00fas Vico"},"image":{"@id":"https:\/\/www.jesusvico.com\/blog\/#\/schema\/logo\/image\/"},"sameAs":["https:\/\/www.facebook.com\/JesusVicoNumismatica","https:\/\/www.instagram.com\/jesusvico_numismatica"]},{"@type":"Person","@id":"https:\/\/www.jesusvico.com\/blog\/#\/schema\/person\/387cca63b8a523b97f8417ba2ea4898d","name":"Beatriz Camino Rodr\u00edguez","image":{"@type":"ImageObject","inLanguage":"es","@id":"https:\/\/www.jesusvico.com\/blog\/#\/schema\/person\/image\/","url":"https:\/\/secure.gravatar.com\/avatar\/209f7097263408e99625109131235b0ad575b41781a227cf958390d2adc61dbb?s=96&d=mm&r=g","contentUrl":"https:\/\/secure.gravatar.com\/avatar\/209f7097263408e99625109131235b0ad575b41781a227cf958390d2adc61dbb?s=96&d=mm&r=g","caption":"Beatriz Camino Rodr\u00edguez"},"url":"https:\/\/www.jesusvico.com\/blog\/author\/beatriz\/"}]}},"_links":{"self":[{"href":"https:\/\/www.jesusvico.com\/blog\/wp-json\/wp\/v2\/posts\/706","targetHints":{"allow":["GET"]}}],"collection":[{"href":"https:\/\/www.jesusvico.com\/blog\/wp-json\/wp\/v2\/posts"}],"about":[{"href":"https:\/\/www.jesusvico.com\/blog\/wp-json\/wp\/v2\/types\/post"}],"author":[{"embeddable":true,"href":"https:\/\/www.jesusvico.com\/blog\/wp-json\/wp\/v2\/users\/5"}],"replies":[{"embeddable":true,"href":"https:\/\/www.jesusvico.com\/blog\/wp-json\/wp\/v2\/comments?post=706"}],"version-history":[{"count":3,"href":"https:\/\/www.jesusvico.com\/blog\/wp-json\/wp\/v2\/posts\/706\/revisions"}],"predecessor-version":[{"id":710,"href":"https:\/\/www.jesusvico.com\/blog\/wp-json\/wp\/v2\/posts\/706\/revisions\/710"}],"wp:featuredmedia":[{"embeddable":true,"href":"https:\/\/www.jesusvico.com\/blog\/wp-json\/wp\/v2\/media\/707"}],"wp:attachment":[{"href":"https:\/\/www.jesusvico.com\/blog\/wp-json\/wp\/v2\/media?parent=706"}],"wp:term":[{"taxonomy":"category","embeddable":true,"href":"https:\/\/www.jesusvico.com\/blog\/wp-json\/wp\/v2\/categories?post=706"},{"taxonomy":"post_tag","embeddable":true,"href":"https:\/\/www.jesusvico.com\/blog\/wp-json\/wp\/v2\/tags?post=706"}],"curies":[{"name":"wp","href":"https:\/\/api.w.org\/{rel}","templated":true}]}}