{"id":727,"date":"2024-03-03T00:14:05","date_gmt":"2024-03-03T00:14:05","guid":{"rendered":"https:\/\/www.jesusvico.com\/blog\/?p=727"},"modified":"2024-03-13T09:11:48","modified_gmt":"2024-03-13T09:11:48","slug":"la-revolucion-francesa","status":"publish","type":"post","link":"https:\/\/www.jesusvico.com\/blog\/la-revolucion-francesa\/","title":{"rendered":"La Revoluci\u00f3n Francesa"},"content":{"rendered":"\n[et_pb_section fb_built=\u00bb1&#8243; theme_builder_area=\u00bbpost_content\u00bb _builder_version=\u00bb4.14.8&#8243; _module_preset=\u00bbdefault\u00bb][et_pb_row _builder_version=\u00bb4.14.8&#8243; _module_preset=\u00bbdefault\u00bb theme_builder_area=\u00bbpost_content\u00bb][et_pb_column _builder_version=\u00bb4.14.8&#8243; _module_preset=\u00bbdefault\u00bb type=\u00bb4_4&#8243; theme_builder_area=\u00bbpost_content\u00bb][et_pb_text _builder_version=\u00bb4.14.8&#8243; _module_preset=\u00bbdefault\u00bb theme_builder_area=\u00bbpost_content\u00bb hover_enabled=\u00bb0&#8243; sticky_enabled=\u00bb0&#8243;]<h2><strong>La Revoluci\u00f3n Francesa de 1848 comenz\u00f3 el 22 de febrero de 1848<\/strong><\/h2>\n<p>La Revoluci\u00f3n Francesa de 1848 marc\u00f3 una fase de agitaci\u00f3n social y pol\u00edtica que desemboc\u00f3 en la ca\u00edda de la Monarqu\u00eda de Julio y el establecimiento de la Segunda Rep\u00fablica Francesa.<\/p>\n<h2><strong>Antecedentes<\/strong><\/h2>\n<p>A principios del siglo XIX, Luis XVIII gobernaba Francia en el marco de una monarqu\u00eda constitucional. Tras su muerte en 1824, su hermano, el conde de Artois, asumi\u00f3 el trono como Carlos X. Poco interesado en una monarqu\u00eda constitucional, tom\u00f3 medidas para reforzar su autoridad restringiendo la libertad de prensa, reduciendo el electorado y disolviendo la C\u00e1mara Baja. Esto condujo a los Tres D\u00edas Gloriosos del 26 al 29 de julio de 1830 y a su posterior abdicaci\u00f3n. Tras este acontecimiento, Luis Felipe, de la rama orleanista, ascendi\u00f3 al poder, marcando el establecimiento de la Monarqu\u00eda de Julio.<\/p>\n<p>Luis Felipe I dirig\u00eda un Estado moderadamente liberal controlado por \u00e9lites cultas. El rey, un h\u00e1bil hombre de negocios y una de las personas m\u00e1s ricas de Francia, se aline\u00f3 con los banqueros a expensas de las clases media y trabajadora en la C\u00e1mara de Diputados. En 1848, s\u00f3lo pod\u00edan votar los terratenientes, lo que alejaba del gobierno a la peque\u00f1a burgues\u00eda y a la burgues\u00eda industrial. Adem\u00e1s, su percibida indiferencia hacia las necesidades de la sociedad, especialmente de la excluida clase media, provoc\u00f3 un mayor descontento. Como consecuencia, surgi\u00f3 un movimiento reformista que abogaba por la ampliaci\u00f3n del derecho de sufragio. Las dificultades econ\u00f3micas, la p\u00e9rdida de empleos, el aumento del precio del pan y las acusaciones de corrupci\u00f3n del gobierno intensificaron a\u00fan m\u00e1s el descontento.<\/p>\n<p>Como las reuniones y manifestaciones pol\u00edticas estaban prohibidas, los activistas de la oposici\u00f3n al gobierno, predominantemente de clase media, idearon una estrategia que inclu\u00eda una serie de banquetes para recaudar fondos. Esta iniciativa, conocida como la Campa\u00f1a de los Banquetes (Campagne des banquets), pretend\u00eda eludir las restricciones del gobierno a las reuniones pol\u00edticas y proporcionar una plataforma legal para expresar las cr\u00edticas al r\u00e9gimen. Sin embargo, el 14 de enero de 1848, en previsi\u00f3n del esperado banquete que se celebrar\u00eda en Par\u00eds, el gobierno del Primer Ministro Guizot declar\u00f3 ilegales los banquetes. A pesar de la prohibici\u00f3n, los organizadores decidieron seguir adelante con el evento y fijaron la fecha para el 22 de febrero.<\/p>\n<h2><strong>La Revoluci\u00f3n<\/strong><\/h2>\n<p>Anticip\u00e1ndose a las concentraciones pol\u00edticas previstas para el d\u00eda siguiente, el gobierno franc\u00e9s decreta una segunda prohibici\u00f3n el 21 de febrero. A pesar de ello, los trabajadores y los estudiantes se mantienen firmes en su compromiso con las manifestaciones y al d\u00eda siguiente, poco antes del mediod\u00eda, grandes multitudes comienzan a congregarse en las calles de Par\u00eds. Esto cogi\u00f3 desprevenidas a las autoridades, lo que provoc\u00f3 una confusa respuesta inicial. Lo que empezaron siendo manifestaciones se convirti\u00f3 r\u00e1pidamente en una revuelta popular a gran escala que marc\u00f3 el 22 de febrero como el d\u00eda inaugural de la Revoluci\u00f3n. La multitud, demasiado numerosa para ser detenida o contenida, se dispersa por los Campos El\u00edseos y el sudeste de Par\u00eds.<\/p>\n<p>El 23 de febrero, la multitud marcha frente a la residencia del Primer Ministro Guizot, coreando esl\u00f3ganes contra \u00e9l y abogando por la reforma. La Guardia Nacional fue movilizada, pero sus soldados se negaron a enfrentarse a la multitud, uni\u00e9ndose a las manifestaciones contra Guizot y el rey Luis Felipe. En consecuencia, el rey pidi\u00f3 a rega\u00f1adientes la dimisi\u00f3n de Guizot y encarg\u00f3 al conde Mol\u00e9 la formaci\u00f3n de un nuevo gobierno. A medida que la noticia de la dimisi\u00f3n se extend\u00eda por Par\u00eds, los enfrentamientos fueron amainando y las multitudes comenzaron a celebrar.<\/p>\n<p>Sin embargo, las presiones sociales subyacentes persistieron y, por la noche, una multitud se congreg\u00f3 frente al Ministerio de Asuntos Exteriores, en el Boulevard des Capucines, lo que desemboc\u00f3 en un tr\u00e1gico enfrentamiento con soldados que caus\u00f3 la muerte de 52 personas y heridas a otras 74. La noticia de la masacre provoc\u00f3 r\u00e1pidamente la ira de los parisinos. A lo largo de la noche del 23 al 24 de febrero se levantaron m\u00e1s de 1.500 barricadas por todo Par\u00eds y se sabotearon numerosas v\u00edas f\u00e9rreas que conduc\u00edan a la ciudad.<\/p>\n<p>El 24 de febrero, el rey convoc\u00f3 un gobierno dirigido por Odilon Barrot, lo que representaba una concesi\u00f3n a los reformistas. Simult\u00e1neamente, nombra al mariscal Bugeaud, conocido por su brutal represi\u00f3n de las protestas, para comandar las tropas en Par\u00eds. Se desencadenan intensos combates en diversos puntos de la ciudad, el mayor de los cuales tiene lugar en la Place du Ch\u00e2teau d&#8217;Eau. Hacia el mediod\u00eda, al darse cuenta de que era in\u00fatil seguir resistiendo, Luis Felipe puso fin a toda oposici\u00f3n y abdic\u00f3 formalmente en favor de su nieto de nueve a\u00f1os, Felipe, conde de Par\u00eds. Su nuera, Helena, duquesa de Orleans, se convirti\u00f3 en la presunta regente. Sin embargo, los esfuerzos de la oposici\u00f3n din\u00e1stica por asegurar una regencia se vieron frustrados por las peticiones populares de una Rep\u00fablica. La noche del 24 de febrero, en el H\u00f4tel de Ville, se anuncia la lista definitiva del Gobierno Provisional y el 25 de febrero se proclama la Rep\u00fablica Francesa.<\/p>\n<h2><strong>Impacto de la Revoluci\u00f3n<\/strong><\/h2>\n<p>La Revoluci\u00f3n de Febrero de 1848 marc\u00f3 un momento crucial en la historia europea, desencadenando la amplia oleada revolucionaria conocida como las Revoluciones de 1848. Este acontecimiento transformador desencaden\u00f3 una oleada de descontento y de peticiones de reformas constitucionales que se extendi\u00f3 por numerosos estados europeos, planteando desaf\u00edos a las monarqu\u00edas establecidas y a los reg\u00edmenes autocr\u00e1ticos. Los Estados alemanes, en particular, experimentaron repercusiones inmediatas y pronunciadas, siendo testigos de una sucesi\u00f3n de movimientos revolucionarios desencadenados por el fervor revolucionario que emanaba de Francia. Adem\u00e1s, las secuelas de la Revoluci\u00f3n Francesa ejercieron una presi\u00f3n significativa sobre los monarcas de Prusia, Baviera, Austria y Cerde\u00f1a, oblig\u00e1ndoles finalmente a acceder a reformas liberales en respuesta a las demandas de cambio imperantes.<\/p>\n<p>Autora: Beatriz Camino Rodr\u00edguez.<\/p>[\/et_pb_text][\/et_pb_column][\/et_pb_row][\/et_pb_section]\n","protected":false},"excerpt":{"rendered":"<p>La Revoluci\u00f3n Francesa de 1848 comenz\u00f3 el 22 de febrero de 1848 La Revoluci\u00f3n Francesa de 1848 marc\u00f3 una fase de agitaci\u00f3n social y pol\u00edtica que desemboc\u00f3 en la ca\u00edda de la Monarqu\u00eda de Julio y el establecimiento de la Segunda Rep\u00fablica Francesa. Antecedentes A principios del siglo XIX, Luis XVIII gobernaba Francia en el [&hellip;]<\/p>\n","protected":false},"author":5,"featured_media":730,"comment_status":"closed","ping_status":"open","sticky":false,"template":"","format":"standard","meta":{"_et_pb_use_builder":"on","_et_pb_old_content":"","_et_gb_content_width":"","footnotes":""},"categories":[1],"tags":[],"class_list":["post-727","post","type-post","status-publish","format-standard","has-post-thumbnail","hentry","category-sin-categoria"],"yoast_head":"<!-- This site is optimized with the Yoast SEO Premium plugin v19.3 (Yoast SEO v24.2) - https:\/\/yoast.com\/wordpress\/plugins\/seo\/ -->\n<title>La Revoluci\u00f3n Francesa | Jes\u00fas Vico<\/title>\n<meta name=\"robots\" content=\"index, follow, max-snippet:-1, max-image-preview:large, max-video-preview:-1\" \/>\n<link rel=\"canonical\" href=\"https:\/\/www.jesusvico.com\/blog\/la-revolucion-francesa\/\" \/>\n<meta property=\"og:locale\" content=\"es_ES\" \/>\n<meta property=\"og:type\" content=\"article\" \/>\n<meta property=\"og:title\" content=\"La Revoluci\u00f3n Francesa\" \/>\n<meta property=\"og:description\" content=\"La Revoluci\u00f3n Francesa de 1848 comenz\u00f3 el 22 de febrero de 1848 La Revoluci\u00f3n Francesa de 1848 marc\u00f3 una fase de agitaci\u00f3n social y pol\u00edtica que desemboc\u00f3 en la ca\u00edda de la Monarqu\u00eda de Julio y el establecimiento de la Segunda Rep\u00fablica Francesa. Antecedentes A principios del siglo XIX, Luis XVIII gobernaba Francia en el [&hellip;]\" \/>\n<meta property=\"og:url\" content=\"https:\/\/www.jesusvico.com\/blog\/la-revolucion-francesa\/\" \/>\n<meta property=\"og:site_name\" content=\"Jes\u00fas Vico\" \/>\n<meta property=\"article:publisher\" content=\"https:\/\/www.facebook.com\/JesusVicoNumismatica\" \/>\n<meta property=\"article:published_time\" content=\"2024-03-03T00:14:05+00:00\" \/>\n<meta property=\"article:modified_time\" content=\"2024-03-13T09:11:48+00:00\" \/>\n<meta property=\"og:image\" content=\"https:\/\/www.jesusvico.com\/blog\/wp-content\/uploads\/2024\/03\/banner3-3-1080x675-2.jpg\" \/>\n\t<meta property=\"og:image:width\" content=\"1080\" \/>\n\t<meta property=\"og:image:height\" content=\"675\" \/>\n\t<meta property=\"og:image:type\" content=\"image\/jpeg\" \/>\n<meta name=\"author\" content=\"Beatriz Camino Rodr\u00edguez\" \/>\n<meta name=\"twitter:card\" content=\"summary_large_image\" \/>\n<meta name=\"twitter:label1\" content=\"Escrito por\" \/>\n\t<meta name=\"twitter:data1\" content=\"Beatriz Camino Rodr\u00edguez\" \/>\n\t<meta name=\"twitter:label2\" content=\"Tiempo de lectura\" \/>\n\t<meta name=\"twitter:data2\" content=\"6 minutos\" \/>\n<script type=\"application\/ld+json\" class=\"yoast-schema-graph\">{\"@context\":\"https:\/\/schema.org\",\"@graph\":[{\"@type\":\"Article\",\"@id\":\"https:\/\/www.jesusvico.com\/blog\/la-revolucion-francesa\/#article\",\"isPartOf\":{\"@id\":\"https:\/\/www.jesusvico.com\/blog\/la-revolucion-francesa\/\"},\"author\":{\"name\":\"Beatriz Camino Rodr\u00edguez\",\"@id\":\"https:\/\/www.jesusvico.com\/blog\/#\/schema\/person\/387cca63b8a523b97f8417ba2ea4898d\"},\"headline\":\"La Revoluci\u00f3n Francesa\",\"datePublished\":\"2024-03-03T00:14:05+00:00\",\"dateModified\":\"2024-03-13T09:11:48+00:00\",\"mainEntityOfPage\":{\"@id\":\"https:\/\/www.jesusvico.com\/blog\/la-revolucion-francesa\/\"},\"wordCount\":1124,\"publisher\":{\"@id\":\"https:\/\/www.jesusvico.com\/blog\/#organization\"},\"image\":{\"@id\":\"https:\/\/www.jesusvico.com\/blog\/la-revolucion-francesa\/#primaryimage\"},\"thumbnailUrl\":\"https:\/\/www.jesusvico.com\/blog\/wp-content\/uploads\/2024\/03\/banner3-3-1080x675-2.jpg\",\"articleSection\":[\".\"],\"inLanguage\":\"es\"},{\"@type\":\"WebPage\",\"@id\":\"https:\/\/www.jesusvico.com\/blog\/la-revolucion-francesa\/\",\"url\":\"https:\/\/www.jesusvico.com\/blog\/la-revolucion-francesa\/\",\"name\":\"La Revoluci\u00f3n Francesa | Jes\u00fas Vico\",\"isPartOf\":{\"@id\":\"https:\/\/www.jesusvico.com\/blog\/#website\"},\"primaryImageOfPage\":{\"@id\":\"https:\/\/www.jesusvico.com\/blog\/la-revolucion-francesa\/#primaryimage\"},\"image\":{\"@id\":\"https:\/\/www.jesusvico.com\/blog\/la-revolucion-francesa\/#primaryimage\"},\"thumbnailUrl\":\"https:\/\/www.jesusvico.com\/blog\/wp-content\/uploads\/2024\/03\/banner3-3-1080x675-2.jpg\",\"datePublished\":\"2024-03-03T00:14:05+00:00\",\"dateModified\":\"2024-03-13T09:11:48+00:00\",\"breadcrumb\":{\"@id\":\"https:\/\/www.jesusvico.com\/blog\/la-revolucion-francesa\/#breadcrumb\"},\"inLanguage\":\"es\",\"potentialAction\":[{\"@type\":\"ReadAction\",\"target\":[\"https:\/\/www.jesusvico.com\/blog\/la-revolucion-francesa\/\"]}]},{\"@type\":\"ImageObject\",\"inLanguage\":\"es\",\"@id\":\"https:\/\/www.jesusvico.com\/blog\/la-revolucion-francesa\/#primaryimage\",\"url\":\"https:\/\/www.jesusvico.com\/blog\/wp-content\/uploads\/2024\/03\/banner3-3-1080x675-2.jpg\",\"contentUrl\":\"https:\/\/www.jesusvico.com\/blog\/wp-content\/uploads\/2024\/03\/banner3-3-1080x675-2.jpg\",\"width\":1080,\"height\":675},{\"@type\":\"BreadcrumbList\",\"@id\":\"https:\/\/www.jesusvico.com\/blog\/la-revolucion-francesa\/#breadcrumb\",\"itemListElement\":[{\"@type\":\"ListItem\",\"position\":1,\"name\":\"Portada\",\"item\":\"https:\/\/www.jesusvico.com\/blog\/\"},{\"@type\":\"ListItem\",\"position\":2,\"name\":\"La Revoluci\u00f3n Francesa\"}]},{\"@type\":\"WebSite\",\"@id\":\"https:\/\/www.jesusvico.com\/blog\/#website\",\"url\":\"https:\/\/www.jesusvico.com\/blog\/\",\"name\":\"Jes\u00fas Vico\",\"description\":\"Blog - Jes\u00fas Vico\",\"publisher\":{\"@id\":\"https:\/\/www.jesusvico.com\/blog\/#organization\"},\"potentialAction\":[{\"@type\":\"SearchAction\",\"target\":{\"@type\":\"EntryPoint\",\"urlTemplate\":\"https:\/\/www.jesusvico.com\/blog\/?s={search_term_string}\"},\"query-input\":{\"@type\":\"PropertyValueSpecification\",\"valueRequired\":true,\"valueName\":\"search_term_string\"}}],\"inLanguage\":\"es\"},{\"@type\":\"Organization\",\"@id\":\"https:\/\/www.jesusvico.com\/blog\/#organization\",\"name\":\"Jes\u00fas Vico\",\"url\":\"https:\/\/www.jesusvico.com\/blog\/\",\"logo\":{\"@type\":\"ImageObject\",\"inLanguage\":\"es\",\"@id\":\"https:\/\/www.jesusvico.com\/blog\/#\/schema\/logo\/image\/\",\"url\":\"https:\/\/www.jesusvico.com\/blog\/wp-content\/uploads\/2022\/09\/Sin-ti\u0301tulo-1-1.png\",\"contentUrl\":\"https:\/\/www.jesusvico.com\/blog\/wp-content\/uploads\/2022\/09\/Sin-ti\u0301tulo-1-1.png\",\"width\":800,\"height\":200,\"caption\":\"Jes\u00fas Vico\"},\"image\":{\"@id\":\"https:\/\/www.jesusvico.com\/blog\/#\/schema\/logo\/image\/\"},\"sameAs\":[\"https:\/\/www.facebook.com\/JesusVicoNumismatica\",\"https:\/\/www.instagram.com\/jesusvico_numismatica\"]},{\"@type\":\"Person\",\"@id\":\"https:\/\/www.jesusvico.com\/blog\/#\/schema\/person\/387cca63b8a523b97f8417ba2ea4898d\",\"name\":\"Beatriz Camino Rodr\u00edguez\",\"image\":{\"@type\":\"ImageObject\",\"inLanguage\":\"es\",\"@id\":\"https:\/\/www.jesusvico.com\/blog\/#\/schema\/person\/image\/\",\"url\":\"https:\/\/secure.gravatar.com\/avatar\/209f7097263408e99625109131235b0ad575b41781a227cf958390d2adc61dbb?s=96&d=mm&r=g\",\"contentUrl\":\"https:\/\/secure.gravatar.com\/avatar\/209f7097263408e99625109131235b0ad575b41781a227cf958390d2adc61dbb?s=96&d=mm&r=g\",\"caption\":\"Beatriz Camino Rodr\u00edguez\"},\"url\":\"https:\/\/www.jesusvico.com\/blog\/author\/beatriz\/\"}]}<\/script>\n<!-- \/ Yoast SEO Premium plugin. -->","yoast_head_json":{"title":"La Revoluci\u00f3n Francesa | Jes\u00fas Vico","robots":{"index":"index","follow":"follow","max-snippet":"max-snippet:-1","max-image-preview":"max-image-preview:large","max-video-preview":"max-video-preview:-1"},"canonical":"https:\/\/www.jesusvico.com\/blog\/la-revolucion-francesa\/","og_locale":"es_ES","og_type":"article","og_title":"La Revoluci\u00f3n Francesa","og_description":"La Revoluci\u00f3n Francesa de 1848 comenz\u00f3 el 22 de febrero de 1848 La Revoluci\u00f3n Francesa de 1848 marc\u00f3 una fase de agitaci\u00f3n social y pol\u00edtica que desemboc\u00f3 en la ca\u00edda de la Monarqu\u00eda de Julio y el establecimiento de la Segunda Rep\u00fablica Francesa. Antecedentes A principios del siglo XIX, Luis XVIII gobernaba Francia en el [&hellip;]","og_url":"https:\/\/www.jesusvico.com\/blog\/la-revolucion-francesa\/","og_site_name":"Jes\u00fas Vico","article_publisher":"https:\/\/www.facebook.com\/JesusVicoNumismatica","article_published_time":"2024-03-03T00:14:05+00:00","article_modified_time":"2024-03-13T09:11:48+00:00","og_image":[{"width":1080,"height":675,"url":"https:\/\/www.jesusvico.com\/blog\/wp-content\/uploads\/2024\/03\/banner3-3-1080x675-2.jpg","type":"image\/jpeg"}],"author":"Beatriz Camino Rodr\u00edguez","twitter_card":"summary_large_image","twitter_misc":{"Escrito por":"Beatriz Camino Rodr\u00edguez","Tiempo de lectura":"6 minutos"},"schema":{"@context":"https:\/\/schema.org","@graph":[{"@type":"Article","@id":"https:\/\/www.jesusvico.com\/blog\/la-revolucion-francesa\/#article","isPartOf":{"@id":"https:\/\/www.jesusvico.com\/blog\/la-revolucion-francesa\/"},"author":{"name":"Beatriz Camino Rodr\u00edguez","@id":"https:\/\/www.jesusvico.com\/blog\/#\/schema\/person\/387cca63b8a523b97f8417ba2ea4898d"},"headline":"La Revoluci\u00f3n Francesa","datePublished":"2024-03-03T00:14:05+00:00","dateModified":"2024-03-13T09:11:48+00:00","mainEntityOfPage":{"@id":"https:\/\/www.jesusvico.com\/blog\/la-revolucion-francesa\/"},"wordCount":1124,"publisher":{"@id":"https:\/\/www.jesusvico.com\/blog\/#organization"},"image":{"@id":"https:\/\/www.jesusvico.com\/blog\/la-revolucion-francesa\/#primaryimage"},"thumbnailUrl":"https:\/\/www.jesusvico.com\/blog\/wp-content\/uploads\/2024\/03\/banner3-3-1080x675-2.jpg","articleSection":["."],"inLanguage":"es"},{"@type":"WebPage","@id":"https:\/\/www.jesusvico.com\/blog\/la-revolucion-francesa\/","url":"https:\/\/www.jesusvico.com\/blog\/la-revolucion-francesa\/","name":"La Revoluci\u00f3n Francesa | Jes\u00fas Vico","isPartOf":{"@id":"https:\/\/www.jesusvico.com\/blog\/#website"},"primaryImageOfPage":{"@id":"https:\/\/www.jesusvico.com\/blog\/la-revolucion-francesa\/#primaryimage"},"image":{"@id":"https:\/\/www.jesusvico.com\/blog\/la-revolucion-francesa\/#primaryimage"},"thumbnailUrl":"https:\/\/www.jesusvico.com\/blog\/wp-content\/uploads\/2024\/03\/banner3-3-1080x675-2.jpg","datePublished":"2024-03-03T00:14:05+00:00","dateModified":"2024-03-13T09:11:48+00:00","breadcrumb":{"@id":"https:\/\/www.jesusvico.com\/blog\/la-revolucion-francesa\/#breadcrumb"},"inLanguage":"es","potentialAction":[{"@type":"ReadAction","target":["https:\/\/www.jesusvico.com\/blog\/la-revolucion-francesa\/"]}]},{"@type":"ImageObject","inLanguage":"es","@id":"https:\/\/www.jesusvico.com\/blog\/la-revolucion-francesa\/#primaryimage","url":"https:\/\/www.jesusvico.com\/blog\/wp-content\/uploads\/2024\/03\/banner3-3-1080x675-2.jpg","contentUrl":"https:\/\/www.jesusvico.com\/blog\/wp-content\/uploads\/2024\/03\/banner3-3-1080x675-2.jpg","width":1080,"height":675},{"@type":"BreadcrumbList","@id":"https:\/\/www.jesusvico.com\/blog\/la-revolucion-francesa\/#breadcrumb","itemListElement":[{"@type":"ListItem","position":1,"name":"Portada","item":"https:\/\/www.jesusvico.com\/blog\/"},{"@type":"ListItem","position":2,"name":"La Revoluci\u00f3n Francesa"}]},{"@type":"WebSite","@id":"https:\/\/www.jesusvico.com\/blog\/#website","url":"https:\/\/www.jesusvico.com\/blog\/","name":"Jes\u00fas Vico","description":"Blog - Jes\u00fas Vico","publisher":{"@id":"https:\/\/www.jesusvico.com\/blog\/#organization"},"potentialAction":[{"@type":"SearchAction","target":{"@type":"EntryPoint","urlTemplate":"https:\/\/www.jesusvico.com\/blog\/?s={search_term_string}"},"query-input":{"@type":"PropertyValueSpecification","valueRequired":true,"valueName":"search_term_string"}}],"inLanguage":"es"},{"@type":"Organization","@id":"https:\/\/www.jesusvico.com\/blog\/#organization","name":"Jes\u00fas Vico","url":"https:\/\/www.jesusvico.com\/blog\/","logo":{"@type":"ImageObject","inLanguage":"es","@id":"https:\/\/www.jesusvico.com\/blog\/#\/schema\/logo\/image\/","url":"https:\/\/www.jesusvico.com\/blog\/wp-content\/uploads\/2022\/09\/Sin-ti\u0301tulo-1-1.png","contentUrl":"https:\/\/www.jesusvico.com\/blog\/wp-content\/uploads\/2022\/09\/Sin-ti\u0301tulo-1-1.png","width":800,"height":200,"caption":"Jes\u00fas Vico"},"image":{"@id":"https:\/\/www.jesusvico.com\/blog\/#\/schema\/logo\/image\/"},"sameAs":["https:\/\/www.facebook.com\/JesusVicoNumismatica","https:\/\/www.instagram.com\/jesusvico_numismatica"]},{"@type":"Person","@id":"https:\/\/www.jesusvico.com\/blog\/#\/schema\/person\/387cca63b8a523b97f8417ba2ea4898d","name":"Beatriz Camino Rodr\u00edguez","image":{"@type":"ImageObject","inLanguage":"es","@id":"https:\/\/www.jesusvico.com\/blog\/#\/schema\/person\/image\/","url":"https:\/\/secure.gravatar.com\/avatar\/209f7097263408e99625109131235b0ad575b41781a227cf958390d2adc61dbb?s=96&d=mm&r=g","contentUrl":"https:\/\/secure.gravatar.com\/avatar\/209f7097263408e99625109131235b0ad575b41781a227cf958390d2adc61dbb?s=96&d=mm&r=g","caption":"Beatriz Camino Rodr\u00edguez"},"url":"https:\/\/www.jesusvico.com\/blog\/author\/beatriz\/"}]}},"_links":{"self":[{"href":"https:\/\/www.jesusvico.com\/blog\/wp-json\/wp\/v2\/posts\/727","targetHints":{"allow":["GET"]}}],"collection":[{"href":"https:\/\/www.jesusvico.com\/blog\/wp-json\/wp\/v2\/posts"}],"about":[{"href":"https:\/\/www.jesusvico.com\/blog\/wp-json\/wp\/v2\/types\/post"}],"author":[{"embeddable":true,"href":"https:\/\/www.jesusvico.com\/blog\/wp-json\/wp\/v2\/users\/5"}],"replies":[{"embeddable":true,"href":"https:\/\/www.jesusvico.com\/blog\/wp-json\/wp\/v2\/comments?post=727"}],"version-history":[{"count":3,"href":"https:\/\/www.jesusvico.com\/blog\/wp-json\/wp\/v2\/posts\/727\/revisions"}],"predecessor-version":[{"id":731,"href":"https:\/\/www.jesusvico.com\/blog\/wp-json\/wp\/v2\/posts\/727\/revisions\/731"}],"wp:featuredmedia":[{"embeddable":true,"href":"https:\/\/www.jesusvico.com\/blog\/wp-json\/wp\/v2\/media\/730"}],"wp:attachment":[{"href":"https:\/\/www.jesusvico.com\/blog\/wp-json\/wp\/v2\/media?parent=727"}],"wp:term":[{"taxonomy":"category","embeddable":true,"href":"https:\/\/www.jesusvico.com\/blog\/wp-json\/wp\/v2\/categories?post=727"},{"taxonomy":"post_tag","embeddable":true,"href":"https:\/\/www.jesusvico.com\/blog\/wp-json\/wp\/v2\/tags?post=727"}],"curies":[{"name":"wp","href":"https:\/\/api.w.org\/{rel}","templated":true}]}}