{"id":781,"date":"2024-10-02T11:44:58","date_gmt":"2024-10-02T11:44:58","guid":{"rendered":"https:\/\/www.jesusvico.com\/blog\/?p=781"},"modified":"2024-10-02T11:47:23","modified_gmt":"2024-10-02T11:47:23","slug":"el-compositor-george-frideric-handel-completa-el-mesias","status":"publish","type":"post","link":"https:\/\/www.jesusvico.com\/blog\/el-compositor-george-frideric-handel-completa-el-mesias\/","title":{"rendered":"El compositor George Frideric Handel completa \u00abEl mes\u00edas\u00bb"},"content":{"rendered":"<p>[et_pb_section fb_built=\u00bb1&#8243; _builder_version=\u00bb4.14.8&#8243; _module_preset=\u00bbdefault\u00bb global_colors_info=\u00bb{}\u00bb][et_pb_row _builder_version=\u00bb4.14.8&#8243; _module_preset=\u00bbdefault\u00bb global_colors_info=\u00bb{}\u00bb][et_pb_column type=\u00bb4_4&#8243; _builder_version=\u00bb4.14.8&#8243; _module_preset=\u00bbdefault\u00bb global_colors_info=\u00bb{}\u00bb][et_pb_text _builder_version=\u00bb4.14.8&#8243; _module_preset=\u00bbdefault\u00bb global_colors_info=\u00bb{}\u00bb]<\/p>\n<p>George Frideric Handel (1685-1759) fue un compositor barroco alem\u00e1n nacionalizado ingl\u00e9s. Es conocido sobre todo por obras como El Mes\u00edas, M\u00fasica acu\u00e1tica y sus contribuciones a las \u00f3peras barrocas italianas y a los oratorios ingleses.<\/p>\n<p><strong>Handel<\/strong><\/p>\n<p>George Frideric Handel naci\u00f3 el 23 de febrero de 1685 en Halle (Alemania). Al principio, sus padres no le animaron a dedicarse a la m\u00fasica, y su educaci\u00f3n formal se centr\u00f3 en el derecho. Se matricul\u00f3 en la Universidad de Halle en 1701, pero sigui\u00f3 cultivando su pasi\u00f3n por la m\u00fasica trabajando como organista adjunto en la catedral de la ciudad.<\/p>\n<p>En 1703 se traslad\u00f3 a Hamburgo, el coraz\u00f3n de la \u00f3pera en Alemania, donde consigui\u00f3 un puesto como segundo violinista en la orquesta de la \u00f3pera de la ciudad. Pronto empez\u00f3 a componer sus propias \u00f3peras, estrenando Almira y Ner\u00f3n en 1705. Aunque le ofrecieron un puesto permanente en la \u00f3pera de Hamburgo, prefiri\u00f3 viajar a Italia para perfeccionar sus habilidades como compositor. Durante este periodo, escribi\u00f3 numerosas cantatas y su primer oratorio, Il trionfo del Tempo e del Disinganno.<\/p>\n<p>En 1710, Handel abandon\u00f3 Italia para aceptar el cargo de Kapellmeister en la corte de Jorge Luis, Elector de Hannover, que m\u00e1s tarde se convertir\u00eda en Jorge I de Gran Breta\u00f1a. En este puesto, supervisaba todos los asuntos musicales de la corte y deb\u00eda componer con regularidad. Sin embargo, no permaneci\u00f3 mucho tiempo, ya que obtuvo permiso para tomarse un a\u00f1o de descanso en Londres.<\/p>\n<p>En 1713, Haendel compuso la \u00f3pera Il pastor fido, que no fue bien recibida debido a su brevedad. En respuesta, compuso Teseo, una \u00f3pera en cinco actos basada en la leyenda del h\u00e9roe griego Teseo. Cuando la reina Ana de Gran Breta\u00f1a muri\u00f3 en 1714, el antiguo patr\u00f3n de Haendel en Hannover ascendi\u00f3 al trono brit\u00e1nico, lo que permiti\u00f3 a Haendel permanecer en Inglaterra de forma permanente.<\/p>\n<p>En 1717, el rey Jorge I encarg\u00f3 a Haendel que compusiera lo que m\u00e1s tarde se conocer\u00eda como la suite M\u00fasica acu\u00e1tica, que fue interpretada por una orquesta de 50 m\u00fasicos mientras la comitiva real navegaba por el T\u00e1mesis. El apoyo del rey se extendi\u00f3 a la fundaci\u00f3n de la Real Academia de M\u00fasica en 1719, donde Haendel compuso 14 \u00f3peras italianas con los mejores cantantes de Europa. Sin embargo, la Academia acab\u00f3 atravesando dificultades financieras debido a los elevados costes de producci\u00f3n y a los exorbitantes salarios de los int\u00e9rpretes estrella.<\/p>\n<p>El patrocinio real continu\u00f3 bajo Jorge II de Gran Breta\u00f1a, que interpret\u00f3 las nuevas obras de Haendel, incluido el himno Sadoc el Sacerdote, en su coronaci\u00f3n el 11 de octubre de 1727. Este himno ha sido un elemento b\u00e1sico de todas las coronaciones brit\u00e1nicas desde entonces. A lo largo de la d\u00e9cada de 1730, Haendel compuso muchas \u00f3peras de \u00e9xito, como Ariodante, Alcina y Atalanta, aunque tambi\u00e9n se enfrent\u00f3 a fracasos, y la tensi\u00f3n comenz\u00f3 a pasarle factura. En abril de 1737, sufri\u00f3 un leve derrame cerebral y se recuper\u00f3 en la ciudad balneario de Aquisgr\u00e1n (Alemania). Se recuper\u00f3 lo suficiente como para componer m\u00fasica para el funeral de la reina Carolina, esposa de Jorge II, en noviembre, incluido el himno The Ways of Zion Do Mourn.<\/p>\n<p><strong>El Mes\u00edas<\/strong><\/p>\n<p>Los conciertos para \u00f3rgano de Haendel fueron inmensamente populares, lo que le llev\u00f3 a centrarse m\u00e1s en la m\u00fasica instrumental que en la \u00f3pera durante la d\u00e9cada de 1740. Tambi\u00e9n desarroll\u00f3 el oratorio ingl\u00e9s, una forma de \u00f3pera con un enfoque religioso, que culmin\u00f3 en su obra maestra El Mes\u00edas (1742). En esta obra, Haendel incorpor\u00f3 elementos oper\u00edsticos como el aria recitativa y dio m\u00e1s importancia a la orquesta y el coro, reduciendo el protagonismo de los solistas. Notablemente, Haendel compuso El Mes\u00edas en s\u00f3lo tres semanas, con un texto adaptado por Charles Jennens de la Biblia y el Salterio del Libro de Oraci\u00f3n.<\/p>\n<p>Aunque el Mes\u00edas comparte similitudes estructurales con la \u00f3pera, no sigue una forma dram\u00e1tica. No hay personificaciones de personajes ni di\u00e1logos directos. En cambio, el libreto de Charles Jennens es una extensa meditaci\u00f3n sobre Jes\u00fas como Mes\u00edas. El texto comienza en la Parte I con profec\u00edas de Isa\u00edas y otras figuras b\u00edblicas, que conducen a la anunciaci\u00f3n a los pastores, la \u00fanica \u00abescena\u00bb extra\u00edda directamente de los Evangelios. La Parte II se centra en la Pasi\u00f3n de Cristo y culmina con el famoso coro del \u00abAleluya\u00bb. La tercera parte reflexiona sobre las ense\u00f1anzas de Pablo acerca de la resurrecci\u00f3n de los muertos y la glorificaci\u00f3n de Cristo en el cielo.<\/p>\n<p>El oratorio se estren\u00f3 en Dubl\u00edn en abril de 1742, y las representaciones posteriores, como las del Foundling Hospital en la d\u00e9cada de 1750, contaron con conjuntos cada vez m\u00e1s grandes. El famoso coro \u00abAleluya\u00bb se convirti\u00f3 en sin\u00f3nimo de la Resurrecci\u00f3n y es c\u00e9lebre por su uso tanto en ocasiones religiosas como profanas.<\/p>\n<p><strong>Muerte y legado<\/strong><\/p>\n<p>En 1751, Haendel empez\u00f3 a perder la vista y, a finales de 1752, estaba completamente ciego. Aunque era incapaz de componer nuevas obras, continu\u00f3 editando sus piezas anteriores y tocando el \u00f3rgano, confiando en su extraordinaria memoria. Handel falleci\u00f3 en Londres el 14 de abril de 1759, a los 74 a\u00f1os, tras una serie de desmayos. Se erigi\u00f3 un monumento conmemorativo en la abad\u00eda de Westminster, donde fue enterrado, con un epitafio que le honraba como \u00abel m\u00fasico m\u00e1s excelente que ha dado la historia\u00bb.<\/p>\n<p>Gracias a la colecci\u00f3n de partituras aut\u00f3grafas de Haendel que el rey Jorge III don\u00f3 posteriormente a la Biblioteca Brit\u00e1nica, el legado de Haendel perdur\u00f3. Obras como M\u00fasica acu\u00e1tica y El Mes\u00edas siguen siendo iconos de la \u00e9poca barroca, y en la actualidad Handel es considerado una de las personalidades musicales m\u00e1s poderosas del siglo XVIII.<\/p>\n<p>Autora: Beatriz Camino Rodr\u00edguez.<\/p>\n<p>&nbsp;<\/p>\n<p>&nbsp;<\/p>\n<p>&nbsp;<\/p>\n<p>&nbsp;<\/p>\n<p>[\/et_pb_text][\/et_pb_column][\/et_pb_row][\/et_pb_section]<\/p>\n","protected":false},"excerpt":{"rendered":"<p>George Frideric Handel (1685-1759) fue un compositor barroco alem\u00e1n nacionalizado ingl\u00e9s. Es conocido sobre todo por obras como El Mes\u00edas, M\u00fasica acu\u00e1tica y sus contribuciones a las \u00f3peras barrocas italianas y a los oratorios ingleses. Handel George Frideric Handel naci\u00f3 el 23 de febrero de 1685 en Halle (Alemania). Al principio, sus padres no le [&hellip;]<\/p>\n","protected":false},"author":5,"featured_media":783,"comment_status":"closed","ping_status":"open","sticky":false,"template":"","format":"standard","meta":{"_et_pb_use_builder":"on","_et_pb_old_content":"","_et_gb_content_width":"","footnotes":""},"categories":[1],"tags":[],"class_list":["post-781","post","type-post","status-publish","format-standard","has-post-thumbnail","hentry","category-sin-categoria"],"yoast_head":"<!-- This site is optimized with the Yoast SEO Premium plugin v19.3 (Yoast SEO v24.2) - https:\/\/yoast.com\/wordpress\/plugins\/seo\/ -->\n<title>El compositor George Frideric Handel completa &quot;El mes\u00edas&quot; | Jes\u00fas Vico<\/title>\n<meta name=\"robots\" content=\"index, follow, max-snippet:-1, max-image-preview:large, max-video-preview:-1\" \/>\n<link rel=\"canonical\" href=\"https:\/\/www.jesusvico.com\/blog\/el-compositor-george-frideric-handel-completa-el-mesias\/\" \/>\n<meta property=\"og:locale\" content=\"es_ES\" \/>\n<meta property=\"og:type\" content=\"article\" \/>\n<meta property=\"og:title\" content=\"El compositor George Frideric Handel completa &quot;El mes\u00edas&quot;\" \/>\n<meta property=\"og:description\" content=\"George Frideric Handel (1685-1759) fue un compositor barroco alem\u00e1n nacionalizado ingl\u00e9s. Es conocido sobre todo por obras como El Mes\u00edas, M\u00fasica acu\u00e1tica y sus contribuciones a las \u00f3peras barrocas italianas y a los oratorios ingleses. Handel George Frideric Handel naci\u00f3 el 23 de febrero de 1685 en Halle (Alemania). Al principio, sus padres no le [&hellip;]\" \/>\n<meta property=\"og:url\" content=\"https:\/\/www.jesusvico.com\/blog\/el-compositor-george-frideric-handel-completa-el-mesias\/\" \/>\n<meta property=\"og:site_name\" content=\"Jes\u00fas Vico\" \/>\n<meta property=\"article:publisher\" content=\"https:\/\/www.facebook.com\/JesusVicoNumismatica\" \/>\n<meta property=\"article:published_time\" content=\"2024-10-02T11:44:58+00:00\" \/>\n<meta property=\"article:modified_time\" content=\"2024-10-02T11:47:23+00:00\" \/>\n<meta property=\"og:image\" content=\"https:\/\/www.jesusvico.com\/blog\/wp-content\/uploads\/2024\/10\/banner3-3-1080x675-2.jpg\" \/>\n\t<meta property=\"og:image:width\" content=\"1080\" \/>\n\t<meta property=\"og:image:height\" content=\"675\" \/>\n\t<meta property=\"og:image:type\" content=\"image\/jpeg\" \/>\n<meta name=\"author\" content=\"Beatriz Camino Rodr\u00edguez\" \/>\n<meta name=\"twitter:card\" content=\"summary_large_image\" \/>\n<meta name=\"twitter:label1\" content=\"Escrito por\" \/>\n\t<meta name=\"twitter:data1\" content=\"Beatriz Camino Rodr\u00edguez\" \/>\n<script type=\"application\/ld+json\" class=\"yoast-schema-graph\">{\"@context\":\"https:\/\/schema.org\",\"@graph\":[{\"@type\":\"Article\",\"@id\":\"https:\/\/www.jesusvico.com\/blog\/el-compositor-george-frideric-handel-completa-el-mesias\/#article\",\"isPartOf\":{\"@id\":\"https:\/\/www.jesusvico.com\/blog\/el-compositor-george-frideric-handel-completa-el-mesias\/\"},\"author\":{\"name\":\"Beatriz Camino Rodr\u00edguez\",\"@id\":\"https:\/\/www.jesusvico.com\/blog\/#\/schema\/person\/387cca63b8a523b97f8417ba2ea4898d\"},\"headline\":\"El compositor George Frideric Handel completa \u00abEl mes\u00edas\u00bb\",\"datePublished\":\"2024-10-02T11:44:58+00:00\",\"dateModified\":\"2024-10-02T11:47:23+00:00\",\"mainEntityOfPage\":{\"@id\":\"https:\/\/www.jesusvico.com\/blog\/el-compositor-george-frideric-handel-completa-el-mesias\/\"},\"wordCount\":1077,\"publisher\":{\"@id\":\"https:\/\/www.jesusvico.com\/blog\/#organization\"},\"image\":{\"@id\":\"https:\/\/www.jesusvico.com\/blog\/el-compositor-george-frideric-handel-completa-el-mesias\/#primaryimage\"},\"thumbnailUrl\":\"https:\/\/www.jesusvico.com\/blog\/wp-content\/uploads\/2024\/10\/banner3-3-1080x675-2.jpg\",\"articleSection\":[\".\"],\"inLanguage\":\"es\"},{\"@type\":\"WebPage\",\"@id\":\"https:\/\/www.jesusvico.com\/blog\/el-compositor-george-frideric-handel-completa-el-mesias\/\",\"url\":\"https:\/\/www.jesusvico.com\/blog\/el-compositor-george-frideric-handel-completa-el-mesias\/\",\"name\":\"El compositor George Frideric Handel completa \\\"El mes\u00edas\\\" | Jes\u00fas Vico\",\"isPartOf\":{\"@id\":\"https:\/\/www.jesusvico.com\/blog\/#website\"},\"primaryImageOfPage\":{\"@id\":\"https:\/\/www.jesusvico.com\/blog\/el-compositor-george-frideric-handel-completa-el-mesias\/#primaryimage\"},\"image\":{\"@id\":\"https:\/\/www.jesusvico.com\/blog\/el-compositor-george-frideric-handel-completa-el-mesias\/#primaryimage\"},\"thumbnailUrl\":\"https:\/\/www.jesusvico.com\/blog\/wp-content\/uploads\/2024\/10\/banner3-3-1080x675-2.jpg\",\"datePublished\":\"2024-10-02T11:44:58+00:00\",\"dateModified\":\"2024-10-02T11:47:23+00:00\",\"breadcrumb\":{\"@id\":\"https:\/\/www.jesusvico.com\/blog\/el-compositor-george-frideric-handel-completa-el-mesias\/#breadcrumb\"},\"inLanguage\":\"es\",\"potentialAction\":[{\"@type\":\"ReadAction\",\"target\":[\"https:\/\/www.jesusvico.com\/blog\/el-compositor-george-frideric-handel-completa-el-mesias\/\"]}]},{\"@type\":\"ImageObject\",\"inLanguage\":\"es\",\"@id\":\"https:\/\/www.jesusvico.com\/blog\/el-compositor-george-frideric-handel-completa-el-mesias\/#primaryimage\",\"url\":\"https:\/\/www.jesusvico.com\/blog\/wp-content\/uploads\/2024\/10\/banner3-3-1080x675-2.jpg\",\"contentUrl\":\"https:\/\/www.jesusvico.com\/blog\/wp-content\/uploads\/2024\/10\/banner3-3-1080x675-2.jpg\",\"width\":1080,\"height\":675},{\"@type\":\"BreadcrumbList\",\"@id\":\"https:\/\/www.jesusvico.com\/blog\/el-compositor-george-frideric-handel-completa-el-mesias\/#breadcrumb\",\"itemListElement\":[{\"@type\":\"ListItem\",\"position\":1,\"name\":\"Portada\",\"item\":\"https:\/\/www.jesusvico.com\/blog\/\"},{\"@type\":\"ListItem\",\"position\":2,\"name\":\"El compositor George Frideric Handel completa \u00abEl mes\u00edas\u00bb\"}]},{\"@type\":\"WebSite\",\"@id\":\"https:\/\/www.jesusvico.com\/blog\/#website\",\"url\":\"https:\/\/www.jesusvico.com\/blog\/\",\"name\":\"Jes\u00fas Vico\",\"description\":\"Blog - Jes\u00fas Vico\",\"publisher\":{\"@id\":\"https:\/\/www.jesusvico.com\/blog\/#organization\"},\"potentialAction\":[{\"@type\":\"SearchAction\",\"target\":{\"@type\":\"EntryPoint\",\"urlTemplate\":\"https:\/\/www.jesusvico.com\/blog\/?s={search_term_string}\"},\"query-input\":{\"@type\":\"PropertyValueSpecification\",\"valueRequired\":true,\"valueName\":\"search_term_string\"}}],\"inLanguage\":\"es\"},{\"@type\":\"Organization\",\"@id\":\"https:\/\/www.jesusvico.com\/blog\/#organization\",\"name\":\"Jes\u00fas Vico\",\"url\":\"https:\/\/www.jesusvico.com\/blog\/\",\"logo\":{\"@type\":\"ImageObject\",\"inLanguage\":\"es\",\"@id\":\"https:\/\/www.jesusvico.com\/blog\/#\/schema\/logo\/image\/\",\"url\":\"https:\/\/www.jesusvico.com\/blog\/wp-content\/uploads\/2022\/09\/Sin-ti\u0301tulo-1-1.png\",\"contentUrl\":\"https:\/\/www.jesusvico.com\/blog\/wp-content\/uploads\/2022\/09\/Sin-ti\u0301tulo-1-1.png\",\"width\":800,\"height\":200,\"caption\":\"Jes\u00fas Vico\"},\"image\":{\"@id\":\"https:\/\/www.jesusvico.com\/blog\/#\/schema\/logo\/image\/\"},\"sameAs\":[\"https:\/\/www.facebook.com\/JesusVicoNumismatica\",\"https:\/\/www.instagram.com\/jesusvico_numismatica\"]},{\"@type\":\"Person\",\"@id\":\"https:\/\/www.jesusvico.com\/blog\/#\/schema\/person\/387cca63b8a523b97f8417ba2ea4898d\",\"name\":\"Beatriz Camino Rodr\u00edguez\",\"image\":{\"@type\":\"ImageObject\",\"inLanguage\":\"es\",\"@id\":\"https:\/\/www.jesusvico.com\/blog\/#\/schema\/person\/image\/\",\"url\":\"https:\/\/secure.gravatar.com\/avatar\/209f7097263408e99625109131235b0ad575b41781a227cf958390d2adc61dbb?s=96&d=mm&r=g\",\"contentUrl\":\"https:\/\/secure.gravatar.com\/avatar\/209f7097263408e99625109131235b0ad575b41781a227cf958390d2adc61dbb?s=96&d=mm&r=g\",\"caption\":\"Beatriz Camino Rodr\u00edguez\"},\"url\":\"https:\/\/www.jesusvico.com\/blog\/author\/beatriz\/\"}]}<\/script>\n<!-- \/ Yoast SEO Premium plugin. -->","yoast_head_json":{"title":"El compositor George Frideric Handel completa \"El mes\u00edas\" | Jes\u00fas Vico","robots":{"index":"index","follow":"follow","max-snippet":"max-snippet:-1","max-image-preview":"max-image-preview:large","max-video-preview":"max-video-preview:-1"},"canonical":"https:\/\/www.jesusvico.com\/blog\/el-compositor-george-frideric-handel-completa-el-mesias\/","og_locale":"es_ES","og_type":"article","og_title":"El compositor George Frideric Handel completa \"El mes\u00edas\"","og_description":"George Frideric Handel (1685-1759) fue un compositor barroco alem\u00e1n nacionalizado ingl\u00e9s. Es conocido sobre todo por obras como El Mes\u00edas, M\u00fasica acu\u00e1tica y sus contribuciones a las \u00f3peras barrocas italianas y a los oratorios ingleses. Handel George Frideric Handel naci\u00f3 el 23 de febrero de 1685 en Halle (Alemania). Al principio, sus padres no le [&hellip;]","og_url":"https:\/\/www.jesusvico.com\/blog\/el-compositor-george-frideric-handel-completa-el-mesias\/","og_site_name":"Jes\u00fas Vico","article_publisher":"https:\/\/www.facebook.com\/JesusVicoNumismatica","article_published_time":"2024-10-02T11:44:58+00:00","article_modified_time":"2024-10-02T11:47:23+00:00","og_image":[{"width":1080,"height":675,"url":"https:\/\/www.jesusvico.com\/blog\/wp-content\/uploads\/2024\/10\/banner3-3-1080x675-2.jpg","type":"image\/jpeg"}],"author":"Beatriz Camino Rodr\u00edguez","twitter_card":"summary_large_image","twitter_misc":{"Escrito por":"Beatriz Camino Rodr\u00edguez"},"schema":{"@context":"https:\/\/schema.org","@graph":[{"@type":"Article","@id":"https:\/\/www.jesusvico.com\/blog\/el-compositor-george-frideric-handel-completa-el-mesias\/#article","isPartOf":{"@id":"https:\/\/www.jesusvico.com\/blog\/el-compositor-george-frideric-handel-completa-el-mesias\/"},"author":{"name":"Beatriz Camino Rodr\u00edguez","@id":"https:\/\/www.jesusvico.com\/blog\/#\/schema\/person\/387cca63b8a523b97f8417ba2ea4898d"},"headline":"El compositor George Frideric Handel completa \u00abEl mes\u00edas\u00bb","datePublished":"2024-10-02T11:44:58+00:00","dateModified":"2024-10-02T11:47:23+00:00","mainEntityOfPage":{"@id":"https:\/\/www.jesusvico.com\/blog\/el-compositor-george-frideric-handel-completa-el-mesias\/"},"wordCount":1077,"publisher":{"@id":"https:\/\/www.jesusvico.com\/blog\/#organization"},"image":{"@id":"https:\/\/www.jesusvico.com\/blog\/el-compositor-george-frideric-handel-completa-el-mesias\/#primaryimage"},"thumbnailUrl":"https:\/\/www.jesusvico.com\/blog\/wp-content\/uploads\/2024\/10\/banner3-3-1080x675-2.jpg","articleSection":["."],"inLanguage":"es"},{"@type":"WebPage","@id":"https:\/\/www.jesusvico.com\/blog\/el-compositor-george-frideric-handel-completa-el-mesias\/","url":"https:\/\/www.jesusvico.com\/blog\/el-compositor-george-frideric-handel-completa-el-mesias\/","name":"El compositor George Frideric Handel completa \"El mes\u00edas\" | Jes\u00fas Vico","isPartOf":{"@id":"https:\/\/www.jesusvico.com\/blog\/#website"},"primaryImageOfPage":{"@id":"https:\/\/www.jesusvico.com\/blog\/el-compositor-george-frideric-handel-completa-el-mesias\/#primaryimage"},"image":{"@id":"https:\/\/www.jesusvico.com\/blog\/el-compositor-george-frideric-handel-completa-el-mesias\/#primaryimage"},"thumbnailUrl":"https:\/\/www.jesusvico.com\/blog\/wp-content\/uploads\/2024\/10\/banner3-3-1080x675-2.jpg","datePublished":"2024-10-02T11:44:58+00:00","dateModified":"2024-10-02T11:47:23+00:00","breadcrumb":{"@id":"https:\/\/www.jesusvico.com\/blog\/el-compositor-george-frideric-handel-completa-el-mesias\/#breadcrumb"},"inLanguage":"es","potentialAction":[{"@type":"ReadAction","target":["https:\/\/www.jesusvico.com\/blog\/el-compositor-george-frideric-handel-completa-el-mesias\/"]}]},{"@type":"ImageObject","inLanguage":"es","@id":"https:\/\/www.jesusvico.com\/blog\/el-compositor-george-frideric-handel-completa-el-mesias\/#primaryimage","url":"https:\/\/www.jesusvico.com\/blog\/wp-content\/uploads\/2024\/10\/banner3-3-1080x675-2.jpg","contentUrl":"https:\/\/www.jesusvico.com\/blog\/wp-content\/uploads\/2024\/10\/banner3-3-1080x675-2.jpg","width":1080,"height":675},{"@type":"BreadcrumbList","@id":"https:\/\/www.jesusvico.com\/blog\/el-compositor-george-frideric-handel-completa-el-mesias\/#breadcrumb","itemListElement":[{"@type":"ListItem","position":1,"name":"Portada","item":"https:\/\/www.jesusvico.com\/blog\/"},{"@type":"ListItem","position":2,"name":"El compositor George Frideric Handel completa \u00abEl mes\u00edas\u00bb"}]},{"@type":"WebSite","@id":"https:\/\/www.jesusvico.com\/blog\/#website","url":"https:\/\/www.jesusvico.com\/blog\/","name":"Jes\u00fas Vico","description":"Blog - Jes\u00fas Vico","publisher":{"@id":"https:\/\/www.jesusvico.com\/blog\/#organization"},"potentialAction":[{"@type":"SearchAction","target":{"@type":"EntryPoint","urlTemplate":"https:\/\/www.jesusvico.com\/blog\/?s={search_term_string}"},"query-input":{"@type":"PropertyValueSpecification","valueRequired":true,"valueName":"search_term_string"}}],"inLanguage":"es"},{"@type":"Organization","@id":"https:\/\/www.jesusvico.com\/blog\/#organization","name":"Jes\u00fas Vico","url":"https:\/\/www.jesusvico.com\/blog\/","logo":{"@type":"ImageObject","inLanguage":"es","@id":"https:\/\/www.jesusvico.com\/blog\/#\/schema\/logo\/image\/","url":"https:\/\/www.jesusvico.com\/blog\/wp-content\/uploads\/2022\/09\/Sin-ti\u0301tulo-1-1.png","contentUrl":"https:\/\/www.jesusvico.com\/blog\/wp-content\/uploads\/2022\/09\/Sin-ti\u0301tulo-1-1.png","width":800,"height":200,"caption":"Jes\u00fas Vico"},"image":{"@id":"https:\/\/www.jesusvico.com\/blog\/#\/schema\/logo\/image\/"},"sameAs":["https:\/\/www.facebook.com\/JesusVicoNumismatica","https:\/\/www.instagram.com\/jesusvico_numismatica"]},{"@type":"Person","@id":"https:\/\/www.jesusvico.com\/blog\/#\/schema\/person\/387cca63b8a523b97f8417ba2ea4898d","name":"Beatriz Camino Rodr\u00edguez","image":{"@type":"ImageObject","inLanguage":"es","@id":"https:\/\/www.jesusvico.com\/blog\/#\/schema\/person\/image\/","url":"https:\/\/secure.gravatar.com\/avatar\/209f7097263408e99625109131235b0ad575b41781a227cf958390d2adc61dbb?s=96&d=mm&r=g","contentUrl":"https:\/\/secure.gravatar.com\/avatar\/209f7097263408e99625109131235b0ad575b41781a227cf958390d2adc61dbb?s=96&d=mm&r=g","caption":"Beatriz Camino Rodr\u00edguez"},"url":"https:\/\/www.jesusvico.com\/blog\/author\/beatriz\/"}]}},"_links":{"self":[{"href":"https:\/\/www.jesusvico.com\/blog\/wp-json\/wp\/v2\/posts\/781","targetHints":{"allow":["GET"]}}],"collection":[{"href":"https:\/\/www.jesusvico.com\/blog\/wp-json\/wp\/v2\/posts"}],"about":[{"href":"https:\/\/www.jesusvico.com\/blog\/wp-json\/wp\/v2\/types\/post"}],"author":[{"embeddable":true,"href":"https:\/\/www.jesusvico.com\/blog\/wp-json\/wp\/v2\/users\/5"}],"replies":[{"embeddable":true,"href":"https:\/\/www.jesusvico.com\/blog\/wp-json\/wp\/v2\/comments?post=781"}],"version-history":[{"count":3,"href":"https:\/\/www.jesusvico.com\/blog\/wp-json\/wp\/v2\/posts\/781\/revisions"}],"predecessor-version":[{"id":787,"href":"https:\/\/www.jesusvico.com\/blog\/wp-json\/wp\/v2\/posts\/781\/revisions\/787"}],"wp:featuredmedia":[{"embeddable":true,"href":"https:\/\/www.jesusvico.com\/blog\/wp-json\/wp\/v2\/media\/783"}],"wp:attachment":[{"href":"https:\/\/www.jesusvico.com\/blog\/wp-json\/wp\/v2\/media?parent=781"}],"wp:term":[{"taxonomy":"category","embeddable":true,"href":"https:\/\/www.jesusvico.com\/blog\/wp-json\/wp\/v2\/categories?post=781"},{"taxonomy":"post_tag","embeddable":true,"href":"https:\/\/www.jesusvico.com\/blog\/wp-json\/wp\/v2\/tags?post=781"}],"curies":[{"name":"wp","href":"https:\/\/api.w.org\/{rel}","templated":true}]}}