{"id":790,"date":"2024-10-17T13:36:47","date_gmt":"2024-10-17T13:36:47","guid":{"rendered":"https:\/\/www.jesusvico.com\/blog\/?p=790"},"modified":"2024-10-17T13:40:03","modified_gmt":"2024-10-17T13:40:03","slug":"felipe-iii-de-espana-ordena-la-expulsion-de-los-moriscos-22-de-septiembre-de-1609","status":"publish","type":"post","link":"https:\/\/www.jesusvico.com\/blog\/felipe-iii-de-espana-ordena-la-expulsion-de-los-moriscos-22-de-septiembre-de-1609\/","title":{"rendered":"Felipe III de Espa\u00f1a ordena la expulsi\u00f3n de los moriscos, 22 de septiembre de 1609"},"content":{"rendered":"\n[et_pb_section fb_built=\u00bb1&#8243; _builder_version=\u00bb4.27.2&#8243; _module_preset=\u00bbdefault\u00bb global_colors_info=\u00bb{}\u00bb][et_pb_row _builder_version=\u00bb4.27.2&#8243; _module_preset=\u00bbdefault\u00bb global_colors_info=\u00bb{}\u00bb][et_pb_column type=\u00bb4_4&#8243; _builder_version=\u00bb4.27.2&#8243; _module_preset=\u00bbdefault\u00bb global_colors_info=\u00bb{}\u00bb][et_pb_text _builder_version=\u00bb4.27.2&#8243; _module_preset=\u00bbdefault\u00bb global_colors_info=\u00bb{}\u00bb]<p>&nbsp;<\/p>\n<p>Entre 1609 y 1614, la Corona espa\u00f1ola promulg\u00f3 una serie de decretos para expulsar a los moriscos, descendientes de la poblaci\u00f3n musulmana de Espa\u00f1a convertidos por la fuerza al cristianismo.<\/p>\n<p><b>Antecedentes<\/b><\/p>\n<p>En varias partes de Espa\u00f1a surgieron tensiones entre los moriscos, descendientes de la poblaci\u00f3n musulmana de Espa\u00f1a que se hab\u00edan convertido al cristianismo, y los cristianos viejos, aquellos de ascendencia no morisca. Los cristianos viejos sol\u00edan dudar de la sinceridad de las conversiones de los moriscos y sospechaban que practicaban el Islam en secreto. Sin embargo, gran parte de la animosidad entre cristianos viejos y nuevos ten\u00eda su origen en divisiones \u00e9tnicas, m\u00e1s que en diferencias puramente religiosas.<\/p>\n<p>Durante el siglo XVI estallaron varias revueltas, la m\u00e1s importante de las cuales fue la de 1568-1573 contra el edicto de Felipe II que prohib\u00eda el \u00e1rabe y los nombres \u00e1rabes y obligaba a los ni\u00f1os moriscos a ser educados por sacerdotes cristianos. Tras la violenta represi\u00f3n de la revuelta, Felipe orden\u00f3 la dispersi\u00f3n de los moriscos granadinos a otras partes de Espa\u00f1a, con la esperanza de que esto condujera a su asimilaci\u00f3n. Aunque tuvo cierto \u00e9xito, las pr\u00e1cticas isl\u00e1micas y las tensiones \u00e9tnicas persistieron.<\/p>\n<p>Al mismo tiempo, el poder de Espa\u00f1a en Europa se debilitaba. Los rebeldes protestantes de los Pa\u00edses Bajos se apoderaron con \u00e9xito de gran parte del territorio espa\u00f1ol, formando la Rep\u00fablica Holandesa. Esta derrota, unida a las cr\u00edticas protestantes que acusaban a Espa\u00f1a de estar \u00abcorrompida\u00bb por los musulmanes, empuj\u00f3 a la clase dirigente espa\u00f1ola hacia acciones m\u00e1s radicales.<\/p>\n<p>La situaci\u00f3n empeor\u00f3 cuando una recesi\u00f3n golpe\u00f3 al pa\u00eds debido a la disminuci\u00f3n del oro y los tesoros de las colonias americanas de Espa\u00f1a. La consiguiente recesi\u00f3n econ\u00f3mica agudiz\u00f3 las tensiones entre moriscos y cristianos viejos, ya que ambos grupos compet\u00edan por unos empleos y unos recursos cada vez m\u00e1s escasos.<\/p>\n<p><b>La expulsi\u00f3n de los moriscos<\/b><\/p>\n<p>El duque de Lerma, con la ayuda del arzobispo de Valencia, Juan de Ribera, desempe\u00f1\u00f3 un papel fundamental para convencer al rey Felipe III de que procediera a la expulsi\u00f3n de los moriscos. Ribera, que consideraba a los moriscos herejes y traidores, propuso que la expulsi\u00f3n pod\u00eda beneficiar econ\u00f3micamente a la corona. Sugiri\u00f3 que la confiscaci\u00f3n de los bienes de los moriscos supondr\u00eda un aumento sustancial del tesoro real.<\/p>\n<p>El 9 de abril de 1609 se firm\u00f3 oficialmente el edicto de expulsi\u00f3n. Dada la gran envergadura de la operaci\u00f3n, se decidi\u00f3 comenzar por Valencia, que contaba con la mayor poblaci\u00f3n morisca. El 22 de septiembre, el virrey anunci\u00f3 el decreto, pero se encontr\u00f3 con la oposici\u00f3n inmediata de la aristocracia valenciana, que tem\u00eda que la p\u00e9rdida de trabajadores moriscos devastara sus ingresos agr\u00edcolas. El gobierno ofreci\u00f3 parte de las propiedades y tierras confiscadas a la aristocracia como compensaci\u00f3n, aunque fue insuficiente para compensar sus p\u00e9rdidas.<\/p>\n<p>La expulsi\u00f3n de los moriscos comenz\u00f3 el 30 de septiembre, con los primeros grupos transportados a los puertos. S\u00f3lo se les permiti\u00f3 llevar sus pertenencias personales, mientras que sus casas y tierras fueron transferidas a sus antiguos amos. Al llegar al norte de \u00c1frica, los moriscos encontraron hostilidad en algunas regiones y se enfrentaron a levantamientos ocasionales a bordo de los barcos, lo que provoc\u00f3 enfrentamientos con la tripulaci\u00f3n y m\u00e1s bajas. El temor a una violencia similar incit\u00f3 varias rebeliones entre los moriscos que quedaban en Valencia.<\/p>\n<p><b>Consecuencias<\/b><\/p>\n<p>Evaluar el \u00e9xito de la expulsi\u00f3n de los moriscos es todo un reto y recientemente ha sido objeto de una reevaluaci\u00f3n acad\u00e9mica. Algunas estimaciones, basadas en los registros de las \u00f3rdenes de expulsi\u00f3n, apuntan a unos 300.000 moriscos, mientras que otras m\u00e1s recientes proponen cifras de hasta un mill\u00f3n.<\/p>\n<p>En 1619, el Consejo de Castilla evalu\u00f3 el impacto de la expulsi\u00f3n y concluy\u00f3 que hab\u00eda tenido un efecto econ\u00f3mico m\u00ednimo en todo el pa\u00eds. Esta conclusi\u00f3n se aplic\u00f3 principalmente a Castilla, pero el Reino de Valencia se enfrent\u00f3 a un escenario totalmente diferente. La expulsi\u00f3n, que elimin\u00f3 aproximadamente a un tercio de la poblaci\u00f3n valenciana, provoc\u00f3 graves trastornos econ\u00f3micos. Los campos de cultivo quedaron en barbecho, y sectores econ\u00f3micos vitales quedaron sin cubrir, mientras los cristianos nativos luchaban por hacerse cargo de estas funciones.<\/p>\n<p>La expulsi\u00f3n afect\u00f3 profundamente no s\u00f3lo a las econom\u00edas aragonesa y valenciana, sino tambi\u00e9n a la din\u00e1mica de poder entre sus nobles. La antigua Corona de Arag\u00f3n, ya eclipsada por la m\u00e1s pr\u00f3spera y populosa Corona de Castilla, vio disminuir a\u00fan m\u00e1s su influencia. Mientras tanto, los nobles catalanes, menos afectados por la ausencia de poblaci\u00f3n morisca, ganaron protagonismo. Este cambio contribuy\u00f3 a un reajuste del poder de Valencia al Principado de Catalu\u00f1a dentro de la Corona de Arag\u00f3n.<\/p>\n<p>Autora: Beatriz Camino Rodr\u00edguez.<\/p>\n<p>&nbsp;<\/p>\n<p>&nbsp;<\/p>\n<p>&nbsp;<\/p>\n<p>&nbsp;<\/p>\n<p>&nbsp;<\/p>\n<p>&nbsp;<\/p>[\/et_pb_text][\/et_pb_column][\/et_pb_row][\/et_pb_section]\n","protected":false},"excerpt":{"rendered":"<p>&nbsp; Entre 1609 y 1614, la Corona espa\u00f1ola promulg\u00f3 una serie de decretos para expulsar a los moriscos, descendientes de la poblaci\u00f3n musulmana de Espa\u00f1a convertidos por la fuerza al cristianismo. Antecedentes En varias partes de Espa\u00f1a surgieron tensiones entre los moriscos, descendientes de la poblaci\u00f3n musulmana de Espa\u00f1a que se hab\u00edan convertido al cristianismo, [&hellip;]<\/p>\n","protected":false},"author":5,"featured_media":792,"comment_status":"closed","ping_status":"open","sticky":false,"template":"","format":"standard","meta":{"_et_pb_use_builder":"on","_et_pb_old_content":"","_et_gb_content_width":"","footnotes":""},"categories":[1],"tags":[],"class_list":["post-790","post","type-post","status-publish","format-standard","has-post-thumbnail","hentry","category-sin-categoria"],"yoast_head":"<!-- This site is optimized with the Yoast SEO Premium plugin v19.3 (Yoast SEO v24.2) - https:\/\/yoast.com\/wordpress\/plugins\/seo\/ -->\n<title>Felipe III de Espa\u00f1a ordena la expulsi\u00f3n de los moriscos, 22 de septiembre de 1609 | Jes\u00fas Vico<\/title>\n<meta name=\"robots\" content=\"index, follow, max-snippet:-1, max-image-preview:large, max-video-preview:-1\" \/>\n<link rel=\"canonical\" href=\"https:\/\/www.jesusvico.com\/blog\/felipe-iii-de-espana-ordena-la-expulsion-de-los-moriscos-22-de-septiembre-de-1609\/\" \/>\n<meta property=\"og:locale\" content=\"es_ES\" \/>\n<meta property=\"og:type\" content=\"article\" \/>\n<meta property=\"og:title\" content=\"Felipe III de Espa\u00f1a ordena la expulsi\u00f3n de los moriscos, 22 de septiembre de 1609\" \/>\n<meta property=\"og:description\" content=\"&nbsp; Entre 1609 y 1614, la Corona espa\u00f1ola promulg\u00f3 una serie de decretos para expulsar a los moriscos, descendientes de la poblaci\u00f3n musulmana de Espa\u00f1a convertidos por la fuerza al cristianismo. Antecedentes En varias partes de Espa\u00f1a surgieron tensiones entre los moriscos, descendientes de la poblaci\u00f3n musulmana de Espa\u00f1a que se hab\u00edan convertido al cristianismo, [&hellip;]\" \/>\n<meta property=\"og:url\" content=\"https:\/\/www.jesusvico.com\/blog\/felipe-iii-de-espana-ordena-la-expulsion-de-los-moriscos-22-de-septiembre-de-1609\/\" \/>\n<meta property=\"og:site_name\" content=\"Jes\u00fas Vico\" \/>\n<meta property=\"article:publisher\" content=\"https:\/\/www.facebook.com\/JesusVicoNumismatica\" \/>\n<meta property=\"article:published_time\" content=\"2024-10-17T13:36:47+00:00\" \/>\n<meta property=\"article:modified_time\" content=\"2024-10-17T13:40:03+00:00\" \/>\n<meta property=\"og:image\" content=\"https:\/\/www.jesusvico.com\/blog\/wp-content\/uploads\/2024\/10\/banner3-3-1080x675-2-1.jpg\" \/>\n\t<meta property=\"og:image:width\" content=\"1080\" \/>\n\t<meta property=\"og:image:height\" content=\"675\" \/>\n\t<meta property=\"og:image:type\" content=\"image\/jpeg\" \/>\n<meta name=\"author\" content=\"Beatriz Camino Rodr\u00edguez\" \/>\n<meta name=\"twitter:card\" content=\"summary_large_image\" \/>\n<meta name=\"twitter:label1\" content=\"Escrito por\" \/>\n\t<meta name=\"twitter:data1\" content=\"Beatriz Camino Rodr\u00edguez\" \/>\n\t<meta name=\"twitter:label2\" content=\"Tiempo de lectura\" \/>\n\t<meta name=\"twitter:data2\" content=\"4 minutos\" \/>\n<script type=\"application\/ld+json\" class=\"yoast-schema-graph\">{\"@context\":\"https:\/\/schema.org\",\"@graph\":[{\"@type\":\"Article\",\"@id\":\"https:\/\/www.jesusvico.com\/blog\/felipe-iii-de-espana-ordena-la-expulsion-de-los-moriscos-22-de-septiembre-de-1609\/#article\",\"isPartOf\":{\"@id\":\"https:\/\/www.jesusvico.com\/blog\/felipe-iii-de-espana-ordena-la-expulsion-de-los-moriscos-22-de-septiembre-de-1609\/\"},\"author\":{\"name\":\"Beatriz Camino Rodr\u00edguez\",\"@id\":\"https:\/\/www.jesusvico.com\/blog\/#\/schema\/person\/387cca63b8a523b97f8417ba2ea4898d\"},\"headline\":\"Felipe III de Espa\u00f1a ordena la expulsi\u00f3n de los moriscos, 22 de septiembre de 1609\",\"datePublished\":\"2024-10-17T13:36:47+00:00\",\"dateModified\":\"2024-10-17T13:40:03+00:00\",\"mainEntityOfPage\":{\"@id\":\"https:\/\/www.jesusvico.com\/blog\/felipe-iii-de-espana-ordena-la-expulsion-de-los-moriscos-22-de-septiembre-de-1609\/\"},\"wordCount\":929,\"publisher\":{\"@id\":\"https:\/\/www.jesusvico.com\/blog\/#organization\"},\"image\":{\"@id\":\"https:\/\/www.jesusvico.com\/blog\/felipe-iii-de-espana-ordena-la-expulsion-de-los-moriscos-22-de-septiembre-de-1609\/#primaryimage\"},\"thumbnailUrl\":\"https:\/\/www.jesusvico.com\/blog\/wp-content\/uploads\/2024\/10\/banner3-3-1080x675-2-1.jpg\",\"articleSection\":[\".\"],\"inLanguage\":\"es\"},{\"@type\":\"WebPage\",\"@id\":\"https:\/\/www.jesusvico.com\/blog\/felipe-iii-de-espana-ordena-la-expulsion-de-los-moriscos-22-de-septiembre-de-1609\/\",\"url\":\"https:\/\/www.jesusvico.com\/blog\/felipe-iii-de-espana-ordena-la-expulsion-de-los-moriscos-22-de-septiembre-de-1609\/\",\"name\":\"Felipe III de Espa\u00f1a ordena la expulsi\u00f3n de los moriscos, 22 de septiembre de 1609 | Jes\u00fas Vico\",\"isPartOf\":{\"@id\":\"https:\/\/www.jesusvico.com\/blog\/#website\"},\"primaryImageOfPage\":{\"@id\":\"https:\/\/www.jesusvico.com\/blog\/felipe-iii-de-espana-ordena-la-expulsion-de-los-moriscos-22-de-septiembre-de-1609\/#primaryimage\"},\"image\":{\"@id\":\"https:\/\/www.jesusvico.com\/blog\/felipe-iii-de-espana-ordena-la-expulsion-de-los-moriscos-22-de-septiembre-de-1609\/#primaryimage\"},\"thumbnailUrl\":\"https:\/\/www.jesusvico.com\/blog\/wp-content\/uploads\/2024\/10\/banner3-3-1080x675-2-1.jpg\",\"datePublished\":\"2024-10-17T13:36:47+00:00\",\"dateModified\":\"2024-10-17T13:40:03+00:00\",\"breadcrumb\":{\"@id\":\"https:\/\/www.jesusvico.com\/blog\/felipe-iii-de-espana-ordena-la-expulsion-de-los-moriscos-22-de-septiembre-de-1609\/#breadcrumb\"},\"inLanguage\":\"es\",\"potentialAction\":[{\"@type\":\"ReadAction\",\"target\":[\"https:\/\/www.jesusvico.com\/blog\/felipe-iii-de-espana-ordena-la-expulsion-de-los-moriscos-22-de-septiembre-de-1609\/\"]}]},{\"@type\":\"ImageObject\",\"inLanguage\":\"es\",\"@id\":\"https:\/\/www.jesusvico.com\/blog\/felipe-iii-de-espana-ordena-la-expulsion-de-los-moriscos-22-de-septiembre-de-1609\/#primaryimage\",\"url\":\"https:\/\/www.jesusvico.com\/blog\/wp-content\/uploads\/2024\/10\/banner3-3-1080x675-2-1.jpg\",\"contentUrl\":\"https:\/\/www.jesusvico.com\/blog\/wp-content\/uploads\/2024\/10\/banner3-3-1080x675-2-1.jpg\",\"width\":1080,\"height\":675},{\"@type\":\"BreadcrumbList\",\"@id\":\"https:\/\/www.jesusvico.com\/blog\/felipe-iii-de-espana-ordena-la-expulsion-de-los-moriscos-22-de-septiembre-de-1609\/#breadcrumb\",\"itemListElement\":[{\"@type\":\"ListItem\",\"position\":1,\"name\":\"Portada\",\"item\":\"https:\/\/www.jesusvico.com\/blog\/\"},{\"@type\":\"ListItem\",\"position\":2,\"name\":\"Felipe III de Espa\u00f1a ordena la expulsi\u00f3n de los moriscos, 22 de septiembre de 1609\"}]},{\"@type\":\"WebSite\",\"@id\":\"https:\/\/www.jesusvico.com\/blog\/#website\",\"url\":\"https:\/\/www.jesusvico.com\/blog\/\",\"name\":\"Jes\u00fas Vico\",\"description\":\"Blog - Jes\u00fas Vico\",\"publisher\":{\"@id\":\"https:\/\/www.jesusvico.com\/blog\/#organization\"},\"potentialAction\":[{\"@type\":\"SearchAction\",\"target\":{\"@type\":\"EntryPoint\",\"urlTemplate\":\"https:\/\/www.jesusvico.com\/blog\/?s={search_term_string}\"},\"query-input\":{\"@type\":\"PropertyValueSpecification\",\"valueRequired\":true,\"valueName\":\"search_term_string\"}}],\"inLanguage\":\"es\"},{\"@type\":\"Organization\",\"@id\":\"https:\/\/www.jesusvico.com\/blog\/#organization\",\"name\":\"Jes\u00fas Vico\",\"url\":\"https:\/\/www.jesusvico.com\/blog\/\",\"logo\":{\"@type\":\"ImageObject\",\"inLanguage\":\"es\",\"@id\":\"https:\/\/www.jesusvico.com\/blog\/#\/schema\/logo\/image\/\",\"url\":\"https:\/\/www.jesusvico.com\/blog\/wp-content\/uploads\/2022\/09\/Sin-ti\u0301tulo-1-1.png\",\"contentUrl\":\"https:\/\/www.jesusvico.com\/blog\/wp-content\/uploads\/2022\/09\/Sin-ti\u0301tulo-1-1.png\",\"width\":800,\"height\":200,\"caption\":\"Jes\u00fas Vico\"},\"image\":{\"@id\":\"https:\/\/www.jesusvico.com\/blog\/#\/schema\/logo\/image\/\"},\"sameAs\":[\"https:\/\/www.facebook.com\/JesusVicoNumismatica\",\"https:\/\/www.instagram.com\/jesusvico_numismatica\"]},{\"@type\":\"Person\",\"@id\":\"https:\/\/www.jesusvico.com\/blog\/#\/schema\/person\/387cca63b8a523b97f8417ba2ea4898d\",\"name\":\"Beatriz Camino Rodr\u00edguez\",\"image\":{\"@type\":\"ImageObject\",\"inLanguage\":\"es\",\"@id\":\"https:\/\/www.jesusvico.com\/blog\/#\/schema\/person\/image\/\",\"url\":\"https:\/\/secure.gravatar.com\/avatar\/209f7097263408e99625109131235b0ad575b41781a227cf958390d2adc61dbb?s=96&d=mm&r=g\",\"contentUrl\":\"https:\/\/secure.gravatar.com\/avatar\/209f7097263408e99625109131235b0ad575b41781a227cf958390d2adc61dbb?s=96&d=mm&r=g\",\"caption\":\"Beatriz Camino Rodr\u00edguez\"},\"url\":\"https:\/\/www.jesusvico.com\/blog\/author\/beatriz\/\"}]}<\/script>\n<!-- \/ Yoast SEO Premium plugin. -->","yoast_head_json":{"title":"Felipe III de Espa\u00f1a ordena la expulsi\u00f3n de los moriscos, 22 de septiembre de 1609 | Jes\u00fas Vico","robots":{"index":"index","follow":"follow","max-snippet":"max-snippet:-1","max-image-preview":"max-image-preview:large","max-video-preview":"max-video-preview:-1"},"canonical":"https:\/\/www.jesusvico.com\/blog\/felipe-iii-de-espana-ordena-la-expulsion-de-los-moriscos-22-de-septiembre-de-1609\/","og_locale":"es_ES","og_type":"article","og_title":"Felipe III de Espa\u00f1a ordena la expulsi\u00f3n de los moriscos, 22 de septiembre de 1609","og_description":"&nbsp; Entre 1609 y 1614, la Corona espa\u00f1ola promulg\u00f3 una serie de decretos para expulsar a los moriscos, descendientes de la poblaci\u00f3n musulmana de Espa\u00f1a convertidos por la fuerza al cristianismo. Antecedentes En varias partes de Espa\u00f1a surgieron tensiones entre los moriscos, descendientes de la poblaci\u00f3n musulmana de Espa\u00f1a que se hab\u00edan convertido al cristianismo, [&hellip;]","og_url":"https:\/\/www.jesusvico.com\/blog\/felipe-iii-de-espana-ordena-la-expulsion-de-los-moriscos-22-de-septiembre-de-1609\/","og_site_name":"Jes\u00fas Vico","article_publisher":"https:\/\/www.facebook.com\/JesusVicoNumismatica","article_published_time":"2024-10-17T13:36:47+00:00","article_modified_time":"2024-10-17T13:40:03+00:00","og_image":[{"width":1080,"height":675,"url":"https:\/\/www.jesusvico.com\/blog\/wp-content\/uploads\/2024\/10\/banner3-3-1080x675-2-1.jpg","type":"image\/jpeg"}],"author":"Beatriz Camino Rodr\u00edguez","twitter_card":"summary_large_image","twitter_misc":{"Escrito por":"Beatriz Camino Rodr\u00edguez","Tiempo de lectura":"4 minutos"},"schema":{"@context":"https:\/\/schema.org","@graph":[{"@type":"Article","@id":"https:\/\/www.jesusvico.com\/blog\/felipe-iii-de-espana-ordena-la-expulsion-de-los-moriscos-22-de-septiembre-de-1609\/#article","isPartOf":{"@id":"https:\/\/www.jesusvico.com\/blog\/felipe-iii-de-espana-ordena-la-expulsion-de-los-moriscos-22-de-septiembre-de-1609\/"},"author":{"name":"Beatriz Camino Rodr\u00edguez","@id":"https:\/\/www.jesusvico.com\/blog\/#\/schema\/person\/387cca63b8a523b97f8417ba2ea4898d"},"headline":"Felipe III de Espa\u00f1a ordena la expulsi\u00f3n de los moriscos, 22 de septiembre de 1609","datePublished":"2024-10-17T13:36:47+00:00","dateModified":"2024-10-17T13:40:03+00:00","mainEntityOfPage":{"@id":"https:\/\/www.jesusvico.com\/blog\/felipe-iii-de-espana-ordena-la-expulsion-de-los-moriscos-22-de-septiembre-de-1609\/"},"wordCount":929,"publisher":{"@id":"https:\/\/www.jesusvico.com\/blog\/#organization"},"image":{"@id":"https:\/\/www.jesusvico.com\/blog\/felipe-iii-de-espana-ordena-la-expulsion-de-los-moriscos-22-de-septiembre-de-1609\/#primaryimage"},"thumbnailUrl":"https:\/\/www.jesusvico.com\/blog\/wp-content\/uploads\/2024\/10\/banner3-3-1080x675-2-1.jpg","articleSection":["."],"inLanguage":"es"},{"@type":"WebPage","@id":"https:\/\/www.jesusvico.com\/blog\/felipe-iii-de-espana-ordena-la-expulsion-de-los-moriscos-22-de-septiembre-de-1609\/","url":"https:\/\/www.jesusvico.com\/blog\/felipe-iii-de-espana-ordena-la-expulsion-de-los-moriscos-22-de-septiembre-de-1609\/","name":"Felipe III de Espa\u00f1a ordena la expulsi\u00f3n de los moriscos, 22 de septiembre de 1609 | Jes\u00fas Vico","isPartOf":{"@id":"https:\/\/www.jesusvico.com\/blog\/#website"},"primaryImageOfPage":{"@id":"https:\/\/www.jesusvico.com\/blog\/felipe-iii-de-espana-ordena-la-expulsion-de-los-moriscos-22-de-septiembre-de-1609\/#primaryimage"},"image":{"@id":"https:\/\/www.jesusvico.com\/blog\/felipe-iii-de-espana-ordena-la-expulsion-de-los-moriscos-22-de-septiembre-de-1609\/#primaryimage"},"thumbnailUrl":"https:\/\/www.jesusvico.com\/blog\/wp-content\/uploads\/2024\/10\/banner3-3-1080x675-2-1.jpg","datePublished":"2024-10-17T13:36:47+00:00","dateModified":"2024-10-17T13:40:03+00:00","breadcrumb":{"@id":"https:\/\/www.jesusvico.com\/blog\/felipe-iii-de-espana-ordena-la-expulsion-de-los-moriscos-22-de-septiembre-de-1609\/#breadcrumb"},"inLanguage":"es","potentialAction":[{"@type":"ReadAction","target":["https:\/\/www.jesusvico.com\/blog\/felipe-iii-de-espana-ordena-la-expulsion-de-los-moriscos-22-de-septiembre-de-1609\/"]}]},{"@type":"ImageObject","inLanguage":"es","@id":"https:\/\/www.jesusvico.com\/blog\/felipe-iii-de-espana-ordena-la-expulsion-de-los-moriscos-22-de-septiembre-de-1609\/#primaryimage","url":"https:\/\/www.jesusvico.com\/blog\/wp-content\/uploads\/2024\/10\/banner3-3-1080x675-2-1.jpg","contentUrl":"https:\/\/www.jesusvico.com\/blog\/wp-content\/uploads\/2024\/10\/banner3-3-1080x675-2-1.jpg","width":1080,"height":675},{"@type":"BreadcrumbList","@id":"https:\/\/www.jesusvico.com\/blog\/felipe-iii-de-espana-ordena-la-expulsion-de-los-moriscos-22-de-septiembre-de-1609\/#breadcrumb","itemListElement":[{"@type":"ListItem","position":1,"name":"Portada","item":"https:\/\/www.jesusvico.com\/blog\/"},{"@type":"ListItem","position":2,"name":"Felipe III de Espa\u00f1a ordena la expulsi\u00f3n de los moriscos, 22 de septiembre de 1609"}]},{"@type":"WebSite","@id":"https:\/\/www.jesusvico.com\/blog\/#website","url":"https:\/\/www.jesusvico.com\/blog\/","name":"Jes\u00fas Vico","description":"Blog - Jes\u00fas Vico","publisher":{"@id":"https:\/\/www.jesusvico.com\/blog\/#organization"},"potentialAction":[{"@type":"SearchAction","target":{"@type":"EntryPoint","urlTemplate":"https:\/\/www.jesusvico.com\/blog\/?s={search_term_string}"},"query-input":{"@type":"PropertyValueSpecification","valueRequired":true,"valueName":"search_term_string"}}],"inLanguage":"es"},{"@type":"Organization","@id":"https:\/\/www.jesusvico.com\/blog\/#organization","name":"Jes\u00fas Vico","url":"https:\/\/www.jesusvico.com\/blog\/","logo":{"@type":"ImageObject","inLanguage":"es","@id":"https:\/\/www.jesusvico.com\/blog\/#\/schema\/logo\/image\/","url":"https:\/\/www.jesusvico.com\/blog\/wp-content\/uploads\/2022\/09\/Sin-ti\u0301tulo-1-1.png","contentUrl":"https:\/\/www.jesusvico.com\/blog\/wp-content\/uploads\/2022\/09\/Sin-ti\u0301tulo-1-1.png","width":800,"height":200,"caption":"Jes\u00fas Vico"},"image":{"@id":"https:\/\/www.jesusvico.com\/blog\/#\/schema\/logo\/image\/"},"sameAs":["https:\/\/www.facebook.com\/JesusVicoNumismatica","https:\/\/www.instagram.com\/jesusvico_numismatica"]},{"@type":"Person","@id":"https:\/\/www.jesusvico.com\/blog\/#\/schema\/person\/387cca63b8a523b97f8417ba2ea4898d","name":"Beatriz Camino Rodr\u00edguez","image":{"@type":"ImageObject","inLanguage":"es","@id":"https:\/\/www.jesusvico.com\/blog\/#\/schema\/person\/image\/","url":"https:\/\/secure.gravatar.com\/avatar\/209f7097263408e99625109131235b0ad575b41781a227cf958390d2adc61dbb?s=96&d=mm&r=g","contentUrl":"https:\/\/secure.gravatar.com\/avatar\/209f7097263408e99625109131235b0ad575b41781a227cf958390d2adc61dbb?s=96&d=mm&r=g","caption":"Beatriz Camino Rodr\u00edguez"},"url":"https:\/\/www.jesusvico.com\/blog\/author\/beatriz\/"}]}},"_links":{"self":[{"href":"https:\/\/www.jesusvico.com\/blog\/wp-json\/wp\/v2\/posts\/790","targetHints":{"allow":["GET"]}}],"collection":[{"href":"https:\/\/www.jesusvico.com\/blog\/wp-json\/wp\/v2\/posts"}],"about":[{"href":"https:\/\/www.jesusvico.com\/blog\/wp-json\/wp\/v2\/types\/post"}],"author":[{"embeddable":true,"href":"https:\/\/www.jesusvico.com\/blog\/wp-json\/wp\/v2\/users\/5"}],"replies":[{"embeddable":true,"href":"https:\/\/www.jesusvico.com\/blog\/wp-json\/wp\/v2\/comments?post=790"}],"version-history":[{"count":4,"href":"https:\/\/www.jesusvico.com\/blog\/wp-json\/wp\/v2\/posts\/790\/revisions"}],"predecessor-version":[{"id":798,"href":"https:\/\/www.jesusvico.com\/blog\/wp-json\/wp\/v2\/posts\/790\/revisions\/798"}],"wp:featuredmedia":[{"embeddable":true,"href":"https:\/\/www.jesusvico.com\/blog\/wp-json\/wp\/v2\/media\/792"}],"wp:attachment":[{"href":"https:\/\/www.jesusvico.com\/blog\/wp-json\/wp\/v2\/media?parent=790"}],"wp:term":[{"taxonomy":"category","embeddable":true,"href":"https:\/\/www.jesusvico.com\/blog\/wp-json\/wp\/v2\/categories?post=790"},{"taxonomy":"post_tag","embeddable":true,"href":"https:\/\/www.jesusvico.com\/blog\/wp-json\/wp\/v2\/tags?post=790"}],"curies":[{"name":"wp","href":"https:\/\/api.w.org\/{rel}","templated":true}]}}