{"id":896,"date":"2025-01-24T14:41:52","date_gmt":"2025-01-24T14:41:52","guid":{"rendered":"https:\/\/www.jesusvico.com\/blog\/?p=896"},"modified":"2025-01-24T14:41:53","modified_gmt":"2025-01-24T14:41:53","slug":"nacio-el-emperador-romano-adriano","status":"publish","type":"post","link":"https:\/\/www.jesusvico.com\/blog\/nacio-el-emperador-romano-adriano\/","title":{"rendered":"Naci\u00f3 el emperador romano Adriano"},"content":{"rendered":"<p>[et_pb_section fb_built=\u00bb1&#8243; theme_builder_area=\u00bbpost_content\u00bb _builder_version=\u00bb4.27.4&#8243; _module_preset=\u00bbdefault\u00bb][et_pb_row _builder_version=\u00bb4.27.4&#8243; _module_preset=\u00bbdefault\u00bb theme_builder_area=\u00bbpost_content\u00bb][et_pb_column _builder_version=\u00bb4.27.4&#8243; _module_preset=\u00bbdefault\u00bb type=\u00bb4_4&#8243; theme_builder_area=\u00bbpost_content\u00bb][et_pb_text _builder_version=\u00bb4.27.4&#8243; _module_preset=\u00bbdefault\u00bb theme_builder_area=\u00bbpost_content\u00bb hover_enabled=\u00bb0&#8243; sticky_enabled=\u00bb0&#8243;]<\/p>\n<p>Adriano (76-138 d.C.) fue un emperador romano conocido por consolidar y fortalecer el imperio, incluida la construcci\u00f3n del Muro de Adriano en Britania. Promovi\u00f3 la cultura griega, las reformas militares y amplios proyectos arquitect\u00f3nicos en todo el imperio.<\/p>\n<h2><strong>Vida temprana<\/strong><\/h2>\n<p>Adriano naci\u00f3 en el a\u00f1o 76 en It\u00e1lica, Hispania (actual Sevilla, Espa\u00f1a), Su padre, senador, falleci\u00f3 cuando Adriano ten\u00eda 10 a\u00f1os, lo que motiv\u00f3 su traslado a Roma hacia el a\u00f1o 86 bajo la tutela de Trajano antes de que \u00e9ste se convirtiera en emperador. La esposa de Trajano, Plotina, se interes\u00f3 especialmente por Adriano, alimentando su pasi\u00f3n por la literatura, en particular por la poes\u00eda y la cultura griegas. Su profunda admiraci\u00f3n por la cultura griega comenz\u00f3 en su juventud y persisti\u00f3 durante todo su reinado, lo que le llev\u00f3 a asociarse frecuentemente con Grecia, incluso en la \u00e9poca moderna, donde a veces se piensa err\u00f3neamente que era de ascendencia griega.<\/p>\n<p>El primer papel militar de Adriano fue como tribuno bajo el mandato del emperador Nerva, y se le encomend\u00f3 informar a Trajano de su sucesi\u00f3n. Cuando Nerva muri\u00f3 y Trajano ascendi\u00f3 al trono, Adriano sigui\u00f3 gan\u00e1ndose su favor, aunque algunos bi\u00f3grafos sugieren que sus or\u00edgenes espa\u00f1oles compartidos podr\u00edan haber impulsado a Trajano a adoptar a Adriano como heredero. La cuesti\u00f3n de la sucesi\u00f3n de Adriano sigue siendo objeto de debate, ya que Trajano nunca le nombr\u00f3 formalmente heredero. Cuando Trajano muri\u00f3 en 117 durante una campa\u00f1a en Cilicia, Adriano lideraba la retaguardia. Plotina firm\u00f3 los papeles de sucesi\u00f3n, afirmando que Trajano hab\u00eda elegido a Adriano, aunque muchos creen que ella orquest\u00f3 su ascenso. A pesar de ello, Trajano respetaba a Adriano y probablemente lo ve\u00eda como un firme candidato a la sucesi\u00f3n.<\/p>\n<p>Plotina desempe\u00f1\u00f3 un papel fundamental en la carrera de Adriano, con el apoyo de la sobrina de Trajano, Salonia Matidia, que abog\u00f3 por su matrimonio con su hija, Vibia Sabina. A pesar de sus esfuerzos, el matrimonio no fue armonioso, ya que Sabina nunca lo acept\u00f3 plenamente y Adriano prefer\u00eda la compa\u00f1\u00eda masculina.<\/p>\n<h2><strong>Su reinado<\/strong><\/h2>\n<p>Los estrechos lazos de Adriano con los militares le aseguraron un apoyo inquebrantable, por lo que el Senado romano fue incapaz de desafiar su gobierno. Fue ampliamente aceptado por el pueblo romano y mantuvo su popularidad durante todo su reinado. A diferencia de emperadores anteriores como Ner\u00f3n, Adriano no fue criticado por pasar una parte significativa de su reinado -12 de 21 a\u00f1os- viajando por todo el imperio. Visit\u00f3 varias provincias para supervisar la administraci\u00f3n, inspeccionar la disciplina militar y gestionar el gobierno.<\/p>\n<p>El reinado de Adriano se caracteriz\u00f3 por la prosperidad, los avances culturales y la excelencia administrativa, lo que le convirti\u00f3 en uno de los emperadores m\u00e1s notables de Roma. Uno de sus legados m\u00e1s perdurables son sus aportaciones arquitect\u00f3nicas. En Roma, emprendi\u00f3 importantes proyectos de construcci\u00f3n, como la reconstrucci\u00f3n del Pante\u00f3n tras su destrucci\u00f3n por un incendio y la restauraci\u00f3n del Foro de Trajano. Tambi\u00e9n financi\u00f3 la construcci\u00f3n de otras muchas estructuras, como termas y villas romanas. Muchos de estos edificios perduraron durante siglos, y el Pante\u00f3n permanece intacto y accesible en la actualidad.<\/p>\n<p>En 122, tras una revuelta en Britania, orden\u00f3 la construcci\u00f3n del Muro de Adriano para fortificar la regi\u00f3n contra las invasiones del norte. Tambi\u00e9n supervis\u00f3 la mejora de las infraestructuras en todo el imperio, estableciendo ciudades, mejorando las carreteras y encargando obras monumentales en regiones como la Pen\u00ednsula Balc\u00e1nica, Egipto, Asia Menor, el norte de \u00c1frica y Grecia. Los ciudadanos de Atenas le rindieron homenaje con la construcci\u00f3n del Arco de Adriano en 131\/132, reconoci\u00e9ndole como benefactor junto al tradicional fundador de la ciudad, Teseo.<\/p>\n<p>Tras su visita a Britania, Adriano viaj\u00f3 a Asia Menor e inspeccion\u00f3 la restauraci\u00f3n de Nicomedia, que hab\u00eda financiado tras un terremoto. En 123, ya fuera en Nicomedia o en la cercana Claudi\u00f3polis, conoci\u00f3 a Antinoo, un joven que se convirti\u00f3 en su \u00edntimo compa\u00f1ero durante los siete a\u00f1os siguientes. Su relaci\u00f3n sigui\u00f3 la tradici\u00f3n griega de un hombre mayor que tutelaba a otro m\u00e1s joven en su desarrollo moral e intelectual. Entre 125 y 130, Antinoo vivi\u00f3 con Adriano en su villa a las afueras de Roma y viaj\u00f3 con \u00e9l a las provincias. En 130, durante un viaje a Egipto, Antinoo se ahog\u00f3 tr\u00e1gicamente en el Nilo. Abrumado por el dolor, el emperador lo deific\u00f3 y fund\u00f3 la ciudad de Antin\u00f3polis en su honor. El culto a Antinoo se extendi\u00f3 r\u00e1pidamente y se erigieron estatuas suyas por todo el imperio. Se calcula que se crearon m\u00e1s de 2.000 estatuas, de las que hoy se conservan unas 115.<\/p>\n<p>A pesar de su dolor, Adriano continu\u00f3 con sus giras provinciales. Aunque era un hombre culto y erudito, su temperamento le acarre\u00f3 graves consecuencias durante su visita a Jerusal\u00e9n en 132. Orden\u00f3 la reconstrucci\u00f3n de la ciudad, rebautiz\u00e1ndola como Aelia Capitolina y construyendo un templo a J\u00fapiter sobre las ruinas del Segundo Templo. Esto provoc\u00f3 la revuelta de Bar-Kochba, liderada por Sim\u00f3n bar Kochba, que se sald\u00f3 con grandes p\u00e9rdidas para ambos bandos. La rebeli\u00f3n fue brutalmente reprimida, con m\u00e1s de 580.000 jud\u00edos muertos, miles de ciudades destruidas y los supervivientes exiliados. Adriano rebautiz\u00f3 la regi\u00f3n como Siria Palestina y prohibi\u00f3 las pr\u00e1cticas jud\u00edas. La respuesta del emperador a la revuelta de Bar-Kochba es la \u00fanica mancha en su, por otra parte, extraordinario reinado, aunque sus acciones estaban en l\u00ednea con la pol\u00edtica tradicional romana para hacer frente a los levantamientos: una severa represi\u00f3n seguida de esfuerzos para restaurar el orden.<\/p>\n<h2><strong>Muerte y legado<\/strong><\/h2>\n<p>A medida que su salud declinaba, Adriano regres\u00f3 a Roma, centr\u00e1ndose en escribir poes\u00eda y gestionar tareas administrativas. Nombr\u00f3 sucesor a Antonino P\u00edo, con la condici\u00f3n de que \u00e9ste adoptara como hijo al joven Marco Aurelio. Aurelio co-gobernar\u00eda m\u00e1s tarde con Lucio Vero, hijo adoptivo de Adriano. Adriano muri\u00f3 en 138, probablemente de un ataque al coraz\u00f3n, a la edad de 62 a\u00f1os.<\/p>\n<p>Inicialmente, Adriano fue enterrado en Puteoli, en la antigua finca de Cicer\u00f3n, como tributo a su aprecio por el saber. Sin embargo, cuando Antonino P\u00edo termin\u00f3 la gran Tumba de Adriano en Roma al a\u00f1o siguiente, su cuerpo fue incinerado y sus cenizas se depositaron all\u00ed junto a las de su esposa y su hijo adoptivo, Lucio Aelio C\u00e9sar, padre de Lucio Vero. Antonino P\u00edo diviniz\u00f3 a Adriano y erigi\u00f3 templos en su honor.<\/p>\n<p>Entre los Cinco Buenos Emperadores de la antigua Roma, Adriano goza de especial fama como destacado estadista. Aurelio, el \u00faltimo de ellos, gobern\u00f3 en tiempos m\u00e1s tumultuosos que Adriano, y su hijo, C\u00f3modo, se convirti\u00f3 en un gobernante indiscutible cuyo err\u00e1tico reinado y posterior asesinato provocaron una agitaci\u00f3n pol\u00edtica y social inimaginable en la \u00e9poca de Adriano.<\/p>\n<p>Autora: Beatriz Camino Rodr\u00edguez.<\/p>\n<p>[\/et_pb_text][\/et_pb_column][\/et_pb_row][\/et_pb_section]<\/p>\n","protected":false},"excerpt":{"rendered":"<p>Adriano (76-138 d.C.) fue un emperador romano conocido por consolidar y fortalecer el imperio, incluida la construcci\u00f3n del Muro de Adriano en Britania. Promovi\u00f3 la cultura griega, las reformas militares y amplios proyectos arquitect\u00f3nicos en todo el imperio. Vida temprana Adriano naci\u00f3 en el a\u00f1o 76 en It\u00e1lica, Hispania (actual Sevilla, Espa\u00f1a), Su padre, senador, [&hellip;]<\/p>\n","protected":false},"author":5,"featured_media":897,"comment_status":"closed","ping_status":"open","sticky":false,"template":"","format":"standard","meta":{"_et_pb_use_builder":"on","_et_pb_old_content":"","_et_gb_content_width":"","footnotes":""},"categories":[1],"tags":[],"class_list":["post-896","post","type-post","status-publish","format-standard","has-post-thumbnail","hentry","category-sin-categoria"],"yoast_head":"<!-- This site is optimized with the Yoast SEO Premium plugin v19.3 (Yoast SEO v24.2) - https:\/\/yoast.com\/wordpress\/plugins\/seo\/ -->\n<title>Naci\u00f3 el emperador romano Adriano | Jes\u00fas Vico<\/title>\n<meta name=\"robots\" content=\"index, follow, max-snippet:-1, max-image-preview:large, max-video-preview:-1\" \/>\n<link rel=\"canonical\" href=\"https:\/\/www.jesusvico.com\/blog\/nacio-el-emperador-romano-adriano\/\" \/>\n<meta property=\"og:locale\" content=\"es_ES\" \/>\n<meta property=\"og:type\" content=\"article\" \/>\n<meta property=\"og:title\" content=\"Naci\u00f3 el emperador romano Adriano\" \/>\n<meta property=\"og:description\" content=\"Adriano (76-138 d.C.) fue un emperador romano conocido por consolidar y fortalecer el imperio, incluida la construcci\u00f3n del Muro de Adriano en Britania. Promovi\u00f3 la cultura griega, las reformas militares y amplios proyectos arquitect\u00f3nicos en todo el imperio. Vida temprana Adriano naci\u00f3 en el a\u00f1o 76 en It\u00e1lica, Hispania (actual Sevilla, Espa\u00f1a), Su padre, senador, [&hellip;]\" \/>\n<meta property=\"og:url\" content=\"https:\/\/www.jesusvico.com\/blog\/nacio-el-emperador-romano-adriano\/\" \/>\n<meta property=\"og:site_name\" content=\"Jes\u00fas Vico\" \/>\n<meta property=\"article:publisher\" content=\"https:\/\/www.facebook.com\/JesusVicoNumismatica\" \/>\n<meta property=\"article:published_time\" content=\"2025-01-24T14:41:52+00:00\" \/>\n<meta property=\"article:modified_time\" content=\"2025-01-24T14:41:53+00:00\" \/>\n<meta property=\"og:image\" content=\"https:\/\/www.jesusvico.com\/blog\/wp-content\/uploads\/2025\/01\/banner3-3-1080x675-2-4.jpg\" \/>\n\t<meta property=\"og:image:width\" content=\"1080\" \/>\n\t<meta property=\"og:image:height\" content=\"675\" \/>\n\t<meta property=\"og:image:type\" content=\"image\/jpeg\" \/>\n<meta name=\"author\" content=\"Beatriz Camino Rodr\u00edguez\" \/>\n<meta name=\"twitter:card\" content=\"summary_large_image\" \/>\n<meta name=\"twitter:label1\" content=\"Escrito por\" \/>\n\t<meta name=\"twitter:data1\" content=\"Beatriz Camino Rodr\u00edguez\" \/>\n\t<meta name=\"twitter:label2\" content=\"Tiempo de lectura\" \/>\n\t<meta name=\"twitter:data2\" content=\"1 minuto\" \/>\n<script type=\"application\/ld+json\" class=\"yoast-schema-graph\">{\"@context\":\"https:\/\/schema.org\",\"@graph\":[{\"@type\":\"Article\",\"@id\":\"https:\/\/www.jesusvico.com\/blog\/nacio-el-emperador-romano-adriano\/#article\",\"isPartOf\":{\"@id\":\"https:\/\/www.jesusvico.com\/blog\/nacio-el-emperador-romano-adriano\/\"},\"author\":{\"name\":\"Beatriz Camino Rodr\u00edguez\",\"@id\":\"https:\/\/www.jesusvico.com\/blog\/#\/schema\/person\/387cca63b8a523b97f8417ba2ea4898d\"},\"headline\":\"Naci\u00f3 el emperador romano Adriano\",\"datePublished\":\"2025-01-24T14:41:52+00:00\",\"dateModified\":\"2025-01-24T14:41:53+00:00\",\"mainEntityOfPage\":{\"@id\":\"https:\/\/www.jesusvico.com\/blog\/nacio-el-emperador-romano-adriano\/\"},\"wordCount\":1266,\"publisher\":{\"@id\":\"https:\/\/www.jesusvico.com\/blog\/#organization\"},\"image\":{\"@id\":\"https:\/\/www.jesusvico.com\/blog\/nacio-el-emperador-romano-adriano\/#primaryimage\"},\"thumbnailUrl\":\"https:\/\/www.jesusvico.com\/blog\/wp-content\/uploads\/2025\/01\/banner3-3-1080x675-2-4.jpg\",\"articleSection\":[\".\"],\"inLanguage\":\"es\"},{\"@type\":\"WebPage\",\"@id\":\"https:\/\/www.jesusvico.com\/blog\/nacio-el-emperador-romano-adriano\/\",\"url\":\"https:\/\/www.jesusvico.com\/blog\/nacio-el-emperador-romano-adriano\/\",\"name\":\"Naci\u00f3 el emperador romano Adriano | Jes\u00fas Vico\",\"isPartOf\":{\"@id\":\"https:\/\/www.jesusvico.com\/blog\/#website\"},\"primaryImageOfPage\":{\"@id\":\"https:\/\/www.jesusvico.com\/blog\/nacio-el-emperador-romano-adriano\/#primaryimage\"},\"image\":{\"@id\":\"https:\/\/www.jesusvico.com\/blog\/nacio-el-emperador-romano-adriano\/#primaryimage\"},\"thumbnailUrl\":\"https:\/\/www.jesusvico.com\/blog\/wp-content\/uploads\/2025\/01\/banner3-3-1080x675-2-4.jpg\",\"datePublished\":\"2025-01-24T14:41:52+00:00\",\"dateModified\":\"2025-01-24T14:41:53+00:00\",\"breadcrumb\":{\"@id\":\"https:\/\/www.jesusvico.com\/blog\/nacio-el-emperador-romano-adriano\/#breadcrumb\"},\"inLanguage\":\"es\",\"potentialAction\":[{\"@type\":\"ReadAction\",\"target\":[\"https:\/\/www.jesusvico.com\/blog\/nacio-el-emperador-romano-adriano\/\"]}]},{\"@type\":\"ImageObject\",\"inLanguage\":\"es\",\"@id\":\"https:\/\/www.jesusvico.com\/blog\/nacio-el-emperador-romano-adriano\/#primaryimage\",\"url\":\"https:\/\/www.jesusvico.com\/blog\/wp-content\/uploads\/2025\/01\/banner3-3-1080x675-2-4.jpg\",\"contentUrl\":\"https:\/\/www.jesusvico.com\/blog\/wp-content\/uploads\/2025\/01\/banner3-3-1080x675-2-4.jpg\",\"width\":1080,\"height\":675},{\"@type\":\"BreadcrumbList\",\"@id\":\"https:\/\/www.jesusvico.com\/blog\/nacio-el-emperador-romano-adriano\/#breadcrumb\",\"itemListElement\":[{\"@type\":\"ListItem\",\"position\":1,\"name\":\"Portada\",\"item\":\"https:\/\/www.jesusvico.com\/blog\/\"},{\"@type\":\"ListItem\",\"position\":2,\"name\":\"Naci\u00f3 el emperador romano Adriano\"}]},{\"@type\":\"WebSite\",\"@id\":\"https:\/\/www.jesusvico.com\/blog\/#website\",\"url\":\"https:\/\/www.jesusvico.com\/blog\/\",\"name\":\"Jes\u00fas Vico\",\"description\":\"Blog - Jes\u00fas Vico\",\"publisher\":{\"@id\":\"https:\/\/www.jesusvico.com\/blog\/#organization\"},\"potentialAction\":[{\"@type\":\"SearchAction\",\"target\":{\"@type\":\"EntryPoint\",\"urlTemplate\":\"https:\/\/www.jesusvico.com\/blog\/?s={search_term_string}\"},\"query-input\":{\"@type\":\"PropertyValueSpecification\",\"valueRequired\":true,\"valueName\":\"search_term_string\"}}],\"inLanguage\":\"es\"},{\"@type\":\"Organization\",\"@id\":\"https:\/\/www.jesusvico.com\/blog\/#organization\",\"name\":\"Jes\u00fas Vico\",\"url\":\"https:\/\/www.jesusvico.com\/blog\/\",\"logo\":{\"@type\":\"ImageObject\",\"inLanguage\":\"es\",\"@id\":\"https:\/\/www.jesusvico.com\/blog\/#\/schema\/logo\/image\/\",\"url\":\"https:\/\/www.jesusvico.com\/blog\/wp-content\/uploads\/2022\/09\/Sin-ti\u0301tulo-1-1.png\",\"contentUrl\":\"https:\/\/www.jesusvico.com\/blog\/wp-content\/uploads\/2022\/09\/Sin-ti\u0301tulo-1-1.png\",\"width\":800,\"height\":200,\"caption\":\"Jes\u00fas Vico\"},\"image\":{\"@id\":\"https:\/\/www.jesusvico.com\/blog\/#\/schema\/logo\/image\/\"},\"sameAs\":[\"https:\/\/www.facebook.com\/JesusVicoNumismatica\",\"https:\/\/www.instagram.com\/jesusvico_numismatica\"]},{\"@type\":\"Person\",\"@id\":\"https:\/\/www.jesusvico.com\/blog\/#\/schema\/person\/387cca63b8a523b97f8417ba2ea4898d\",\"name\":\"Beatriz Camino Rodr\u00edguez\",\"image\":{\"@type\":\"ImageObject\",\"inLanguage\":\"es\",\"@id\":\"https:\/\/www.jesusvico.com\/blog\/#\/schema\/person\/image\/\",\"url\":\"https:\/\/secure.gravatar.com\/avatar\/209f7097263408e99625109131235b0ad575b41781a227cf958390d2adc61dbb?s=96&d=mm&r=g\",\"contentUrl\":\"https:\/\/secure.gravatar.com\/avatar\/209f7097263408e99625109131235b0ad575b41781a227cf958390d2adc61dbb?s=96&d=mm&r=g\",\"caption\":\"Beatriz Camino Rodr\u00edguez\"},\"url\":\"https:\/\/www.jesusvico.com\/blog\/author\/beatriz\/\"}]}<\/script>\n<!-- \/ Yoast SEO Premium plugin. -->","yoast_head_json":{"title":"Naci\u00f3 el emperador romano Adriano | Jes\u00fas Vico","robots":{"index":"index","follow":"follow","max-snippet":"max-snippet:-1","max-image-preview":"max-image-preview:large","max-video-preview":"max-video-preview:-1"},"canonical":"https:\/\/www.jesusvico.com\/blog\/nacio-el-emperador-romano-adriano\/","og_locale":"es_ES","og_type":"article","og_title":"Naci\u00f3 el emperador romano Adriano","og_description":"Adriano (76-138 d.C.) fue un emperador romano conocido por consolidar y fortalecer el imperio, incluida la construcci\u00f3n del Muro de Adriano en Britania. Promovi\u00f3 la cultura griega, las reformas militares y amplios proyectos arquitect\u00f3nicos en todo el imperio. Vida temprana Adriano naci\u00f3 en el a\u00f1o 76 en It\u00e1lica, Hispania (actual Sevilla, Espa\u00f1a), Su padre, senador, [&hellip;]","og_url":"https:\/\/www.jesusvico.com\/blog\/nacio-el-emperador-romano-adriano\/","og_site_name":"Jes\u00fas Vico","article_publisher":"https:\/\/www.facebook.com\/JesusVicoNumismatica","article_published_time":"2025-01-24T14:41:52+00:00","article_modified_time":"2025-01-24T14:41:53+00:00","og_image":[{"width":1080,"height":675,"url":"https:\/\/www.jesusvico.com\/blog\/wp-content\/uploads\/2025\/01\/banner3-3-1080x675-2-4.jpg","type":"image\/jpeg"}],"author":"Beatriz Camino Rodr\u00edguez","twitter_card":"summary_large_image","twitter_misc":{"Escrito por":"Beatriz Camino Rodr\u00edguez","Tiempo de lectura":"1 minuto"},"schema":{"@context":"https:\/\/schema.org","@graph":[{"@type":"Article","@id":"https:\/\/www.jesusvico.com\/blog\/nacio-el-emperador-romano-adriano\/#article","isPartOf":{"@id":"https:\/\/www.jesusvico.com\/blog\/nacio-el-emperador-romano-adriano\/"},"author":{"name":"Beatriz Camino Rodr\u00edguez","@id":"https:\/\/www.jesusvico.com\/blog\/#\/schema\/person\/387cca63b8a523b97f8417ba2ea4898d"},"headline":"Naci\u00f3 el emperador romano Adriano","datePublished":"2025-01-24T14:41:52+00:00","dateModified":"2025-01-24T14:41:53+00:00","mainEntityOfPage":{"@id":"https:\/\/www.jesusvico.com\/blog\/nacio-el-emperador-romano-adriano\/"},"wordCount":1266,"publisher":{"@id":"https:\/\/www.jesusvico.com\/blog\/#organization"},"image":{"@id":"https:\/\/www.jesusvico.com\/blog\/nacio-el-emperador-romano-adriano\/#primaryimage"},"thumbnailUrl":"https:\/\/www.jesusvico.com\/blog\/wp-content\/uploads\/2025\/01\/banner3-3-1080x675-2-4.jpg","articleSection":["."],"inLanguage":"es"},{"@type":"WebPage","@id":"https:\/\/www.jesusvico.com\/blog\/nacio-el-emperador-romano-adriano\/","url":"https:\/\/www.jesusvico.com\/blog\/nacio-el-emperador-romano-adriano\/","name":"Naci\u00f3 el emperador romano Adriano | Jes\u00fas Vico","isPartOf":{"@id":"https:\/\/www.jesusvico.com\/blog\/#website"},"primaryImageOfPage":{"@id":"https:\/\/www.jesusvico.com\/blog\/nacio-el-emperador-romano-adriano\/#primaryimage"},"image":{"@id":"https:\/\/www.jesusvico.com\/blog\/nacio-el-emperador-romano-adriano\/#primaryimage"},"thumbnailUrl":"https:\/\/www.jesusvico.com\/blog\/wp-content\/uploads\/2025\/01\/banner3-3-1080x675-2-4.jpg","datePublished":"2025-01-24T14:41:52+00:00","dateModified":"2025-01-24T14:41:53+00:00","breadcrumb":{"@id":"https:\/\/www.jesusvico.com\/blog\/nacio-el-emperador-romano-adriano\/#breadcrumb"},"inLanguage":"es","potentialAction":[{"@type":"ReadAction","target":["https:\/\/www.jesusvico.com\/blog\/nacio-el-emperador-romano-adriano\/"]}]},{"@type":"ImageObject","inLanguage":"es","@id":"https:\/\/www.jesusvico.com\/blog\/nacio-el-emperador-romano-adriano\/#primaryimage","url":"https:\/\/www.jesusvico.com\/blog\/wp-content\/uploads\/2025\/01\/banner3-3-1080x675-2-4.jpg","contentUrl":"https:\/\/www.jesusvico.com\/blog\/wp-content\/uploads\/2025\/01\/banner3-3-1080x675-2-4.jpg","width":1080,"height":675},{"@type":"BreadcrumbList","@id":"https:\/\/www.jesusvico.com\/blog\/nacio-el-emperador-romano-adriano\/#breadcrumb","itemListElement":[{"@type":"ListItem","position":1,"name":"Portada","item":"https:\/\/www.jesusvico.com\/blog\/"},{"@type":"ListItem","position":2,"name":"Naci\u00f3 el emperador romano Adriano"}]},{"@type":"WebSite","@id":"https:\/\/www.jesusvico.com\/blog\/#website","url":"https:\/\/www.jesusvico.com\/blog\/","name":"Jes\u00fas Vico","description":"Blog - Jes\u00fas Vico","publisher":{"@id":"https:\/\/www.jesusvico.com\/blog\/#organization"},"potentialAction":[{"@type":"SearchAction","target":{"@type":"EntryPoint","urlTemplate":"https:\/\/www.jesusvico.com\/blog\/?s={search_term_string}"},"query-input":{"@type":"PropertyValueSpecification","valueRequired":true,"valueName":"search_term_string"}}],"inLanguage":"es"},{"@type":"Organization","@id":"https:\/\/www.jesusvico.com\/blog\/#organization","name":"Jes\u00fas Vico","url":"https:\/\/www.jesusvico.com\/blog\/","logo":{"@type":"ImageObject","inLanguage":"es","@id":"https:\/\/www.jesusvico.com\/blog\/#\/schema\/logo\/image\/","url":"https:\/\/www.jesusvico.com\/blog\/wp-content\/uploads\/2022\/09\/Sin-ti\u0301tulo-1-1.png","contentUrl":"https:\/\/www.jesusvico.com\/blog\/wp-content\/uploads\/2022\/09\/Sin-ti\u0301tulo-1-1.png","width":800,"height":200,"caption":"Jes\u00fas Vico"},"image":{"@id":"https:\/\/www.jesusvico.com\/blog\/#\/schema\/logo\/image\/"},"sameAs":["https:\/\/www.facebook.com\/JesusVicoNumismatica","https:\/\/www.instagram.com\/jesusvico_numismatica"]},{"@type":"Person","@id":"https:\/\/www.jesusvico.com\/blog\/#\/schema\/person\/387cca63b8a523b97f8417ba2ea4898d","name":"Beatriz Camino Rodr\u00edguez","image":{"@type":"ImageObject","inLanguage":"es","@id":"https:\/\/www.jesusvico.com\/blog\/#\/schema\/person\/image\/","url":"https:\/\/secure.gravatar.com\/avatar\/209f7097263408e99625109131235b0ad575b41781a227cf958390d2adc61dbb?s=96&d=mm&r=g","contentUrl":"https:\/\/secure.gravatar.com\/avatar\/209f7097263408e99625109131235b0ad575b41781a227cf958390d2adc61dbb?s=96&d=mm&r=g","caption":"Beatriz Camino Rodr\u00edguez"},"url":"https:\/\/www.jesusvico.com\/blog\/author\/beatriz\/"}]}},"_links":{"self":[{"href":"https:\/\/www.jesusvico.com\/blog\/wp-json\/wp\/v2\/posts\/896","targetHints":{"allow":["GET"]}}],"collection":[{"href":"https:\/\/www.jesusvico.com\/blog\/wp-json\/wp\/v2\/posts"}],"about":[{"href":"https:\/\/www.jesusvico.com\/blog\/wp-json\/wp\/v2\/types\/post"}],"author":[{"embeddable":true,"href":"https:\/\/www.jesusvico.com\/blog\/wp-json\/wp\/v2\/users\/5"}],"replies":[{"embeddable":true,"href":"https:\/\/www.jesusvico.com\/blog\/wp-json\/wp\/v2\/comments?post=896"}],"version-history":[{"count":2,"href":"https:\/\/www.jesusvico.com\/blog\/wp-json\/wp\/v2\/posts\/896\/revisions"}],"predecessor-version":[{"id":899,"href":"https:\/\/www.jesusvico.com\/blog\/wp-json\/wp\/v2\/posts\/896\/revisions\/899"}],"wp:featuredmedia":[{"embeddable":true,"href":"https:\/\/www.jesusvico.com\/blog\/wp-json\/wp\/v2\/media\/897"}],"wp:attachment":[{"href":"https:\/\/www.jesusvico.com\/blog\/wp-json\/wp\/v2\/media?parent=896"}],"wp:term":[{"taxonomy":"category","embeddable":true,"href":"https:\/\/www.jesusvico.com\/blog\/wp-json\/wp\/v2\/categories?post=896"},{"taxonomy":"post_tag","embeddable":true,"href":"https:\/\/www.jesusvico.com\/blog\/wp-json\/wp\/v2\/tags?post=896"}],"curies":[{"name":"wp","href":"https:\/\/api.w.org\/{rel}","templated":true}]}}