{"id":904,"date":"2025-02-10T17:32:31","date_gmt":"2025-02-10T17:32:31","guid":{"rendered":"https:\/\/www.jesusvico.com\/blog\/?p=904"},"modified":"2025-02-10T17:32:31","modified_gmt":"2025-02-10T17:32:31","slug":"el-final-de-la-tercera-guerra-punica","status":"publish","type":"post","link":"https:\/\/www.jesusvico.com\/blog\/el-final-de-la-tercera-guerra-punica\/","title":{"rendered":"El final de la Tercera Guerra P\u00fanica"},"content":{"rendered":"<p>[et_pb_section fb_built=\u00bb1&#8243; theme_builder_area=\u00bbpost_content\u00bb _builder_version=\u00bb4.27.4&#8243; _module_preset=\u00bbdefault\u00bb][et_pb_row _builder_version=\u00bb4.27.4&#8243; _module_preset=\u00bbdefault\u00bb theme_builder_area=\u00bbpost_content\u00bb][et_pb_column _builder_version=\u00bb4.27.4&#8243; _module_preset=\u00bbdefault\u00bb type=\u00bb4_4&#8243; theme_builder_area=\u00bbpost_content\u00bb][et_pb_text _builder_version=\u00bb4.27.4&#8243; _module_preset=\u00bbdefault\u00bb theme_builder_area=\u00bbpost_content\u00bb hover_enabled=\u00bb0&#8243; sticky_enabled=\u00bb0&#8243;]<\/p>\n<p>La Tercera Guerra P\u00fanica tuvo lugar entre 149 y 146 a.C., enfrentando una vez m\u00e1s a Cartago y Roma. Tras haber sufrido ya la derrota en dos conflictos anteriores, el ataque de Cartago contra sus vecinos n\u00famidas proporcion\u00f3 a Roma el pretexto ideal para eliminar definitivamente a este persistente adversario. Tras un prolongado asedio, los romanos asaltaron la ciudad, la redujeron a ruinas y esclavizaron a sus habitantes.<\/p>\n<h2><strong>Causas de la guerra<\/strong><\/h2>\n<p>Cartago hab\u00eda sufrido la derrota en la Primera Guerra P\u00fanica (264-241 a.C.), en la que perdi\u00f3 el control de Sicilia, y de nuevo en la Segunda Guerra P\u00fanica (218-201 a.C.), que la despoj\u00f3 de sus territorios espa\u00f1oles, su poder naval y su autonom\u00eda militar. Sin embargo, la ciudad se recuper\u00f3 r\u00e1pidamente tras la Segunda Guerra P\u00fanica. Para mantener una relaci\u00f3n diplom\u00e1tica con Roma, lleg\u00f3 incluso a exiliar a su mejor general, An\u00edbal, despu\u00e9s de que \u00e9ste buscara refugio con Ant\u00edoco III, adversario romano. Adem\u00e1s, Cartago se convirti\u00f3 en un proveedor clave de grano y cebada para Roma, cumpliendo constantemente con sus pagos de reparaci\u00f3n e incluso ofreciendo apoyo militar para las campa\u00f1as de Roma.<\/p>\n<p>Sin embargo, a medida que avanzaba el siglo II a.C., Cartago se mostraba cada vez m\u00e1s desafiante a la hora de reclamar el control sobre su propio destino. Una de las principales fuentes de resentimiento era la constante invasi\u00f3n de Numidia, gobernada por Masinisa, que se hab\u00eda apoderado gradualmente de casi la mitad del territorio de Cartago en el a\u00f1o 200 a.C.. Cuando Numidia atac\u00f3 Or\u00f3scopa en 150 a.C., Cartago tom\u00f3 represalias movilizando un ej\u00e9rcito de 31.000 soldados. La campa\u00f1a, sin embargo, termin\u00f3 en desastre, con la fuerza cartaginesa completamente destruida.<\/p>\n<p>Esta derrota proporcion\u00f3 a Roma la justificaci\u00f3n perfecta para eliminar definitivamente a su antiguo rival. Figuras influyentes como Marco Porcio Cat\u00f3n (Cat\u00f3n el Viejo), argumentaron sin descanso en el Senado que los cartagineses hab\u00edan hecho la guerra sin el consentimiento de Roma y, lo que era peor, contra un aliado romano.<\/p>\n<p>Los cartagineses enviaron emisarios a Roma para justificar sus acciones contra Masinisa y expresar sus quejas, pero sus s\u00faplicas fueron ignoradas. Muchos senadores ya hab\u00edan abogado por una acci\u00f3n militar contra Cartago durante los \u00faltimos a\u00f1os, y este \u00faltimo conflicto parec\u00eda ser la provocaci\u00f3n final. Un acontecimiento crucial puede haber influido en los miembros m\u00e1s indecisos del Senado: \u00datica, un antiguo aliado de Cartago, decidi\u00f3 desertar a Roma. Este movimiento estrat\u00e9gico proporcion\u00f3 a los romanos un puerto bien situado a s\u00f3lo un d\u00eda de navegaci\u00f3n de Cartago, lo que hizo mucho m\u00e1s factible una invasi\u00f3n.<\/p>\n<p>En el 149 a.C., el Senado sigui\u00f3 fingiendo diplomacia al exigir 300 hijos de nobles cartagineses como rehenes. Sin embargo, sus verdaderas intenciones quedaron claras cuando declar\u00f3 formalmente la guerra a Cartago por tercera vez. Una fuerza romana de hasta 80.000 soldados de infanter\u00eda y 4.000 de caballer\u00eda fue enviada al norte de \u00c1frica.<\/p>\n<p>Roma exigi\u00f3 inicialmente la rendici\u00f3n incondicional de Cartago, que deb\u00eda disolver su ej\u00e9rcito, entregar todas las armas y liberar a todos los prisioneros. Sin embargo, un ultim\u00e1tum final revel\u00f3 su verdadero objetivo: los cartagineses deb\u00edan abandonar la ciudad y trasladarse al menos 16 kil\u00f3metros tierra adentro, lejos de la costa. Con poco que perder, Cartago opt\u00f3 por resistir. Ante la inminencia de la guerra, la ciudad y sus 200.000 habitantes se prepararon para lo que se convertir\u00eda en un brutal asedio de tres a\u00f1os.<\/p>\n<h2><strong>Cartago asediada<\/strong><\/h2>\n<p>El asalto romano fue dirigido inicialmente por los c\u00f3nsules Marcio Censorino y Manio Manilio, pero sus intentos de romper las defensas de Cartago acabaron en fracaso. La ciudad, protegida por sus enormes fortificaciones, resisti\u00f3 el asedio. Adem\u00e1s, los romanos fueron incapaces de bloquear completamente el puerto de la ciudad, lo que permiti\u00f3 a los barcos mercantes seguir entregando suministros. Los cartagineses lanzaron contraataques, incluido el uso de naves incendiarias que prendieron fuego a la flota romana, y consiguieron destruir algunas de las m\u00e1quinas de asedio romanas. La situaci\u00f3n empeor\u00f3 para los romanos cuando se desat\u00f3 una epidemia entre sus tropas durante el verano del 148 a.C..<\/p>\n<p>Fuera de la ciudad, el ej\u00e9rcito cartagin\u00e9s sigui\u00f3 resistiendo. La ciudad de Hipacra se neg\u00f3 a rendirse a pesar de los continuos ataques romanos, y los n\u00famidas enviaron 800 soldados de caballer\u00eda para reforzar las fuerzas cartaginesas. Roma esperaba una victoria r\u00e1pida y f\u00e1cil, pero la Tercera Guerra P\u00fanica estaba resultando mucho m\u00e1s dif\u00edcil de lo previsto.<\/p>\n<p>Reconociendo la necesidad de una acci\u00f3n m\u00e1s decisiva, Roma nombr\u00f3 comandante a Publio Cornelio Escipi\u00f3n Aemiliano en 147 a.C.. Bajo su liderazgo, los romanos reforzaron su asedio, construyendo un bloqueo m\u00e1s fuerte alrededor de Cartago y su puerto. En el lado sur de la ciudad se construy\u00f3 una enorme mole que cerraba el \u00fanico acceso al puerto mercante, que a su vez conectaba con el puerto naval circular interior. Con esta estructura, Cartago qued\u00f3 finalmente aislada de los suministros por mar.<\/p>\n<p>Desesperados por romper el bloqueo, los cartagineses intentaron escapar en dos ocasiones a trav\u00e9s de una segunda salida del puerto reci\u00e9n excavada, pero ambos intentos acabaron en fracaso, oblig\u00e1ndoles a retirarse. Escipi\u00f3n lanz\u00f3 entonces un ataque sistem\u00e1tico contra las defensas de la ciudad, utilizando la mole como base para las m\u00e1quinas de asedio. Aunque los cartagineses consiguieron prender fuego a parte del equipo de asedio romano, Escipi\u00f3n fue ganando terreno y finalmente se hizo con el control de la nueva entrada del puerto, aislando por completo la ciudad.<\/p>\n<p>Mientras tanto, el ej\u00e9rcito cartagin\u00e9s permanec\u00eda atrapado en Neferis, a 25 kil\u00f3metros al sur de Cartago, incapaz de prestar ayuda. Confiado en su posici\u00f3n, Escipi\u00f3n aplast\u00f3 a las fuerzas cartaginesas restantes en el invierno de 147\/146 a.C.. Sin refuerzos y con todas las l\u00edneas de suministro cortadas, Cartago se qued\u00f3 sola, con su destino sellado.<\/p>\n<h2><strong>Cartago destruida<\/strong><\/h2>\n<p>El \u00faltimo asalto romano se produjo en la primavera del 146 a.C. con un ataque total contra Cartago. Una vez m\u00e1s, los romanos tomaron el puerto como punto de entrada y, en esta ocasi\u00f3n, lograron romper las defensas. Lentamente, avanzaron por la ciudad, enzarz\u00e1ndose en brutales combates callejeros durante siete d\u00edas, hasta que s\u00f3lo la ciudadela qued\u00f3 en manos cartaginesas.<\/p>\n<p>En el interior del templo de Eshmun, el comandante cartagin\u00e9s Hasdr\u00fabal y 900 desertores romanos desesperados hicieron su \u00faltima resistencia. Cuando los romanos ganaron terreno, Hasdr\u00fabal se rindi\u00f3, pero su esposa, presa de la verg\u00fcenza y la furia, se arroj\u00f3 con sus dos hijos a una enorme pira funeraria. Los defensores restantes siguieron su ejemplo, prefiriendo la muerte a la captura. Cartago hab\u00eda ca\u00eddo finalmente.<\/p>\n<p>Con la victoria asegurada, los romanos esclavizaron a los habitantes supervivientes y destruyeron sistem\u00e1ticamente la ciudad. El norte de \u00c1frica se transform\u00f3 en una provincia romana, mientras que las ciudades que hab\u00edan permanecido leales a Roma, como Utica, fueron recompensadas con exenciones fiscales. Cartago permaneci\u00f3 abandonada hasta que fue refundada por Julio C\u00e9sar y ampliada bajo Augusto casi un siglo despu\u00e9s. Por su triunfo, Escipi\u00f3n recibi\u00f3 el t\u00edtulo de Cornelio Escipi\u00f3n Aemiliano Africano, m\u00e1s tarde conocido como Escipi\u00f3n Africano el Joven, para distinguirlo de su famoso abuelo.<\/p>\n<p>Autora: Beatriz Camino Rodr\u00edguez.<\/p>\n<p>[\/et_pb_text][\/et_pb_column][\/et_pb_row][\/et_pb_section]<\/p>\n","protected":false},"excerpt":{"rendered":"<p>La Tercera Guerra P\u00fanica tuvo lugar entre 149 y 146 a.C., enfrentando una vez m\u00e1s a Cartago y Roma. Tras haber sufrido ya la derrota en dos conflictos anteriores, el ataque de Cartago contra sus vecinos n\u00famidas proporcion\u00f3 a Roma el pretexto ideal para eliminar definitivamente a este persistente adversario. Tras un prolongado asedio, los [&hellip;]<\/p>\n","protected":false},"author":5,"featured_media":905,"comment_status":"closed","ping_status":"open","sticky":false,"template":"","format":"standard","meta":{"_et_pb_use_builder":"on","_et_pb_old_content":"","_et_gb_content_width":"","footnotes":""},"categories":[1],"tags":[],"class_list":["post-904","post","type-post","status-publish","format-standard","has-post-thumbnail","hentry","category-sin-categoria"],"yoast_head":"<!-- This site is optimized with the Yoast SEO Premium plugin v19.3 (Yoast SEO v24.2) - https:\/\/yoast.com\/wordpress\/plugins\/seo\/ -->\n<title>El final de la Tercera Guerra P\u00fanica | Jes\u00fas Vico<\/title>\n<meta name=\"robots\" content=\"index, follow, max-snippet:-1, max-image-preview:large, max-video-preview:-1\" \/>\n<link rel=\"canonical\" href=\"https:\/\/www.jesusvico.com\/blog\/el-final-de-la-tercera-guerra-punica\/\" \/>\n<meta property=\"og:locale\" content=\"es_ES\" \/>\n<meta property=\"og:type\" content=\"article\" \/>\n<meta property=\"og:title\" content=\"El final de la Tercera Guerra P\u00fanica\" \/>\n<meta property=\"og:description\" content=\"La Tercera Guerra P\u00fanica tuvo lugar entre 149 y 146 a.C., enfrentando una vez m\u00e1s a Cartago y Roma. Tras haber sufrido ya la derrota en dos conflictos anteriores, el ataque de Cartago contra sus vecinos n\u00famidas proporcion\u00f3 a Roma el pretexto ideal para eliminar definitivamente a este persistente adversario. Tras un prolongado asedio, los [&hellip;]\" \/>\n<meta property=\"og:url\" content=\"https:\/\/www.jesusvico.com\/blog\/el-final-de-la-tercera-guerra-punica\/\" \/>\n<meta property=\"og:site_name\" content=\"Jes\u00fas Vico\" \/>\n<meta property=\"article:publisher\" content=\"https:\/\/www.facebook.com\/JesusVicoNumismatica\" \/>\n<meta property=\"article:published_time\" content=\"2025-02-10T17:32:31+00:00\" \/>\n<meta property=\"og:image\" content=\"https:\/\/www.jesusvico.com\/blog\/wp-content\/uploads\/2025\/02\/banner3-3-1080x675-2.jpg\" \/>\n\t<meta property=\"og:image:width\" content=\"1080\" \/>\n\t<meta property=\"og:image:height\" content=\"675\" \/>\n\t<meta property=\"og:image:type\" content=\"image\/jpeg\" \/>\n<meta name=\"author\" content=\"Beatriz Camino Rodr\u00edguez\" \/>\n<meta name=\"twitter:card\" content=\"summary_large_image\" \/>\n<meta name=\"twitter:label1\" content=\"Escrito por\" \/>\n\t<meta name=\"twitter:data1\" content=\"Beatriz Camino Rodr\u00edguez\" \/>\n\t<meta name=\"twitter:label2\" content=\"Tiempo de lectura\" \/>\n\t<meta name=\"twitter:data2\" content=\"1 minuto\" \/>\n<script type=\"application\/ld+json\" class=\"yoast-schema-graph\">{\"@context\":\"https:\/\/schema.org\",\"@graph\":[{\"@type\":\"Article\",\"@id\":\"https:\/\/www.jesusvico.com\/blog\/el-final-de-la-tercera-guerra-punica\/#article\",\"isPartOf\":{\"@id\":\"https:\/\/www.jesusvico.com\/blog\/el-final-de-la-tercera-guerra-punica\/\"},\"author\":{\"name\":\"Beatriz Camino Rodr\u00edguez\",\"@id\":\"https:\/\/www.jesusvico.com\/blog\/#\/schema\/person\/387cca63b8a523b97f8417ba2ea4898d\"},\"headline\":\"El final de la Tercera Guerra P\u00fanica\",\"datePublished\":\"2025-02-10T17:32:31+00:00\",\"dateModified\":\"2025-02-10T17:32:31+00:00\",\"mainEntityOfPage\":{\"@id\":\"https:\/\/www.jesusvico.com\/blog\/el-final-de-la-tercera-guerra-punica\/\"},\"wordCount\":1344,\"publisher\":{\"@id\":\"https:\/\/www.jesusvico.com\/blog\/#organization\"},\"image\":{\"@id\":\"https:\/\/www.jesusvico.com\/blog\/el-final-de-la-tercera-guerra-punica\/#primaryimage\"},\"thumbnailUrl\":\"https:\/\/www.jesusvico.com\/blog\/wp-content\/uploads\/2025\/02\/banner3-3-1080x675-2.jpg\",\"articleSection\":[\".\"],\"inLanguage\":\"es\"},{\"@type\":\"WebPage\",\"@id\":\"https:\/\/www.jesusvico.com\/blog\/el-final-de-la-tercera-guerra-punica\/\",\"url\":\"https:\/\/www.jesusvico.com\/blog\/el-final-de-la-tercera-guerra-punica\/\",\"name\":\"El final de la Tercera Guerra P\u00fanica | Jes\u00fas Vico\",\"isPartOf\":{\"@id\":\"https:\/\/www.jesusvico.com\/blog\/#website\"},\"primaryImageOfPage\":{\"@id\":\"https:\/\/www.jesusvico.com\/blog\/el-final-de-la-tercera-guerra-punica\/#primaryimage\"},\"image\":{\"@id\":\"https:\/\/www.jesusvico.com\/blog\/el-final-de-la-tercera-guerra-punica\/#primaryimage\"},\"thumbnailUrl\":\"https:\/\/www.jesusvico.com\/blog\/wp-content\/uploads\/2025\/02\/banner3-3-1080x675-2.jpg\",\"datePublished\":\"2025-02-10T17:32:31+00:00\",\"dateModified\":\"2025-02-10T17:32:31+00:00\",\"breadcrumb\":{\"@id\":\"https:\/\/www.jesusvico.com\/blog\/el-final-de-la-tercera-guerra-punica\/#breadcrumb\"},\"inLanguage\":\"es\",\"potentialAction\":[{\"@type\":\"ReadAction\",\"target\":[\"https:\/\/www.jesusvico.com\/blog\/el-final-de-la-tercera-guerra-punica\/\"]}]},{\"@type\":\"ImageObject\",\"inLanguage\":\"es\",\"@id\":\"https:\/\/www.jesusvico.com\/blog\/el-final-de-la-tercera-guerra-punica\/#primaryimage\",\"url\":\"https:\/\/www.jesusvico.com\/blog\/wp-content\/uploads\/2025\/02\/banner3-3-1080x675-2.jpg\",\"contentUrl\":\"https:\/\/www.jesusvico.com\/blog\/wp-content\/uploads\/2025\/02\/banner3-3-1080x675-2.jpg\",\"width\":1080,\"height\":675},{\"@type\":\"BreadcrumbList\",\"@id\":\"https:\/\/www.jesusvico.com\/blog\/el-final-de-la-tercera-guerra-punica\/#breadcrumb\",\"itemListElement\":[{\"@type\":\"ListItem\",\"position\":1,\"name\":\"Portada\",\"item\":\"https:\/\/www.jesusvico.com\/blog\/\"},{\"@type\":\"ListItem\",\"position\":2,\"name\":\"El final de la Tercera Guerra P\u00fanica\"}]},{\"@type\":\"WebSite\",\"@id\":\"https:\/\/www.jesusvico.com\/blog\/#website\",\"url\":\"https:\/\/www.jesusvico.com\/blog\/\",\"name\":\"Jes\u00fas Vico\",\"description\":\"Blog - Jes\u00fas Vico\",\"publisher\":{\"@id\":\"https:\/\/www.jesusvico.com\/blog\/#organization\"},\"potentialAction\":[{\"@type\":\"SearchAction\",\"target\":{\"@type\":\"EntryPoint\",\"urlTemplate\":\"https:\/\/www.jesusvico.com\/blog\/?s={search_term_string}\"},\"query-input\":{\"@type\":\"PropertyValueSpecification\",\"valueRequired\":true,\"valueName\":\"search_term_string\"}}],\"inLanguage\":\"es\"},{\"@type\":\"Organization\",\"@id\":\"https:\/\/www.jesusvico.com\/blog\/#organization\",\"name\":\"Jes\u00fas Vico\",\"url\":\"https:\/\/www.jesusvico.com\/blog\/\",\"logo\":{\"@type\":\"ImageObject\",\"inLanguage\":\"es\",\"@id\":\"https:\/\/www.jesusvico.com\/blog\/#\/schema\/logo\/image\/\",\"url\":\"https:\/\/www.jesusvico.com\/blog\/wp-content\/uploads\/2022\/09\/Sin-ti\u0301tulo-1-1.png\",\"contentUrl\":\"https:\/\/www.jesusvico.com\/blog\/wp-content\/uploads\/2022\/09\/Sin-ti\u0301tulo-1-1.png\",\"width\":800,\"height\":200,\"caption\":\"Jes\u00fas Vico\"},\"image\":{\"@id\":\"https:\/\/www.jesusvico.com\/blog\/#\/schema\/logo\/image\/\"},\"sameAs\":[\"https:\/\/www.facebook.com\/JesusVicoNumismatica\",\"https:\/\/www.instagram.com\/jesusvico_numismatica\"]},{\"@type\":\"Person\",\"@id\":\"https:\/\/www.jesusvico.com\/blog\/#\/schema\/person\/387cca63b8a523b97f8417ba2ea4898d\",\"name\":\"Beatriz Camino Rodr\u00edguez\",\"image\":{\"@type\":\"ImageObject\",\"inLanguage\":\"es\",\"@id\":\"https:\/\/www.jesusvico.com\/blog\/#\/schema\/person\/image\/\",\"url\":\"https:\/\/secure.gravatar.com\/avatar\/209f7097263408e99625109131235b0ad575b41781a227cf958390d2adc61dbb?s=96&d=mm&r=g\",\"contentUrl\":\"https:\/\/secure.gravatar.com\/avatar\/209f7097263408e99625109131235b0ad575b41781a227cf958390d2adc61dbb?s=96&d=mm&r=g\",\"caption\":\"Beatriz Camino Rodr\u00edguez\"},\"url\":\"https:\/\/www.jesusvico.com\/blog\/author\/beatriz\/\"}]}<\/script>\n<!-- \/ Yoast SEO Premium plugin. -->","yoast_head_json":{"title":"El final de la Tercera Guerra P\u00fanica | Jes\u00fas Vico","robots":{"index":"index","follow":"follow","max-snippet":"max-snippet:-1","max-image-preview":"max-image-preview:large","max-video-preview":"max-video-preview:-1"},"canonical":"https:\/\/www.jesusvico.com\/blog\/el-final-de-la-tercera-guerra-punica\/","og_locale":"es_ES","og_type":"article","og_title":"El final de la Tercera Guerra P\u00fanica","og_description":"La Tercera Guerra P\u00fanica tuvo lugar entre 149 y 146 a.C., enfrentando una vez m\u00e1s a Cartago y Roma. Tras haber sufrido ya la derrota en dos conflictos anteriores, el ataque de Cartago contra sus vecinos n\u00famidas proporcion\u00f3 a Roma el pretexto ideal para eliminar definitivamente a este persistente adversario. Tras un prolongado asedio, los [&hellip;]","og_url":"https:\/\/www.jesusvico.com\/blog\/el-final-de-la-tercera-guerra-punica\/","og_site_name":"Jes\u00fas Vico","article_publisher":"https:\/\/www.facebook.com\/JesusVicoNumismatica","article_published_time":"2025-02-10T17:32:31+00:00","og_image":[{"width":1080,"height":675,"url":"https:\/\/www.jesusvico.com\/blog\/wp-content\/uploads\/2025\/02\/banner3-3-1080x675-2.jpg","type":"image\/jpeg"}],"author":"Beatriz Camino Rodr\u00edguez","twitter_card":"summary_large_image","twitter_misc":{"Escrito por":"Beatriz Camino Rodr\u00edguez","Tiempo de lectura":"1 minuto"},"schema":{"@context":"https:\/\/schema.org","@graph":[{"@type":"Article","@id":"https:\/\/www.jesusvico.com\/blog\/el-final-de-la-tercera-guerra-punica\/#article","isPartOf":{"@id":"https:\/\/www.jesusvico.com\/blog\/el-final-de-la-tercera-guerra-punica\/"},"author":{"name":"Beatriz Camino Rodr\u00edguez","@id":"https:\/\/www.jesusvico.com\/blog\/#\/schema\/person\/387cca63b8a523b97f8417ba2ea4898d"},"headline":"El final de la Tercera Guerra P\u00fanica","datePublished":"2025-02-10T17:32:31+00:00","dateModified":"2025-02-10T17:32:31+00:00","mainEntityOfPage":{"@id":"https:\/\/www.jesusvico.com\/blog\/el-final-de-la-tercera-guerra-punica\/"},"wordCount":1344,"publisher":{"@id":"https:\/\/www.jesusvico.com\/blog\/#organization"},"image":{"@id":"https:\/\/www.jesusvico.com\/blog\/el-final-de-la-tercera-guerra-punica\/#primaryimage"},"thumbnailUrl":"https:\/\/www.jesusvico.com\/blog\/wp-content\/uploads\/2025\/02\/banner3-3-1080x675-2.jpg","articleSection":["."],"inLanguage":"es"},{"@type":"WebPage","@id":"https:\/\/www.jesusvico.com\/blog\/el-final-de-la-tercera-guerra-punica\/","url":"https:\/\/www.jesusvico.com\/blog\/el-final-de-la-tercera-guerra-punica\/","name":"El final de la Tercera Guerra P\u00fanica | Jes\u00fas Vico","isPartOf":{"@id":"https:\/\/www.jesusvico.com\/blog\/#website"},"primaryImageOfPage":{"@id":"https:\/\/www.jesusvico.com\/blog\/el-final-de-la-tercera-guerra-punica\/#primaryimage"},"image":{"@id":"https:\/\/www.jesusvico.com\/blog\/el-final-de-la-tercera-guerra-punica\/#primaryimage"},"thumbnailUrl":"https:\/\/www.jesusvico.com\/blog\/wp-content\/uploads\/2025\/02\/banner3-3-1080x675-2.jpg","datePublished":"2025-02-10T17:32:31+00:00","dateModified":"2025-02-10T17:32:31+00:00","breadcrumb":{"@id":"https:\/\/www.jesusvico.com\/blog\/el-final-de-la-tercera-guerra-punica\/#breadcrumb"},"inLanguage":"es","potentialAction":[{"@type":"ReadAction","target":["https:\/\/www.jesusvico.com\/blog\/el-final-de-la-tercera-guerra-punica\/"]}]},{"@type":"ImageObject","inLanguage":"es","@id":"https:\/\/www.jesusvico.com\/blog\/el-final-de-la-tercera-guerra-punica\/#primaryimage","url":"https:\/\/www.jesusvico.com\/blog\/wp-content\/uploads\/2025\/02\/banner3-3-1080x675-2.jpg","contentUrl":"https:\/\/www.jesusvico.com\/blog\/wp-content\/uploads\/2025\/02\/banner3-3-1080x675-2.jpg","width":1080,"height":675},{"@type":"BreadcrumbList","@id":"https:\/\/www.jesusvico.com\/blog\/el-final-de-la-tercera-guerra-punica\/#breadcrumb","itemListElement":[{"@type":"ListItem","position":1,"name":"Portada","item":"https:\/\/www.jesusvico.com\/blog\/"},{"@type":"ListItem","position":2,"name":"El final de la Tercera Guerra P\u00fanica"}]},{"@type":"WebSite","@id":"https:\/\/www.jesusvico.com\/blog\/#website","url":"https:\/\/www.jesusvico.com\/blog\/","name":"Jes\u00fas Vico","description":"Blog - Jes\u00fas Vico","publisher":{"@id":"https:\/\/www.jesusvico.com\/blog\/#organization"},"potentialAction":[{"@type":"SearchAction","target":{"@type":"EntryPoint","urlTemplate":"https:\/\/www.jesusvico.com\/blog\/?s={search_term_string}"},"query-input":{"@type":"PropertyValueSpecification","valueRequired":true,"valueName":"search_term_string"}}],"inLanguage":"es"},{"@type":"Organization","@id":"https:\/\/www.jesusvico.com\/blog\/#organization","name":"Jes\u00fas Vico","url":"https:\/\/www.jesusvico.com\/blog\/","logo":{"@type":"ImageObject","inLanguage":"es","@id":"https:\/\/www.jesusvico.com\/blog\/#\/schema\/logo\/image\/","url":"https:\/\/www.jesusvico.com\/blog\/wp-content\/uploads\/2022\/09\/Sin-ti\u0301tulo-1-1.png","contentUrl":"https:\/\/www.jesusvico.com\/blog\/wp-content\/uploads\/2022\/09\/Sin-ti\u0301tulo-1-1.png","width":800,"height":200,"caption":"Jes\u00fas Vico"},"image":{"@id":"https:\/\/www.jesusvico.com\/blog\/#\/schema\/logo\/image\/"},"sameAs":["https:\/\/www.facebook.com\/JesusVicoNumismatica","https:\/\/www.instagram.com\/jesusvico_numismatica"]},{"@type":"Person","@id":"https:\/\/www.jesusvico.com\/blog\/#\/schema\/person\/387cca63b8a523b97f8417ba2ea4898d","name":"Beatriz Camino Rodr\u00edguez","image":{"@type":"ImageObject","inLanguage":"es","@id":"https:\/\/www.jesusvico.com\/blog\/#\/schema\/person\/image\/","url":"https:\/\/secure.gravatar.com\/avatar\/209f7097263408e99625109131235b0ad575b41781a227cf958390d2adc61dbb?s=96&d=mm&r=g","contentUrl":"https:\/\/secure.gravatar.com\/avatar\/209f7097263408e99625109131235b0ad575b41781a227cf958390d2adc61dbb?s=96&d=mm&r=g","caption":"Beatriz Camino Rodr\u00edguez"},"url":"https:\/\/www.jesusvico.com\/blog\/author\/beatriz\/"}]}},"_links":{"self":[{"href":"https:\/\/www.jesusvico.com\/blog\/wp-json\/wp\/v2\/posts\/904","targetHints":{"allow":["GET"]}}],"collection":[{"href":"https:\/\/www.jesusvico.com\/blog\/wp-json\/wp\/v2\/posts"}],"about":[{"href":"https:\/\/www.jesusvico.com\/blog\/wp-json\/wp\/v2\/types\/post"}],"author":[{"embeddable":true,"href":"https:\/\/www.jesusvico.com\/blog\/wp-json\/wp\/v2\/users\/5"}],"replies":[{"embeddable":true,"href":"https:\/\/www.jesusvico.com\/blog\/wp-json\/wp\/v2\/comments?post=904"}],"version-history":[{"count":2,"href":"https:\/\/www.jesusvico.com\/blog\/wp-json\/wp\/v2\/posts\/904\/revisions"}],"predecessor-version":[{"id":908,"href":"https:\/\/www.jesusvico.com\/blog\/wp-json\/wp\/v2\/posts\/904\/revisions\/908"}],"wp:featuredmedia":[{"embeddable":true,"href":"https:\/\/www.jesusvico.com\/blog\/wp-json\/wp\/v2\/media\/905"}],"wp:attachment":[{"href":"https:\/\/www.jesusvico.com\/blog\/wp-json\/wp\/v2\/media?parent=904"}],"wp:term":[{"taxonomy":"category","embeddable":true,"href":"https:\/\/www.jesusvico.com\/blog\/wp-json\/wp\/v2\/categories?post=904"},{"taxonomy":"post_tag","embeddable":true,"href":"https:\/\/www.jesusvico.com\/blog\/wp-json\/wp\/v2\/tags?post=904"}],"curies":[{"name":"wp","href":"https:\/\/api.w.org\/{rel}","templated":true}]}}