{"id":910,"date":"2025-02-18T14:55:22","date_gmt":"2025-02-18T14:55:22","guid":{"rendered":"https:\/\/www.jesusvico.com\/blog\/?p=910"},"modified":"2025-02-18T14:55:44","modified_gmt":"2025-02-18T14:55:44","slug":"la-batalla-de-sobraon-10-de-febrero-de-1846","status":"publish","type":"post","link":"https:\/\/www.jesusvico.com\/blog\/la-batalla-de-sobraon-10-de-febrero-de-1846\/","title":{"rendered":"La Batalla de Sobraon, 10 de febrero de 1846"},"content":{"rendered":"\n[et_pb_section fb_built=\u00bb1&#8243; theme_builder_area=\u00bbpost_content\u00bb _builder_version=\u00bb4.27.4&#8243; _module_preset=\u00bbdefault\u00bb][et_pb_row _builder_version=\u00bb4.27.4&#8243; _module_preset=\u00bbdefault\u00bb theme_builder_area=\u00bbpost_content\u00bb][et_pb_column _builder_version=\u00bb4.27.4&#8243; _module_preset=\u00bbdefault\u00bb type=\u00bb4_4&#8243; theme_builder_area=\u00bbpost_content\u00bb][et_pb_text _builder_version=\u00bb4.27.4&#8243; _module_preset=\u00bbdefault\u00bb theme_builder_area=\u00bbpost_content\u00bb hover_enabled=\u00bb0&#8243; sticky_enabled=\u00bb0&#8243;]<p>La batalla de Sobraon, librada el 10 de febrero de 1846, marc\u00f3 la victoria final y m\u00e1s decisiva de la Compa\u00f1\u00eda Brit\u00e1nica de las Indias Orientales (EIC) sobre el Imperio Sij en la Primera Guerra Anglo-Sija (1845-1846).<\/p>\n<h2><strong>La Compa\u00f1\u00eda de las Indias Orientales y el Imperio Sij<\/strong><\/h2>\n<p>A mediados del siglo XVIII, la Compa\u00f1\u00eda Brit\u00e1nica de las Indias Orientales (EIC) se hab\u00eda convertido en el brazo colonial de la Corona brit\u00e1nica en la India, expandiendo su control territorial por todo el subcontinente. Victorias clave, como la batalla de Plassey en 1757 y la de Buxar en 1764, aseguraron a la Compa\u00f1\u00eda grandes ingresos fiscales y una inmensa riqueza. Con gran parte de la India bajo su control, la EIC puso sus miras en el noroeste de la India y en el Punjab, el \u00faltimo basti\u00f3n que quedaba fuera del dominio brit\u00e1nico.<\/p>\n<p>El Punjab, que abarca partes de los actuales Pakist\u00e1n e India, era el coraz\u00f3n de los sijs, que hab\u00edan establecido su dominio en el siglo XVIII al declinar el Imperio mogol. El l\u00edder sij, Ranjit Singh, conocido como el \u00abLe\u00f3n de Lahore\u00bb, unific\u00f3 la regi\u00f3n y construy\u00f3 el Imperio sij modernizando su ej\u00e9rcito. Sus campa\u00f1as condujeron a la conquista de Multan y Cachemira, Ladakh y Peshawar, causando inquietud en el seno del EIC. En 1839, brit\u00e1nicos, afganos y sijs firmaron un tratado para mantener las fronteras existentes, pero la muerte de Ranjit Singh ese a\u00f1o desencaden\u00f3 la inestabilidad pol\u00edtica. Su hijo, Duleep Singh, fue nombrado gobernante en 1843, aunque su madre, Jind Kaur, actu\u00f3 como regente. Ante las luchas internas por el poder, Jind Kaur alent\u00f3 una campa\u00f1a militar contra los brit\u00e1nicos.<\/p>\n<p>El EIC aprovech\u00f3 la inestabilidad del Estado sij para anexionarse Sindh (suroeste del Punjab) en 1843. Creyendo que algunas facciones sijs del este favorec\u00edan los lazos brit\u00e1nicos, el EIC se prepar\u00f3 para la guerra, acumulando una fuerza de 40.000 soldados en la frontera sureste del Punjab. Si los sijs deseaban mantener su independencia, tendr\u00edan que desafiar a la fuerza militar m\u00e1s poderosa de la India: los ej\u00e9rcitos de la Compa\u00f1\u00eda Brit\u00e1nica de las Indias Orientales.<\/p>\n<p>La Primera Guerra Anglo-Sija estall\u00f3 el 11 de diciembre de 1845, cuando un gran ej\u00e9rcito sij cruz\u00f3 el r\u00edo Sutlej hacia territorio del EIC. El primer enfrentamiento importante se produjo en la batalla de Mudki, el 18 de diciembre, en la que el EIC obtuvo la victoria. Le sigui\u00f3 la batalla de Ferozeshah, el 21 y 22 de diciembre, que se sald\u00f3 con una victoria brit\u00e1nica marginal.<\/p>\n<p>Los sijs, sin embargo, consiguieron contraatacar cuando una columna brit\u00e1nica pas\u00f3 demasiado cerca del fuerte de Bhudowal el 21 de enero. En respuesta, el general de divisi\u00f3n Harry Smith condujo a un ej\u00e9rcito del EIC a la victoria en la batalla de Aliwal el 28 de enero de 1846. Con s\u00f3lo una fuerza sij restante al sur del Sutlej, el escenario estaba preparado para la batalla final y m\u00e1s sangrienta de la guerra: Sobraon.<\/p>\n<h2><strong>La batalla<\/strong><\/h2>\n<p>El \u00e9xito del EIC en batallas anteriores se debi\u00f3 a sus fuerzas bien disciplinadas, compuestas por regimientos brit\u00e1nicos, sepoys indios, infanter\u00eda Gurkha, caballer\u00eda y unidades de artiller\u00eda altamente entrenadas. El comandante general de las fuerzas del EIC era el teniente general Sir Hugh Gough. En Sobraon, al igual que en Ferozeshah, Gough comandaba una fuerza de aproximadamente 20.000 hombres con 32 ca\u00f1ones.<\/p>\n<p>El ej\u00e9rcito sij, conocido como Khalsa, estaba igualmente bien entrenado, tras haber sido modernizado bajo las \u00f3rdenes de oficiales mercenarios europeos. El comandante en jefe del ej\u00e9rcito sij era Tej Singh, un l\u00edder experimentado, aunque las fuerzas de Sobraon estaban bajo el mando directo del general Ranjodh Singh. En Sobraon, mandaba al menos 20.000 soldados de infanter\u00eda, 1.000 de caballer\u00eda y unos 70 ca\u00f1ones.<\/p>\n<p>Los dos ej\u00e9rcitos se enfrentaron cerca de las orillas del r\u00edo Sutlej. La batalla comenz\u00f3 temprano en la ma\u00f1ana del 10 de febrero con un feroz intercambio de artiller\u00eda. Los artilleros del EIC, famosos por su disciplina y su disparo r\u00e1pido y preciso, estaban acostumbrados a llevar la ventaja en los duelos de artiller\u00eda. Sin embargo, los artilleros sijs consiguieron superarles en el intercambio inicial. A medida que las reservas de munici\u00f3n brit\u00e1nicas disminu\u00edan, se vieron obligados a reducir su bombardeo, reservando suministros para apoyar un asalto de infanter\u00eda m\u00e1s adelante en la batalla. Para agravar el problema, Gough hab\u00eda calculado mal el alcance, situando su artiller\u00eda demasiado lejos de las defensas sijs para infligir da\u00f1os significativos. Aunque acercarse habr\u00eda aumentado su eficacia, tambi\u00e9n habr\u00eda expuesto a los ca\u00f1ones brit\u00e1nicos a toda la fuerza del contrafuego sij, un riesgo que Gough no estaba dispuesto a correr.<\/p>\n<p>Dividi\u00f3 sus fuerzas en tres grupos, con los flancos central y derecho lanzando ataques fingidos para distraer a los defensores sijs, mientras que el verdadero asalto ten\u00eda como objetivo el flanco derecho sij, su posici\u00f3n defensiva m\u00e1s d\u00e9bil. Sin embargo, la estrategia fracas\u00f3. Los comandantes sijs dirigieron su contraataque precisamente donde era necesario, en lugar de dejarse distraer por las fintas.<\/p>\n<p>Al darse cuenta de que su plan estaba fracasando, Gough orden\u00f3 a los dos grupos que estaban llevando a cabo amagos de ataque que pasaran al asalto total, a pesar de que ahora se enfrentaban a los puntos m\u00e1s fuertes de las defensas sijs. Sab\u00eda que el flanco derecho sij -donde el terreno era demasiado arenoso para posiciones de artiller\u00eda estables- era el m\u00e1s vulnerable. Sin embargo, los sijs hab\u00edan reforzado esta posici\u00f3n cuando lleg\u00f3 el asalto brit\u00e1nico, convirtiendo lo que deb\u00eda ser un avance f\u00e1cil en una lucha brutal.<\/p>\n<p>Mientras tanto, el ataque brit\u00e1nico al centro sij se estanc\u00f3. Sin forma de retirarse bajo el intenso fuego, las tropas brit\u00e1nicas se atrincheraron a lo largo de la orilla del r\u00edo, a la espera de refuerzos. Afortunadamente para ellos, la artiller\u00eda sij se hab\u00eda vuelto ineficaz: sus pesados ca\u00f1ones se hab\u00edan hundido en el terreno blando y los artilleros ya no pod\u00edan bajar sus ca\u00f1ones para atacar a los atacantes a corta distancia. Aprovechando la oportunidad, llegaron refuerzos brit\u00e1nicos y sepoy, que se enzarzaron en un salvaje combate cuerpo a cuerpo.<\/p>\n<p>Durante 30 minutos, la batalla se convirti\u00f3 en un combate ca\u00f3tico y cuerpo a cuerpo. Finalmente, las tropas brit\u00e1nicas escalaron las defensas y las banderas de los regimientos se plantaron en lo alto de las murallas. Con el grueso del ej\u00e9rcito sij en retirada, se avecinaba el desastre. No se ofreci\u00f3 una rendici\u00f3n formal, pero la huida result\u00f3 casi imposible. La matanza continu\u00f3 hasta el mediod\u00eda, sellando la victoria brit\u00e1nica.<\/p>\n<h2><strong>Consecuencias<\/strong><\/h2>\n<p>La batalla de Sobraon marc\u00f3 el final decisivo de la guerra. Con el ej\u00e9rcito sij destrozado, los brit\u00e1nicos cruzaron el r\u00edo Sutlej y avanzaron hacia el Punjab. El 9 de marzo de 1846 se firm\u00f3 el Tratado de Lahore, por el que el Punjab quedaba bajo control brit\u00e1nico como \u00abEstado patrocinado\u00bb. Amplias zonas del imperio sij quedaron bajo el dominio directo del EIC, y los brit\u00e1nicos impusieron el pago de una enorme indemnizaci\u00f3n.<\/p>\n<p>A pesar del tratado, el malestar segu\u00eda latente bajo la superficie. Muchos jefes sijs se sintieron traicionados por sus propios generales durante la guerra. Frustrados y humillados por las duras condiciones del tratado, buscaron una segunda oportunidad contra los brit\u00e1nicos. Con poco que perder y mucho que ganar, la resistencia sij se reaviv\u00f3 en abril de 1848, desencadenando la Segunda Guerra Anglo-Sija (1848-49).<\/p>\n<p>Este conflicto, librado principalmente en el sur y el oeste del antiguo Imperio sij, fue otra campa\u00f1a brutal y de corta duraci\u00f3n. Sin embargo, una vez m\u00e1s, el EIC sali\u00f3 victorioso. En marzo de 1849, los brit\u00e1nicos se anexionaron oficialmente todo el Punjab, poniendo fin a la soberan\u00eda sij y consolidando su dominio sobre el subcontinente indio. El EIC reinaba ahora en la India.<\/p>\n<p>Autora: Beatriz Camino Rodr\u00edguez.<\/p>[\/et_pb_text][\/et_pb_column][\/et_pb_row][\/et_pb_section]\n","protected":false},"excerpt":{"rendered":"<p>La batalla de Sobraon, librada el 10 de febrero de 1846, marc\u00f3 la victoria final y m\u00e1s decisiva de la Compa\u00f1\u00eda Brit\u00e1nica de las Indias Orientales (EIC) sobre el Imperio Sij en la Primera Guerra Anglo-Sija (1845-1846). La Compa\u00f1\u00eda de las Indias Orientales y el Imperio Sij A mediados del siglo XVIII, la Compa\u00f1\u00eda Brit\u00e1nica [&hellip;]<\/p>\n","protected":false},"author":5,"featured_media":911,"comment_status":"closed","ping_status":"open","sticky":false,"template":"","format":"standard","meta":{"_et_pb_use_builder":"on","_et_pb_old_content":"","_et_gb_content_width":"","footnotes":""},"categories":[1],"tags":[],"class_list":["post-910","post","type-post","status-publish","format-standard","has-post-thumbnail","hentry","category-sin-categoria"],"yoast_head":"<!-- This site is optimized with the Yoast SEO Premium plugin v19.3 (Yoast SEO v24.2) - https:\/\/yoast.com\/wordpress\/plugins\/seo\/ -->\n<title>La Batalla de Sobraon, 10 de febrero de 1846 | Jes\u00fas Vico<\/title>\n<meta name=\"robots\" content=\"index, follow, max-snippet:-1, max-image-preview:large, max-video-preview:-1\" \/>\n<link rel=\"canonical\" href=\"https:\/\/www.jesusvico.com\/blog\/la-batalla-de-sobraon-10-de-febrero-de-1846\/\" \/>\n<meta property=\"og:locale\" content=\"es_ES\" \/>\n<meta property=\"og:type\" content=\"article\" \/>\n<meta property=\"og:title\" content=\"La Batalla de Sobraon, 10 de febrero de 1846\" \/>\n<meta property=\"og:description\" content=\"La batalla de Sobraon, librada el 10 de febrero de 1846, marc\u00f3 la victoria final y m\u00e1s decisiva de la Compa\u00f1\u00eda Brit\u00e1nica de las Indias Orientales (EIC) sobre el Imperio Sij en la Primera Guerra Anglo-Sija (1845-1846). La Compa\u00f1\u00eda de las Indias Orientales y el Imperio Sij A mediados del siglo XVIII, la Compa\u00f1\u00eda Brit\u00e1nica [&hellip;]\" \/>\n<meta property=\"og:url\" content=\"https:\/\/www.jesusvico.com\/blog\/la-batalla-de-sobraon-10-de-febrero-de-1846\/\" \/>\n<meta property=\"og:site_name\" content=\"Jes\u00fas Vico\" \/>\n<meta property=\"article:publisher\" content=\"https:\/\/www.facebook.com\/JesusVicoNumismatica\" \/>\n<meta property=\"article:published_time\" content=\"2025-02-18T14:55:22+00:00\" \/>\n<meta property=\"article:modified_time\" content=\"2025-02-18T14:55:44+00:00\" \/>\n<meta property=\"og:image\" content=\"https:\/\/www.jesusvico.com\/blog\/wp-content\/uploads\/2025\/02\/banner3-3-1080x675-2-1.jpg\" \/>\n\t<meta property=\"og:image:width\" content=\"1080\" \/>\n\t<meta property=\"og:image:height\" content=\"675\" \/>\n\t<meta property=\"og:image:type\" content=\"image\/jpeg\" \/>\n<meta name=\"author\" content=\"Beatriz Camino Rodr\u00edguez\" \/>\n<meta name=\"twitter:card\" content=\"summary_large_image\" \/>\n<meta name=\"twitter:label1\" content=\"Escrito por\" \/>\n\t<meta name=\"twitter:data1\" content=\"Beatriz Camino Rodr\u00edguez\" \/>\n\t<meta name=\"twitter:label2\" content=\"Tiempo de lectura\" \/>\n\t<meta name=\"twitter:data2\" content=\"7 minutos\" \/>\n<script type=\"application\/ld+json\" class=\"yoast-schema-graph\">{\"@context\":\"https:\/\/schema.org\",\"@graph\":[{\"@type\":\"Article\",\"@id\":\"https:\/\/www.jesusvico.com\/blog\/la-batalla-de-sobraon-10-de-febrero-de-1846\/#article\",\"isPartOf\":{\"@id\":\"https:\/\/www.jesusvico.com\/blog\/la-batalla-de-sobraon-10-de-febrero-de-1846\/\"},\"author\":{\"name\":\"Beatriz Camino Rodr\u00edguez\",\"@id\":\"https:\/\/www.jesusvico.com\/blog\/#\/schema\/person\/387cca63b8a523b97f8417ba2ea4898d\"},\"headline\":\"La Batalla de Sobraon, 10 de febrero de 1846\",\"datePublished\":\"2025-02-18T14:55:22+00:00\",\"dateModified\":\"2025-02-18T14:55:44+00:00\",\"mainEntityOfPage\":{\"@id\":\"https:\/\/www.jesusvico.com\/blog\/la-batalla-de-sobraon-10-de-febrero-de-1846\/\"},\"wordCount\":1443,\"publisher\":{\"@id\":\"https:\/\/www.jesusvico.com\/blog\/#organization\"},\"image\":{\"@id\":\"https:\/\/www.jesusvico.com\/blog\/la-batalla-de-sobraon-10-de-febrero-de-1846\/#primaryimage\"},\"thumbnailUrl\":\"https:\/\/www.jesusvico.com\/blog\/wp-content\/uploads\/2025\/02\/banner3-3-1080x675-2-1.jpg\",\"articleSection\":[\".\"],\"inLanguage\":\"es\"},{\"@type\":\"WebPage\",\"@id\":\"https:\/\/www.jesusvico.com\/blog\/la-batalla-de-sobraon-10-de-febrero-de-1846\/\",\"url\":\"https:\/\/www.jesusvico.com\/blog\/la-batalla-de-sobraon-10-de-febrero-de-1846\/\",\"name\":\"La Batalla de Sobraon, 10 de febrero de 1846 | Jes\u00fas Vico\",\"isPartOf\":{\"@id\":\"https:\/\/www.jesusvico.com\/blog\/#website\"},\"primaryImageOfPage\":{\"@id\":\"https:\/\/www.jesusvico.com\/blog\/la-batalla-de-sobraon-10-de-febrero-de-1846\/#primaryimage\"},\"image\":{\"@id\":\"https:\/\/www.jesusvico.com\/blog\/la-batalla-de-sobraon-10-de-febrero-de-1846\/#primaryimage\"},\"thumbnailUrl\":\"https:\/\/www.jesusvico.com\/blog\/wp-content\/uploads\/2025\/02\/banner3-3-1080x675-2-1.jpg\",\"datePublished\":\"2025-02-18T14:55:22+00:00\",\"dateModified\":\"2025-02-18T14:55:44+00:00\",\"breadcrumb\":{\"@id\":\"https:\/\/www.jesusvico.com\/blog\/la-batalla-de-sobraon-10-de-febrero-de-1846\/#breadcrumb\"},\"inLanguage\":\"es\",\"potentialAction\":[{\"@type\":\"ReadAction\",\"target\":[\"https:\/\/www.jesusvico.com\/blog\/la-batalla-de-sobraon-10-de-febrero-de-1846\/\"]}]},{\"@type\":\"ImageObject\",\"inLanguage\":\"es\",\"@id\":\"https:\/\/www.jesusvico.com\/blog\/la-batalla-de-sobraon-10-de-febrero-de-1846\/#primaryimage\",\"url\":\"https:\/\/www.jesusvico.com\/blog\/wp-content\/uploads\/2025\/02\/banner3-3-1080x675-2-1.jpg\",\"contentUrl\":\"https:\/\/www.jesusvico.com\/blog\/wp-content\/uploads\/2025\/02\/banner3-3-1080x675-2-1.jpg\",\"width\":1080,\"height\":675},{\"@type\":\"BreadcrumbList\",\"@id\":\"https:\/\/www.jesusvico.com\/blog\/la-batalla-de-sobraon-10-de-febrero-de-1846\/#breadcrumb\",\"itemListElement\":[{\"@type\":\"ListItem\",\"position\":1,\"name\":\"Portada\",\"item\":\"https:\/\/www.jesusvico.com\/blog\/\"},{\"@type\":\"ListItem\",\"position\":2,\"name\":\"La Batalla de Sobraon, 10 de febrero de 1846\"}]},{\"@type\":\"WebSite\",\"@id\":\"https:\/\/www.jesusvico.com\/blog\/#website\",\"url\":\"https:\/\/www.jesusvico.com\/blog\/\",\"name\":\"Jes\u00fas Vico\",\"description\":\"Blog - Jes\u00fas Vico\",\"publisher\":{\"@id\":\"https:\/\/www.jesusvico.com\/blog\/#organization\"},\"potentialAction\":[{\"@type\":\"SearchAction\",\"target\":{\"@type\":\"EntryPoint\",\"urlTemplate\":\"https:\/\/www.jesusvico.com\/blog\/?s={search_term_string}\"},\"query-input\":{\"@type\":\"PropertyValueSpecification\",\"valueRequired\":true,\"valueName\":\"search_term_string\"}}],\"inLanguage\":\"es\"},{\"@type\":\"Organization\",\"@id\":\"https:\/\/www.jesusvico.com\/blog\/#organization\",\"name\":\"Jes\u00fas Vico\",\"url\":\"https:\/\/www.jesusvico.com\/blog\/\",\"logo\":{\"@type\":\"ImageObject\",\"inLanguage\":\"es\",\"@id\":\"https:\/\/www.jesusvico.com\/blog\/#\/schema\/logo\/image\/\",\"url\":\"https:\/\/www.jesusvico.com\/blog\/wp-content\/uploads\/2022\/09\/Sin-ti\u0301tulo-1-1.png\",\"contentUrl\":\"https:\/\/www.jesusvico.com\/blog\/wp-content\/uploads\/2022\/09\/Sin-ti\u0301tulo-1-1.png\",\"width\":800,\"height\":200,\"caption\":\"Jes\u00fas Vico\"},\"image\":{\"@id\":\"https:\/\/www.jesusvico.com\/blog\/#\/schema\/logo\/image\/\"},\"sameAs\":[\"https:\/\/www.facebook.com\/JesusVicoNumismatica\",\"https:\/\/www.instagram.com\/jesusvico_numismatica\"]},{\"@type\":\"Person\",\"@id\":\"https:\/\/www.jesusvico.com\/blog\/#\/schema\/person\/387cca63b8a523b97f8417ba2ea4898d\",\"name\":\"Beatriz Camino Rodr\u00edguez\",\"image\":{\"@type\":\"ImageObject\",\"inLanguage\":\"es\",\"@id\":\"https:\/\/www.jesusvico.com\/blog\/#\/schema\/person\/image\/\",\"url\":\"https:\/\/secure.gravatar.com\/avatar\/209f7097263408e99625109131235b0ad575b41781a227cf958390d2adc61dbb?s=96&d=mm&r=g\",\"contentUrl\":\"https:\/\/secure.gravatar.com\/avatar\/209f7097263408e99625109131235b0ad575b41781a227cf958390d2adc61dbb?s=96&d=mm&r=g\",\"caption\":\"Beatriz Camino Rodr\u00edguez\"},\"url\":\"https:\/\/www.jesusvico.com\/blog\/author\/beatriz\/\"}]}<\/script>\n<!-- \/ Yoast SEO Premium plugin. -->","yoast_head_json":{"title":"La Batalla de Sobraon, 10 de febrero de 1846 | Jes\u00fas Vico","robots":{"index":"index","follow":"follow","max-snippet":"max-snippet:-1","max-image-preview":"max-image-preview:large","max-video-preview":"max-video-preview:-1"},"canonical":"https:\/\/www.jesusvico.com\/blog\/la-batalla-de-sobraon-10-de-febrero-de-1846\/","og_locale":"es_ES","og_type":"article","og_title":"La Batalla de Sobraon, 10 de febrero de 1846","og_description":"La batalla de Sobraon, librada el 10 de febrero de 1846, marc\u00f3 la victoria final y m\u00e1s decisiva de la Compa\u00f1\u00eda Brit\u00e1nica de las Indias Orientales (EIC) sobre el Imperio Sij en la Primera Guerra Anglo-Sija (1845-1846). La Compa\u00f1\u00eda de las Indias Orientales y el Imperio Sij A mediados del siglo XVIII, la Compa\u00f1\u00eda Brit\u00e1nica [&hellip;]","og_url":"https:\/\/www.jesusvico.com\/blog\/la-batalla-de-sobraon-10-de-febrero-de-1846\/","og_site_name":"Jes\u00fas Vico","article_publisher":"https:\/\/www.facebook.com\/JesusVicoNumismatica","article_published_time":"2025-02-18T14:55:22+00:00","article_modified_time":"2025-02-18T14:55:44+00:00","og_image":[{"width":1080,"height":675,"url":"https:\/\/www.jesusvico.com\/blog\/wp-content\/uploads\/2025\/02\/banner3-3-1080x675-2-1.jpg","type":"image\/jpeg"}],"author":"Beatriz Camino Rodr\u00edguez","twitter_card":"summary_large_image","twitter_misc":{"Escrito por":"Beatriz Camino Rodr\u00edguez","Tiempo de lectura":"7 minutos"},"schema":{"@context":"https:\/\/schema.org","@graph":[{"@type":"Article","@id":"https:\/\/www.jesusvico.com\/blog\/la-batalla-de-sobraon-10-de-febrero-de-1846\/#article","isPartOf":{"@id":"https:\/\/www.jesusvico.com\/blog\/la-batalla-de-sobraon-10-de-febrero-de-1846\/"},"author":{"name":"Beatriz Camino Rodr\u00edguez","@id":"https:\/\/www.jesusvico.com\/blog\/#\/schema\/person\/387cca63b8a523b97f8417ba2ea4898d"},"headline":"La Batalla de Sobraon, 10 de febrero de 1846","datePublished":"2025-02-18T14:55:22+00:00","dateModified":"2025-02-18T14:55:44+00:00","mainEntityOfPage":{"@id":"https:\/\/www.jesusvico.com\/blog\/la-batalla-de-sobraon-10-de-febrero-de-1846\/"},"wordCount":1443,"publisher":{"@id":"https:\/\/www.jesusvico.com\/blog\/#organization"},"image":{"@id":"https:\/\/www.jesusvico.com\/blog\/la-batalla-de-sobraon-10-de-febrero-de-1846\/#primaryimage"},"thumbnailUrl":"https:\/\/www.jesusvico.com\/blog\/wp-content\/uploads\/2025\/02\/banner3-3-1080x675-2-1.jpg","articleSection":["."],"inLanguage":"es"},{"@type":"WebPage","@id":"https:\/\/www.jesusvico.com\/blog\/la-batalla-de-sobraon-10-de-febrero-de-1846\/","url":"https:\/\/www.jesusvico.com\/blog\/la-batalla-de-sobraon-10-de-febrero-de-1846\/","name":"La Batalla de Sobraon, 10 de febrero de 1846 | Jes\u00fas Vico","isPartOf":{"@id":"https:\/\/www.jesusvico.com\/blog\/#website"},"primaryImageOfPage":{"@id":"https:\/\/www.jesusvico.com\/blog\/la-batalla-de-sobraon-10-de-febrero-de-1846\/#primaryimage"},"image":{"@id":"https:\/\/www.jesusvico.com\/blog\/la-batalla-de-sobraon-10-de-febrero-de-1846\/#primaryimage"},"thumbnailUrl":"https:\/\/www.jesusvico.com\/blog\/wp-content\/uploads\/2025\/02\/banner3-3-1080x675-2-1.jpg","datePublished":"2025-02-18T14:55:22+00:00","dateModified":"2025-02-18T14:55:44+00:00","breadcrumb":{"@id":"https:\/\/www.jesusvico.com\/blog\/la-batalla-de-sobraon-10-de-febrero-de-1846\/#breadcrumb"},"inLanguage":"es","potentialAction":[{"@type":"ReadAction","target":["https:\/\/www.jesusvico.com\/blog\/la-batalla-de-sobraon-10-de-febrero-de-1846\/"]}]},{"@type":"ImageObject","inLanguage":"es","@id":"https:\/\/www.jesusvico.com\/blog\/la-batalla-de-sobraon-10-de-febrero-de-1846\/#primaryimage","url":"https:\/\/www.jesusvico.com\/blog\/wp-content\/uploads\/2025\/02\/banner3-3-1080x675-2-1.jpg","contentUrl":"https:\/\/www.jesusvico.com\/blog\/wp-content\/uploads\/2025\/02\/banner3-3-1080x675-2-1.jpg","width":1080,"height":675},{"@type":"BreadcrumbList","@id":"https:\/\/www.jesusvico.com\/blog\/la-batalla-de-sobraon-10-de-febrero-de-1846\/#breadcrumb","itemListElement":[{"@type":"ListItem","position":1,"name":"Portada","item":"https:\/\/www.jesusvico.com\/blog\/"},{"@type":"ListItem","position":2,"name":"La Batalla de Sobraon, 10 de febrero de 1846"}]},{"@type":"WebSite","@id":"https:\/\/www.jesusvico.com\/blog\/#website","url":"https:\/\/www.jesusvico.com\/blog\/","name":"Jes\u00fas Vico","description":"Blog - Jes\u00fas Vico","publisher":{"@id":"https:\/\/www.jesusvico.com\/blog\/#organization"},"potentialAction":[{"@type":"SearchAction","target":{"@type":"EntryPoint","urlTemplate":"https:\/\/www.jesusvico.com\/blog\/?s={search_term_string}"},"query-input":{"@type":"PropertyValueSpecification","valueRequired":true,"valueName":"search_term_string"}}],"inLanguage":"es"},{"@type":"Organization","@id":"https:\/\/www.jesusvico.com\/blog\/#organization","name":"Jes\u00fas Vico","url":"https:\/\/www.jesusvico.com\/blog\/","logo":{"@type":"ImageObject","inLanguage":"es","@id":"https:\/\/www.jesusvico.com\/blog\/#\/schema\/logo\/image\/","url":"https:\/\/www.jesusvico.com\/blog\/wp-content\/uploads\/2022\/09\/Sin-ti\u0301tulo-1-1.png","contentUrl":"https:\/\/www.jesusvico.com\/blog\/wp-content\/uploads\/2022\/09\/Sin-ti\u0301tulo-1-1.png","width":800,"height":200,"caption":"Jes\u00fas Vico"},"image":{"@id":"https:\/\/www.jesusvico.com\/blog\/#\/schema\/logo\/image\/"},"sameAs":["https:\/\/www.facebook.com\/JesusVicoNumismatica","https:\/\/www.instagram.com\/jesusvico_numismatica"]},{"@type":"Person","@id":"https:\/\/www.jesusvico.com\/blog\/#\/schema\/person\/387cca63b8a523b97f8417ba2ea4898d","name":"Beatriz Camino Rodr\u00edguez","image":{"@type":"ImageObject","inLanguage":"es","@id":"https:\/\/www.jesusvico.com\/blog\/#\/schema\/person\/image\/","url":"https:\/\/secure.gravatar.com\/avatar\/209f7097263408e99625109131235b0ad575b41781a227cf958390d2adc61dbb?s=96&d=mm&r=g","contentUrl":"https:\/\/secure.gravatar.com\/avatar\/209f7097263408e99625109131235b0ad575b41781a227cf958390d2adc61dbb?s=96&d=mm&r=g","caption":"Beatriz Camino Rodr\u00edguez"},"url":"https:\/\/www.jesusvico.com\/blog\/author\/beatriz\/"}]}},"_links":{"self":[{"href":"https:\/\/www.jesusvico.com\/blog\/wp-json\/wp\/v2\/posts\/910","targetHints":{"allow":["GET"]}}],"collection":[{"href":"https:\/\/www.jesusvico.com\/blog\/wp-json\/wp\/v2\/posts"}],"about":[{"href":"https:\/\/www.jesusvico.com\/blog\/wp-json\/wp\/v2\/types\/post"}],"author":[{"embeddable":true,"href":"https:\/\/www.jesusvico.com\/blog\/wp-json\/wp\/v2\/users\/5"}],"replies":[{"embeddable":true,"href":"https:\/\/www.jesusvico.com\/blog\/wp-json\/wp\/v2\/comments?post=910"}],"version-history":[{"count":3,"href":"https:\/\/www.jesusvico.com\/blog\/wp-json\/wp\/v2\/posts\/910\/revisions"}],"predecessor-version":[{"id":915,"href":"https:\/\/www.jesusvico.com\/blog\/wp-json\/wp\/v2\/posts\/910\/revisions\/915"}],"wp:featuredmedia":[{"embeddable":true,"href":"https:\/\/www.jesusvico.com\/blog\/wp-json\/wp\/v2\/media\/911"}],"wp:attachment":[{"href":"https:\/\/www.jesusvico.com\/blog\/wp-json\/wp\/v2\/media?parent=910"}],"wp:term":[{"taxonomy":"category","embeddable":true,"href":"https:\/\/www.jesusvico.com\/blog\/wp-json\/wp\/v2\/categories?post=910"},{"taxonomy":"post_tag","embeddable":true,"href":"https:\/\/www.jesusvico.com\/blog\/wp-json\/wp\/v2\/tags?post=910"}],"curies":[{"name":"wp","href":"https:\/\/api.w.org\/{rel}","templated":true}]}}