{"id":916,"date":"2025-02-25T11:41:50","date_gmt":"2025-02-25T11:41:50","guid":{"rendered":"https:\/\/www.jesusvico.com\/blog\/?p=916"},"modified":"2025-02-25T11:42:08","modified_gmt":"2025-02-25T11:42:08","slug":"la-batalla-de-lugdunum-19-de-febrero-de-197","status":"publish","type":"post","link":"https:\/\/www.jesusvico.com\/blog\/la-batalla-de-lugdunum-19-de-febrero-de-197\/","title":{"rendered":"La Batalla de Lugdunum. 19 de febrero de 197"},"content":{"rendered":"\n[et_pb_section fb_built=\u00bb1&#8243; theme_builder_area=\u00bbpost_content\u00bb _builder_version=\u00bb4.27.4&#8243; _module_preset=\u00bbdefault\u00bb][et_pb_row _builder_version=\u00bb4.27.4&#8243; _module_preset=\u00bbdefault\u00bb theme_builder_area=\u00bbpost_content\u00bb][et_pb_column _builder_version=\u00bb4.27.4&#8243; _module_preset=\u00bbdefault\u00bb type=\u00bb4_4&#8243; theme_builder_area=\u00bbpost_content\u00bb][et_pb_text _builder_version=\u00bb4.27.4&#8243; _module_preset=\u00bbdefault\u00bb theme_builder_area=\u00bbpost_content\u00bb hover_enabled=\u00bb0&#8243; sticky_enabled=\u00bb0&#8243;]<p>La batalla de Lugdunum tuvo lugar el 19 de febrero de 197, en lo que hoy es Lyon, Francia. Fue un enfrentamiento decisivo entre las fuerzas del emperador romano Septimio Severo y las del usurpador Clodio Albino. La victoria de Severo consolid\u00f3 su posici\u00f3n como \u00fanico gobernante del Imperio Romano, poniendo fin al A\u00f1o de los Cinco Emperadores. Esta batalla se considera uno de los encuentros m\u00e1s grandes, feroces y sangrientos jam\u00e1s librados entre ej\u00e9rcitos romanos.<\/p>\n<h2><strong>Preludio de la batalla: Un Imperio Fracturado<\/strong><\/h2>\n<p>Tras el asesinato del emperador Pertinax a manos de la Guardia Pretoriana el 28 de marzo de 193, estall\u00f3 una encarnizada lucha por la sucesi\u00f3n imperial que marc\u00f3 el inicio del A\u00f1o de los Cinco Emperadores. A pesar de la indignaci\u00f3n p\u00fablica, los pretorianos subastaron el trono al mejor postor, Didio Juliano. Mientras tanto, el pueblo romano pidi\u00f3 a Pescenio N\u00edger, gobernador de Siria, que tomara el poder. En respuesta, N\u00edger se proclam\u00f3 emperador.<\/p>\n<p>Al mismo tiempo, Septimio Severo, gobernador de Panonia Superior, tambi\u00e9n fue declarado emperador por sus propias legiones. Prometiendo vengar a Pertinax, que gozaba de gran estima entre los soldados, Severo se dirigi\u00f3 r\u00e1pidamente hacia Roma. Antes de avanzar, se asegur\u00f3 una alianza con Clodio Albino, comandante de tres legiones en Britania, reconoci\u00e9ndole como c\u00e9sar y heredero del trono.<\/p>\n<p>Con el apoyo de diecis\u00e9is legiones, Severo avanz\u00f3 r\u00e1pidamente hacia Roma. A finales de mayo de 193, Didio Juliano hab\u00eda perdido todo su apoyo y fue ejecutado el 2 de junio. El Senado no tard\u00f3 en declarar emperador a Severo. Al cabo de un mes, se dispuso a enfrentarse a Pescenio N\u00edger, cuyas fuerzas se debilitaban poco a poco. Tras derrotas decisivas, N\u00edger fue capturado y ejecutado. A continuaci\u00f3n, Severo ampli\u00f3 su influencia lanzando una campa\u00f1a contra Osroene y Adiabene, arrebatando el control de estas regiones a Partia.<\/p>\n<p>Para consolidar su dominio, Severo trat\u00f3 de asociarse con la respetada dinast\u00eda Antonina, afirmando que descend\u00eda de Marco Aurelio y adoptando el nombre de Antonino para su hijo, Caracalla. Este movimiento, sin embargo, rompi\u00f3 su alianza con Albino, que lo vio como un desaf\u00edo directo. En respuesta, Albino se autoproclam\u00f3 emperador, lo que llev\u00f3 al Senado a declararlo enemigo p\u00fablico el 15 de diciembre de 195. Con la escalada de tensiones, Roma se preparaba para otra guerra civil.<\/p>\n<p>En 196, Clodio Albino march\u00f3 de Britania a la Galia con un ej\u00e9rcito de 40.000 hombres, estableciendo su base en Lugdunum. All\u00ed se le uni\u00f3 Lucio Novio Rufo, gobernador de la Hispania Tarraconense, junto con la Legio VII Gemina. Sin embargo, Severo comandaba las formidables legiones danubianas y germanas. Buscando debilitar esta ventaja, Albino golpe\u00f3 primero, derrotando a las fuerzas de Virius Lupus, gobernador de Germania Inferior. La victoria, sin embargo, no fue lo suficientemente decisiva como para influir en la lealtad de las tropas de Severo.<\/p>\n<p>En el invierno de 196-197, Severo reuni\u00f3 sus fuerzas a lo largo del Danubio y march\u00f3 hacia la Galia, pero se encontr\u00f3 con que el ej\u00e9rcito de Albino era casi igual en fuerza. El primer enfrentamiento tuvo lugar en Tinurtium (actual Tournus), donde Severo se impuso pero no consigui\u00f3 la victoria definitiva. El conflicto iba a culminar en una de las batallas m\u00e1s grandes y sangrientas de la historia romana: la batalla de Lugdunum.<\/p>\n<h2><strong>La batalla<\/strong><\/h2>\n<p>El historiador de la Antig\u00fcedad Casio Dio afirm\u00f3 que ambos bandos contaron con unos 150.000 soldados cada uno en la batalla de Lugdunum. Sin embargo, los historiadores modernos estiman que esta cifra representa el n\u00famero total de tropas implicadas en el conflicto. Algunos sugieren que Clodio Albino mandaba unos 50.000 hombres, mientras que Septimio Severo ten\u00eda el doble, mientras que otros sostienen que los ej\u00e9rcitos estaban m\u00e1s igualados.<\/p>\n<p>Ambos emperadores dirigieron personalmente sus fuerzas durante la batalla, plenamente conscientes de que el destino del imperio estaba en juego. Para Severo, fue su primera experiencia en combate directo. Las tropas britanas al mando de Albino y los ilirios en las filas de Severo lucharon ferozmente y, durante mucho tiempo, ninguno de los dos bandos pudo reclamar una clara ventaja.<\/p>\n<p>Finalmente, el flanco izquierdo de Albino se vio desbordado y se vio obligado a regresar a su campamento, que pronto fue invadido, dejando a muchas de sus tropas muertas en el caos subsiguiente. Sin embargo, su flanco derecho hab\u00eda preparado trincheras defensivas y las hab\u00eda ocultado bajo capas de tierra. Cuando los soldados de Severo avanzaron, los hombres de Albino lanzaron salvas de jabalinas antes de fingir una retirada desordenada.<\/p>\n<p>Las tropas de Severo, creyendo tener ventaja, persiguieron al enemigo en retirada, s\u00f3lo para caer en las trincheras ocultas. Las primeras filas se derrumbaron, mientras que la segunda oleada de tropas cay\u00f3 en desorden. El propio Severus se apresur\u00f3 a rescatar a sus fuerzas, pero estuvo a punto de morir tambi\u00e9n. Durante el caos, cay\u00f3 de su caballo y sus tropas, crey\u00e9ndole muerto, estuvieron a punto de declarar a otro emperador en el campo de batalla. Sin embargo, Severo se arranc\u00f3 la capa, mont\u00f3 en otro caballo y blandi\u00f3 su espada, reuniendo a sus hombres de nuevo en la lucha. Avergonzados, sus tropas se reagruparon, se volvieron contra sus perseguidores y empezaron a abatirlos.<\/p>\n<p>En ese momento cr\u00edtico, la caballer\u00eda lanz\u00f3 un ataque de flanco contra las fuerzas de Albino. Pilladas desprevenidas, las tropas de Albino entraron en p\u00e1nico e intentaron huir, pero las fuerzas de Severo las persiguieron implacablemente y las masacraron. Despu\u00e9s, el ej\u00e9rcito victorioso saque\u00f3 e incendi\u00f3 Lugdunum. Con esta victoria, Severo hab\u00eda derrotado a tres emperadores rivales en su camino hacia el poder absoluto, asegurando su posici\u00f3n como gobernante indiscutible del Imperio Romano.<\/p>\n<h2><strong>La ca\u00edda de Albino y el triunfo de Severo<\/strong><\/h2>\n<p>Seg\u00fan los historiadores, Albino huy\u00f3 a Lugdunum tras su derrota, donde acab\u00f3 quit\u00e1ndose la vida. Sin embargo, su muerte no le libr\u00f3 de la humillaci\u00f3n. Septimio Severo hizo desnudar y decapitar su cuerpo y mont\u00f3 a caballo sobre el cad\u00e1ver sin cabeza delante de sus tropas. A continuaci\u00f3n, envi\u00f3 la cabeza cortada de Albino a Roma como advertencia a posibles contendientes. Por \u00faltimo, orden\u00f3 que los cuerpos de Albino, su esposa y sus hijos fueran arrojados al r\u00edo R\u00f3dano.<\/p>\n<p>Las represalias se extendieron m\u00e1s all\u00e1 del campo de batalla. Los principales partidarios de Albino en el Senado fueron ejecutados, aplastando cualquier oposici\u00f3n persistente. <br \/>La batalla tambi\u00e9n tuvo consecuencias duraderas para Britannia. Tras ella, la provincia se dividi\u00f3 en dos regiones administrativas: Britannia Superior y Britannia Inferior. La presencia militar romana se debilit\u00f3 considerablemente, lo que provoc\u00f3 un aumento de las incursiones y los levantamientos. A\u00f1os m\u00e1s tarde, mientras intentaba sofocar una de estas rebeliones, el propio Severo encontr\u00f3 su fin. El 4 de febrero de 211 muri\u00f3 cerca de Eboracum, marcando el final de su reinado.<\/p>\n<p>Autora: Beatriz Camino Rodr\u00edguez.<\/p>[\/et_pb_text][\/et_pb_column][\/et_pb_row][\/et_pb_section]\n","protected":false},"excerpt":{"rendered":"<p>La batalla de Lugdunum tuvo lugar el 19 de febrero de 197, en lo que hoy es Lyon, Francia. Fue un enfrentamiento decisivo entre las fuerzas del emperador romano Septimio Severo y las del usurpador Clodio Albino. La victoria de Severo consolid\u00f3 su posici\u00f3n como \u00fanico gobernante del Imperio Romano, poniendo fin al A\u00f1o de [&hellip;]<\/p>\n","protected":false},"author":5,"featured_media":917,"comment_status":"closed","ping_status":"open","sticky":false,"template":"","format":"standard","meta":{"_et_pb_use_builder":"on","_et_pb_old_content":"","_et_gb_content_width":"","footnotes":""},"categories":[1],"tags":[],"class_list":["post-916","post","type-post","status-publish","format-standard","has-post-thumbnail","hentry","category-sin-categoria"],"yoast_head":"<!-- This site is optimized with the Yoast SEO Premium plugin v19.3 (Yoast SEO v24.2) - https:\/\/yoast.com\/wordpress\/plugins\/seo\/ -->\n<title>La Batalla de Lugdunum. 19 de febrero de 197 | Jes\u00fas Vico<\/title>\n<meta name=\"robots\" content=\"index, follow, max-snippet:-1, max-image-preview:large, max-video-preview:-1\" \/>\n<link rel=\"canonical\" href=\"https:\/\/www.jesusvico.com\/blog\/la-batalla-de-lugdunum-19-de-febrero-de-197\/\" \/>\n<meta property=\"og:locale\" content=\"es_ES\" \/>\n<meta property=\"og:type\" content=\"article\" \/>\n<meta property=\"og:title\" content=\"La Batalla de Lugdunum. 19 de febrero de 197\" \/>\n<meta property=\"og:description\" content=\"La batalla de Lugdunum tuvo lugar el 19 de febrero de 197, en lo que hoy es Lyon, Francia. Fue un enfrentamiento decisivo entre las fuerzas del emperador romano Septimio Severo y las del usurpador Clodio Albino. La victoria de Severo consolid\u00f3 su posici\u00f3n como \u00fanico gobernante del Imperio Romano, poniendo fin al A\u00f1o de [&hellip;]\" \/>\n<meta property=\"og:url\" content=\"https:\/\/www.jesusvico.com\/blog\/la-batalla-de-lugdunum-19-de-febrero-de-197\/\" \/>\n<meta property=\"og:site_name\" content=\"Jes\u00fas Vico\" \/>\n<meta property=\"article:publisher\" content=\"https:\/\/www.facebook.com\/JesusVicoNumismatica\" \/>\n<meta property=\"article:published_time\" content=\"2025-02-25T11:41:50+00:00\" \/>\n<meta property=\"article:modified_time\" content=\"2025-02-25T11:42:08+00:00\" \/>\n<meta property=\"og:image\" content=\"https:\/\/www.jesusvico.com\/blog\/wp-content\/uploads\/2025\/02\/banner3-3-1080x675-2-2.jpg\" \/>\n\t<meta property=\"og:image:width\" content=\"1080\" \/>\n\t<meta property=\"og:image:height\" content=\"675\" \/>\n\t<meta property=\"og:image:type\" content=\"image\/jpeg\" \/>\n<meta name=\"author\" content=\"Beatriz Camino Rodr\u00edguez\" \/>\n<meta name=\"twitter:card\" content=\"summary_large_image\" \/>\n<meta name=\"twitter:label1\" content=\"Escrito por\" \/>\n\t<meta name=\"twitter:data1\" content=\"Beatriz Camino Rodr\u00edguez\" \/>\n\t<meta name=\"twitter:label2\" content=\"Tiempo de lectura\" \/>\n\t<meta name=\"twitter:data2\" content=\"6 minutos\" \/>\n<script type=\"application\/ld+json\" class=\"yoast-schema-graph\">{\"@context\":\"https:\/\/schema.org\",\"@graph\":[{\"@type\":\"Article\",\"@id\":\"https:\/\/www.jesusvico.com\/blog\/la-batalla-de-lugdunum-19-de-febrero-de-197\/#article\",\"isPartOf\":{\"@id\":\"https:\/\/www.jesusvico.com\/blog\/la-batalla-de-lugdunum-19-de-febrero-de-197\/\"},\"author\":{\"name\":\"Beatriz Camino Rodr\u00edguez\",\"@id\":\"https:\/\/www.jesusvico.com\/blog\/#\/schema\/person\/387cca63b8a523b97f8417ba2ea4898d\"},\"headline\":\"La Batalla de Lugdunum. 19 de febrero de 197\",\"datePublished\":\"2025-02-25T11:41:50+00:00\",\"dateModified\":\"2025-02-25T11:42:08+00:00\",\"mainEntityOfPage\":{\"@id\":\"https:\/\/www.jesusvico.com\/blog\/la-batalla-de-lugdunum-19-de-febrero-de-197\/\"},\"wordCount\":1242,\"publisher\":{\"@id\":\"https:\/\/www.jesusvico.com\/blog\/#organization\"},\"image\":{\"@id\":\"https:\/\/www.jesusvico.com\/blog\/la-batalla-de-lugdunum-19-de-febrero-de-197\/#primaryimage\"},\"thumbnailUrl\":\"https:\/\/www.jesusvico.com\/blog\/wp-content\/uploads\/2025\/02\/banner3-3-1080x675-2-2.jpg\",\"articleSection\":[\".\"],\"inLanguage\":\"es\"},{\"@type\":\"WebPage\",\"@id\":\"https:\/\/www.jesusvico.com\/blog\/la-batalla-de-lugdunum-19-de-febrero-de-197\/\",\"url\":\"https:\/\/www.jesusvico.com\/blog\/la-batalla-de-lugdunum-19-de-febrero-de-197\/\",\"name\":\"La Batalla de Lugdunum. 19 de febrero de 197 | Jes\u00fas Vico\",\"isPartOf\":{\"@id\":\"https:\/\/www.jesusvico.com\/blog\/#website\"},\"primaryImageOfPage\":{\"@id\":\"https:\/\/www.jesusvico.com\/blog\/la-batalla-de-lugdunum-19-de-febrero-de-197\/#primaryimage\"},\"image\":{\"@id\":\"https:\/\/www.jesusvico.com\/blog\/la-batalla-de-lugdunum-19-de-febrero-de-197\/#primaryimage\"},\"thumbnailUrl\":\"https:\/\/www.jesusvico.com\/blog\/wp-content\/uploads\/2025\/02\/banner3-3-1080x675-2-2.jpg\",\"datePublished\":\"2025-02-25T11:41:50+00:00\",\"dateModified\":\"2025-02-25T11:42:08+00:00\",\"breadcrumb\":{\"@id\":\"https:\/\/www.jesusvico.com\/blog\/la-batalla-de-lugdunum-19-de-febrero-de-197\/#breadcrumb\"},\"inLanguage\":\"es\",\"potentialAction\":[{\"@type\":\"ReadAction\",\"target\":[\"https:\/\/www.jesusvico.com\/blog\/la-batalla-de-lugdunum-19-de-febrero-de-197\/\"]}]},{\"@type\":\"ImageObject\",\"inLanguage\":\"es\",\"@id\":\"https:\/\/www.jesusvico.com\/blog\/la-batalla-de-lugdunum-19-de-febrero-de-197\/#primaryimage\",\"url\":\"https:\/\/www.jesusvico.com\/blog\/wp-content\/uploads\/2025\/02\/banner3-3-1080x675-2-2.jpg\",\"contentUrl\":\"https:\/\/www.jesusvico.com\/blog\/wp-content\/uploads\/2025\/02\/banner3-3-1080x675-2-2.jpg\",\"width\":1080,\"height\":675},{\"@type\":\"BreadcrumbList\",\"@id\":\"https:\/\/www.jesusvico.com\/blog\/la-batalla-de-lugdunum-19-de-febrero-de-197\/#breadcrumb\",\"itemListElement\":[{\"@type\":\"ListItem\",\"position\":1,\"name\":\"Portada\",\"item\":\"https:\/\/www.jesusvico.com\/blog\/\"},{\"@type\":\"ListItem\",\"position\":2,\"name\":\"La Batalla de Lugdunum. 19 de febrero de 197\"}]},{\"@type\":\"WebSite\",\"@id\":\"https:\/\/www.jesusvico.com\/blog\/#website\",\"url\":\"https:\/\/www.jesusvico.com\/blog\/\",\"name\":\"Jes\u00fas Vico\",\"description\":\"Blog - Jes\u00fas Vico\",\"publisher\":{\"@id\":\"https:\/\/www.jesusvico.com\/blog\/#organization\"},\"potentialAction\":[{\"@type\":\"SearchAction\",\"target\":{\"@type\":\"EntryPoint\",\"urlTemplate\":\"https:\/\/www.jesusvico.com\/blog\/?s={search_term_string}\"},\"query-input\":{\"@type\":\"PropertyValueSpecification\",\"valueRequired\":true,\"valueName\":\"search_term_string\"}}],\"inLanguage\":\"es\"},{\"@type\":\"Organization\",\"@id\":\"https:\/\/www.jesusvico.com\/blog\/#organization\",\"name\":\"Jes\u00fas Vico\",\"url\":\"https:\/\/www.jesusvico.com\/blog\/\",\"logo\":{\"@type\":\"ImageObject\",\"inLanguage\":\"es\",\"@id\":\"https:\/\/www.jesusvico.com\/blog\/#\/schema\/logo\/image\/\",\"url\":\"https:\/\/www.jesusvico.com\/blog\/wp-content\/uploads\/2022\/09\/Sin-ti\u0301tulo-1-1.png\",\"contentUrl\":\"https:\/\/www.jesusvico.com\/blog\/wp-content\/uploads\/2022\/09\/Sin-ti\u0301tulo-1-1.png\",\"width\":800,\"height\":200,\"caption\":\"Jes\u00fas Vico\"},\"image\":{\"@id\":\"https:\/\/www.jesusvico.com\/blog\/#\/schema\/logo\/image\/\"},\"sameAs\":[\"https:\/\/www.facebook.com\/JesusVicoNumismatica\",\"https:\/\/www.instagram.com\/jesusvico_numismatica\"]},{\"@type\":\"Person\",\"@id\":\"https:\/\/www.jesusvico.com\/blog\/#\/schema\/person\/387cca63b8a523b97f8417ba2ea4898d\",\"name\":\"Beatriz Camino Rodr\u00edguez\",\"image\":{\"@type\":\"ImageObject\",\"inLanguage\":\"es\",\"@id\":\"https:\/\/www.jesusvico.com\/blog\/#\/schema\/person\/image\/\",\"url\":\"https:\/\/secure.gravatar.com\/avatar\/209f7097263408e99625109131235b0ad575b41781a227cf958390d2adc61dbb?s=96&d=mm&r=g\",\"contentUrl\":\"https:\/\/secure.gravatar.com\/avatar\/209f7097263408e99625109131235b0ad575b41781a227cf958390d2adc61dbb?s=96&d=mm&r=g\",\"caption\":\"Beatriz Camino Rodr\u00edguez\"},\"url\":\"https:\/\/www.jesusvico.com\/blog\/author\/beatriz\/\"}]}<\/script>\n<!-- \/ Yoast SEO Premium plugin. -->","yoast_head_json":{"title":"La Batalla de Lugdunum. 19 de febrero de 197 | Jes\u00fas Vico","robots":{"index":"index","follow":"follow","max-snippet":"max-snippet:-1","max-image-preview":"max-image-preview:large","max-video-preview":"max-video-preview:-1"},"canonical":"https:\/\/www.jesusvico.com\/blog\/la-batalla-de-lugdunum-19-de-febrero-de-197\/","og_locale":"es_ES","og_type":"article","og_title":"La Batalla de Lugdunum. 19 de febrero de 197","og_description":"La batalla de Lugdunum tuvo lugar el 19 de febrero de 197, en lo que hoy es Lyon, Francia. Fue un enfrentamiento decisivo entre las fuerzas del emperador romano Septimio Severo y las del usurpador Clodio Albino. La victoria de Severo consolid\u00f3 su posici\u00f3n como \u00fanico gobernante del Imperio Romano, poniendo fin al A\u00f1o de [&hellip;]","og_url":"https:\/\/www.jesusvico.com\/blog\/la-batalla-de-lugdunum-19-de-febrero-de-197\/","og_site_name":"Jes\u00fas Vico","article_publisher":"https:\/\/www.facebook.com\/JesusVicoNumismatica","article_published_time":"2025-02-25T11:41:50+00:00","article_modified_time":"2025-02-25T11:42:08+00:00","og_image":[{"width":1080,"height":675,"url":"https:\/\/www.jesusvico.com\/blog\/wp-content\/uploads\/2025\/02\/banner3-3-1080x675-2-2.jpg","type":"image\/jpeg"}],"author":"Beatriz Camino Rodr\u00edguez","twitter_card":"summary_large_image","twitter_misc":{"Escrito por":"Beatriz Camino Rodr\u00edguez","Tiempo de lectura":"6 minutos"},"schema":{"@context":"https:\/\/schema.org","@graph":[{"@type":"Article","@id":"https:\/\/www.jesusvico.com\/blog\/la-batalla-de-lugdunum-19-de-febrero-de-197\/#article","isPartOf":{"@id":"https:\/\/www.jesusvico.com\/blog\/la-batalla-de-lugdunum-19-de-febrero-de-197\/"},"author":{"name":"Beatriz Camino Rodr\u00edguez","@id":"https:\/\/www.jesusvico.com\/blog\/#\/schema\/person\/387cca63b8a523b97f8417ba2ea4898d"},"headline":"La Batalla de Lugdunum. 19 de febrero de 197","datePublished":"2025-02-25T11:41:50+00:00","dateModified":"2025-02-25T11:42:08+00:00","mainEntityOfPage":{"@id":"https:\/\/www.jesusvico.com\/blog\/la-batalla-de-lugdunum-19-de-febrero-de-197\/"},"wordCount":1242,"publisher":{"@id":"https:\/\/www.jesusvico.com\/blog\/#organization"},"image":{"@id":"https:\/\/www.jesusvico.com\/blog\/la-batalla-de-lugdunum-19-de-febrero-de-197\/#primaryimage"},"thumbnailUrl":"https:\/\/www.jesusvico.com\/blog\/wp-content\/uploads\/2025\/02\/banner3-3-1080x675-2-2.jpg","articleSection":["."],"inLanguage":"es"},{"@type":"WebPage","@id":"https:\/\/www.jesusvico.com\/blog\/la-batalla-de-lugdunum-19-de-febrero-de-197\/","url":"https:\/\/www.jesusvico.com\/blog\/la-batalla-de-lugdunum-19-de-febrero-de-197\/","name":"La Batalla de Lugdunum. 19 de febrero de 197 | Jes\u00fas Vico","isPartOf":{"@id":"https:\/\/www.jesusvico.com\/blog\/#website"},"primaryImageOfPage":{"@id":"https:\/\/www.jesusvico.com\/blog\/la-batalla-de-lugdunum-19-de-febrero-de-197\/#primaryimage"},"image":{"@id":"https:\/\/www.jesusvico.com\/blog\/la-batalla-de-lugdunum-19-de-febrero-de-197\/#primaryimage"},"thumbnailUrl":"https:\/\/www.jesusvico.com\/blog\/wp-content\/uploads\/2025\/02\/banner3-3-1080x675-2-2.jpg","datePublished":"2025-02-25T11:41:50+00:00","dateModified":"2025-02-25T11:42:08+00:00","breadcrumb":{"@id":"https:\/\/www.jesusvico.com\/blog\/la-batalla-de-lugdunum-19-de-febrero-de-197\/#breadcrumb"},"inLanguage":"es","potentialAction":[{"@type":"ReadAction","target":["https:\/\/www.jesusvico.com\/blog\/la-batalla-de-lugdunum-19-de-febrero-de-197\/"]}]},{"@type":"ImageObject","inLanguage":"es","@id":"https:\/\/www.jesusvico.com\/blog\/la-batalla-de-lugdunum-19-de-febrero-de-197\/#primaryimage","url":"https:\/\/www.jesusvico.com\/blog\/wp-content\/uploads\/2025\/02\/banner3-3-1080x675-2-2.jpg","contentUrl":"https:\/\/www.jesusvico.com\/blog\/wp-content\/uploads\/2025\/02\/banner3-3-1080x675-2-2.jpg","width":1080,"height":675},{"@type":"BreadcrumbList","@id":"https:\/\/www.jesusvico.com\/blog\/la-batalla-de-lugdunum-19-de-febrero-de-197\/#breadcrumb","itemListElement":[{"@type":"ListItem","position":1,"name":"Portada","item":"https:\/\/www.jesusvico.com\/blog\/"},{"@type":"ListItem","position":2,"name":"La Batalla de Lugdunum. 19 de febrero de 197"}]},{"@type":"WebSite","@id":"https:\/\/www.jesusvico.com\/blog\/#website","url":"https:\/\/www.jesusvico.com\/blog\/","name":"Jes\u00fas Vico","description":"Blog - Jes\u00fas Vico","publisher":{"@id":"https:\/\/www.jesusvico.com\/blog\/#organization"},"potentialAction":[{"@type":"SearchAction","target":{"@type":"EntryPoint","urlTemplate":"https:\/\/www.jesusvico.com\/blog\/?s={search_term_string}"},"query-input":{"@type":"PropertyValueSpecification","valueRequired":true,"valueName":"search_term_string"}}],"inLanguage":"es"},{"@type":"Organization","@id":"https:\/\/www.jesusvico.com\/blog\/#organization","name":"Jes\u00fas Vico","url":"https:\/\/www.jesusvico.com\/blog\/","logo":{"@type":"ImageObject","inLanguage":"es","@id":"https:\/\/www.jesusvico.com\/blog\/#\/schema\/logo\/image\/","url":"https:\/\/www.jesusvico.com\/blog\/wp-content\/uploads\/2022\/09\/Sin-ti\u0301tulo-1-1.png","contentUrl":"https:\/\/www.jesusvico.com\/blog\/wp-content\/uploads\/2022\/09\/Sin-ti\u0301tulo-1-1.png","width":800,"height":200,"caption":"Jes\u00fas Vico"},"image":{"@id":"https:\/\/www.jesusvico.com\/blog\/#\/schema\/logo\/image\/"},"sameAs":["https:\/\/www.facebook.com\/JesusVicoNumismatica","https:\/\/www.instagram.com\/jesusvico_numismatica"]},{"@type":"Person","@id":"https:\/\/www.jesusvico.com\/blog\/#\/schema\/person\/387cca63b8a523b97f8417ba2ea4898d","name":"Beatriz Camino Rodr\u00edguez","image":{"@type":"ImageObject","inLanguage":"es","@id":"https:\/\/www.jesusvico.com\/blog\/#\/schema\/person\/image\/","url":"https:\/\/secure.gravatar.com\/avatar\/209f7097263408e99625109131235b0ad575b41781a227cf958390d2adc61dbb?s=96&d=mm&r=g","contentUrl":"https:\/\/secure.gravatar.com\/avatar\/209f7097263408e99625109131235b0ad575b41781a227cf958390d2adc61dbb?s=96&d=mm&r=g","caption":"Beatriz Camino Rodr\u00edguez"},"url":"https:\/\/www.jesusvico.com\/blog\/author\/beatriz\/"}]}},"_links":{"self":[{"href":"https:\/\/www.jesusvico.com\/blog\/wp-json\/wp\/v2\/posts\/916","targetHints":{"allow":["GET"]}}],"collection":[{"href":"https:\/\/www.jesusvico.com\/blog\/wp-json\/wp\/v2\/posts"}],"about":[{"href":"https:\/\/www.jesusvico.com\/blog\/wp-json\/wp\/v2\/types\/post"}],"author":[{"embeddable":true,"href":"https:\/\/www.jesusvico.com\/blog\/wp-json\/wp\/v2\/users\/5"}],"replies":[{"embeddable":true,"href":"https:\/\/www.jesusvico.com\/blog\/wp-json\/wp\/v2\/comments?post=916"}],"version-history":[{"count":3,"href":"https:\/\/www.jesusvico.com\/blog\/wp-json\/wp\/v2\/posts\/916\/revisions"}],"predecessor-version":[{"id":920,"href":"https:\/\/www.jesusvico.com\/blog\/wp-json\/wp\/v2\/posts\/916\/revisions\/920"}],"wp:featuredmedia":[{"embeddable":true,"href":"https:\/\/www.jesusvico.com\/blog\/wp-json\/wp\/v2\/media\/917"}],"wp:attachment":[{"href":"https:\/\/www.jesusvico.com\/blog\/wp-json\/wp\/v2\/media?parent=916"}],"wp:term":[{"taxonomy":"category","embeddable":true,"href":"https:\/\/www.jesusvico.com\/blog\/wp-json\/wp\/v2\/categories?post=916"},{"taxonomy":"post_tag","embeddable":true,"href":"https:\/\/www.jesusvico.com\/blog\/wp-json\/wp\/v2\/tags?post=916"}],"curies":[{"name":"wp","href":"https:\/\/api.w.org\/{rel}","templated":true}]}}